{"id":89494,"date":"2025-05-15T19:09:33","date_gmt":"2025-05-15T22:09:33","guid":{"rendered":"https:\/\/wiy.com.br\/noticias\/passar-muito-tempo-sentado-aumenta-risco-de-alzheimer-alerta-estudo\/"},"modified":"2025-05-15T19:09:41","modified_gmt":"2025-05-15T22:09:41","slug":"passar-muito-tempo-sentado-aumenta-risco-de-alzheimer-alerta-estudo","status":"publish","type":"post","link":"https:\/\/wiy.com.br\/noticias\/passar-muito-tempo-sentado-aumenta-risco-de-alzheimer-alerta-estudo\/","title":{"rendered":"Passar muito tempo sentado aumenta risco de Alzheimer, alerta estudo"},"content":{"rendered":"<p> <br \/>\n<\/p>\n<p>Passar longos per\u00edodos sentado ou deitado diariamente pode elevar significativamente o risco de desenvolver Alzheimer, segundo um estudo publicado na revista <em><a href=\"https:\/\/alz-journals.onlinelibrary.wiley.com\/doi\/10.1002\/alz.70157\" target=\"_blank\" rel=\"noreferrer noopener\">Alzheimer&#8217;s &amp; Dementia<\/a><\/em>.<\/p>\n<p>A pesquisa, liderada pelas neurologistas Angela Jefferson, da Universidade Vanderbilt, e Marissa Gogniat, da Universidade de Pittsburgh, acompanhou mais de 400 adultos com 50 anos ou mais ao longo de sete anos.<\/p>\n<h2 class=\"wp-block-heading\" id=\"h-descobertas-do-estudo\">Descobertas do estudo<\/h2>\n<ul>\n<li>Os participantes usaram dispositivos que monitoraram sua atividade f\u00edsica semanalmente.<\/li>\n<li>Ao final do estudo, exames cerebrais e testes cognitivos revelaram que aqueles que passavam mais tempo em comportamento sedent\u00e1rio apresentavam sinais mais acentuados de neurodegenera\u00e7\u00e3o e decl\u00ednio cognitivo \u2014 mesmo quando praticavam exerc\u00edcios regularmente.<\/li>\n<li>\u201cExercitar-se uma vez por dia n\u00e3o \u00e9 suficiente\u201d, alerta Gogniat. \u201c\u00c9 essencial tamb\u00e9m reduzir o tempo total sentado.\u201d <\/li>\n<\/ul>\n<p><strong>Leia mais:<\/strong><\/p>\n<ul>\n<li>Como o Alzheimer afeta o corpo e o c\u00e9rebro do ser humano?<\/li>\n<li>5 sinais na fala que podem indicar Alzheimer<\/li>\n<li>Quem foi pessoa mais jovem j\u00e1 diagnosticada com Alzheimer?<\/li>\n<\/ul>\n<div class=\"wp-block-image\">\n<figure class=\"aligncenter size-large\"><figcaption class=\"wp-element-caption\">O sedentarismo j\u00e1 \u00e9 conhecido por aumentar riscos card\u00edacos; agora, tamb\u00e9m preocupa pela sa\u00fade mental (Imagem: SewCreamStudio\/Shutterstock)<\/figcaption><\/figure>\n<\/div>\n<h2 class=\"wp-block-heading\" id=\"h-fator-genetico-tambem-tem-influencia\">Fator gen\u00e9tico tamb\u00e9m tem influ\u00eancia<\/h2>\n<p>A pesquisa tamb\u00e9m identificou que indiv\u00edduos com o alelo APOE-e4 \u2014 um fator gen\u00e9tico associado ao Alzheimer \u2014 estavam ainda mais vulner\u00e1veis aos efeitos do sedentarismo.<\/p>\n<p>Esses achados refor\u00e7am evid\u00eancias anteriores de que permanecer sentado por mais de 10 horas por dia est\u00e1 relacionado ao aumento do risco de Alzheimer e outras formas de dem\u00eancia. Especialistas recomendam levantar-se a cada 30 minutos para caminhar e manter o c\u00e9rebro saud\u00e1vel.<\/p>\n<p>Al\u00e9m do Alzheimer, o comportamento sedent\u00e1rio j\u00e1 era conhecido por estar ligado a doen\u00e7as cardiovasculares e problemas metab\u00f3licos. Para Angela Jefferson, a mensagem \u00e9 clara: \u201cFazer pausas ao longo do dia e se mover com frequ\u00eancia \u00e9 vital para a sa\u00fade cerebral.\u201d<\/p>\n<div class=\"wp-block-image\">\n<figure class=\"aligncenter size-large\"><img title = \"[Tags]\"loading=\"lazy\" decoding=\"async\" width=\"1024\" height=\"576\" src=\"https:\/\/olhardigital.com.br\/wp-content\/uploads\/2023\/05\/doenca-de-alzheimer-1024x576.jpg\"alt = \"doenca-de-alzheimer-1024x576 Passar muito tempo sentado aumenta risco de Alzheimer, alerta estudo\" class=\"wp-image-525286\" \/><figcaption class=\"wp-element-caption\">Mesmo praticando exerc\u00edcios com certa regularidade, ficar sentado por longos per\u00edodos pode prejudicar a sa\u00fade cerebral &#8211; Imagem: DedMityay \/ Shutterstock.com<\/figcaption><\/figure>\n<\/div>\n<p>O post Passar muito tempo sentado aumenta risco de Alzheimer, alerta estudo apareceu primeiro em Olhar Digital.<\/p>\n<p><br \/>\n<br \/><a href=\"https:\/\/olhardigital.com.br\/2025\/05\/15\/medicina-e-saude\/passar-muito-tempo-sentado-aumenta-risco-de-alzheimer-alerta-estudo\/\">Fonte do Artigo <\/a><br \/>\nTags:<\/p>\n<p><a title=\"Gestor de Tr\u00e1fego\" href=\"https:\/\/www.gestor-de-trafego.com\/\" target=\"_blank\"><strong>Gestor de Tr\u00e1fego<\/strong><\/a><\/p>\n<p><a href=\"https:\/\/wiy.com.br\/noticias\/categoria\/tecnologia\/\">#tecnologia<\/a> <a href=\"https:\/\/wiy.com.br\/noticias\/categoria\/tecnologia\/\">#tecnologias<\/a> <a href=\"https:\/\/wiy.com.br\/noticias\/categoria\/tecnologia\/\">#technology<\/a> <a href=\"https:\/\/wiy.com.br\/noticias\/categoria\/tecnologia\/\">#tecnolog<\/a> <a href=\"https:\/\/wiy.com.br\/noticias\/categoria\/tecnologia\/\">#iphone<\/a> <a href=\"https:\/\/wiy.com.br\/noticias\/categoria\/tecnologia\/\">#informatica<\/a> <a href=\"https:\/\/wiy.com.br\/noticias\/categoria\/tecnologia\/\">#tech<\/a> <a href=\"https:\/\/wiy.com.br\/noticias\/categoria\/tecnologia\/\">#design<\/a> <a href=\"https:\/\/wiy.com.br\/noticias\/categoria\/tecnologia\/\">#samsung<\/a> <a href=\"https:\/\/wiy.com.br\/noticias\/categoria\/tecnologia\/\">#internet<\/a> <a href=\"https:\/\/wiy.com.br\/noticias\/categoria\/tecnologia\/\">#apple<\/a> <a href=\"https:\/\/wiy.com.br\/noticias\/categoria\/tecnologia\/\">#smartphone<\/a> <a href=\"https:\/\/wiy.com.br\/noticias\/categoria\/tecnologia\/\">#seguranca<\/a> <a href=\"https:\/\/wiy.com.br\/noticias\/categoria\/tecnologia\/\">#venezuela<\/a> <a href=\"https:\/\/wiy.com.br\/noticias\/categoria\/tecnologia\/\">#celular<\/a> <a href=\"https:\/\/wiy.com.br\/noticias\/categoria\/tecnologia\/\">#celulares<\/a> <a href=\"https:\/\/wiy.com.br\/noticias\/categoria\/tecnologia\/\">#inovar<\/a> <a href=\"https:\/\/wiy.com.br\/noticias\/categoria\/tecnologia\/\">#qualidade<\/a> <a href=\"https:\/\/wiy.com.br\/noticias\/categoria\/tecnologia\/\">#software<\/a> <a href=\"https:\/\/wiy.com.br\/noticias\/categoria\/tecnologia\/\">#empresas<\/a> <a href=\"https:\/\/wiy.com.br\/noticias\/categoria\/tecnologia\/\">#cursos<\/a> <a href=\"https:\/\/wiy.com.br\/noticias\/categoria\/tecnologia\/\">#engenharia<\/a> <a href=\"https:\/\/wiy.com.br\/noticias\/categoria\/tecnologia\/\">#industria<\/a> <a href=\"https:\/\/wiy.com.br\/noticias\/categoria\/tecnologia\/\">#marketing<\/a> <a href=\"https:\/\/wiy.com.br\/noticias\/categoria\/tecnologia\/\">#ti<\/a> <a href=\"https:\/\/wiy.com.br\/noticias\/categoria\/tecnologia\/\">#tecnoblog<\/a> <a href=\"https:\/\/wiy.com.br\/noticias\/categoria\/tecnologia\/\">#veja<\/a> <a href=\"https:\/\/wiy.com.br\/noticias\/categoria\/tecnologia\/\">#olhardigital<\/a> <a href=\"https:\/\/wiy.com.br\/noticias\/categoria\/tecnologia\/\">#mundodigital<\/a> <a href=\"https:\/\/wiy.com.br\/noticias\/categoria\/tecnologia\/\">#inteligenciaartificial<\/a> <a href=\"https:\/\/wiy.com.br\/criacao-de-sites\/\">#criar site<\/a> <a href=\"https:\/\/wiy.com.br\/criacao-de-sites\/\">#criar site curitiba<\/a> <a href=\"https:\/\/wiy.com.br\/criacao-de-sites\/\">#wiysolutions<\/a><\/p>\n<p><a \n#Passar #muito #tempo #sentado #aumenta #risco #Alzheimer #alerta #estudo\n<\/p>\n","protected":false},"excerpt":{"rendered":"<p>Passar longos per\u00edodos sentado ou deitado diariamente pode elevar significativamente o risco de desenvolver Alzheimer, segundo um estudo publicado na revista Alzheimer&#8217;s &amp; Dementia. A pesquisa, liderada pelas neurologistas Angela Jefferson, da Universidade Vanderbilt, e Marissa Gogniat, da Universidade de Pittsburgh, acompanhou mais de 400 adultos com 50 anos ou mais ao longo de sete [&hellip;]<\/p>\n","protected":false},"author":1,"featured_media":89495,"comment_status":"open","ping_status":"open","sticky":false,"template":"","format":"standard","meta":{"footnotes":""},"categories":[5],"tags":[],"class_list":["post-89494","post","type-post","status-publish","format-standard","has-post-thumbnail","hentry","category-tecnologia"],"_links":{"self":[{"href":"https:\/\/wiy.com.br\/noticias\/wp-json\/wp\/v2\/posts\/89494","targetHints":{"allow":["GET"]}}],"collection":[{"href":"https:\/\/wiy.com.br\/noticias\/wp-json\/wp\/v2\/posts"}],"about":[{"href":"https:\/\/wiy.com.br\/noticias\/wp-json\/wp\/v2\/types\/post"}],"author":[{"embeddable":true,"href":"https:\/\/wiy.com.br\/noticias\/wp-json\/wp\/v2\/users\/1"}],"replies":[{"embeddable":true,"href":"https:\/\/wiy.com.br\/noticias\/wp-json\/wp\/v2\/comments?post=89494"}],"version-history":[{"count":1,"href":"https:\/\/wiy.com.br\/noticias\/wp-json\/wp\/v2\/posts\/89494\/revisions"}],"predecessor-version":[{"id":89496,"href":"https:\/\/wiy.com.br\/noticias\/wp-json\/wp\/v2\/posts\/89494\/revisions\/89496"}],"wp:featuredmedia":[{"embeddable":true,"href":"https:\/\/wiy.com.br\/noticias\/wp-json\/wp\/v2\/media\/89495"}],"wp:attachment":[{"href":"https:\/\/wiy.com.br\/noticias\/wp-json\/wp\/v2\/media?parent=89494"}],"wp:term":[{"taxonomy":"category","embeddable":true,"href":"https:\/\/wiy.com.br\/noticias\/wp-json\/wp\/v2\/categories?post=89494"},{"taxonomy":"post_tag","embeddable":true,"href":"https:\/\/wiy.com.br\/noticias\/wp-json\/wp\/v2\/tags?post=89494"}],"curies":[{"name":"wp","href":"https:\/\/api.w.org\/{rel}","templated":true}]}}