{"id":8920,"date":"2023-02-26T15:26:16","date_gmt":"2023-02-26T18:26:16","guid":{"rendered":"https:\/\/wiy.com.br\/noticias\/a-democracia-e-garantida-pelo-povo-diz-marco-aurelio-sobre-bolsonaro\/"},"modified":"2019-03-08T00:40:40","modified_gmt":"2019-03-08T03:40:40","slug":"a-democracia-e-garantida-pelo-povo-diz-marco-aurelio-sobre-bolsonaro","status":"publish","type":"post","link":"https:\/\/wiy.com.br\/noticias\/a-democracia-e-garantida-pelo-povo-diz-marco-aurelio-sobre-bolsonaro\/","title":{"rendered":"A democracia \u00e9 garantida pelo povo, diz Marco Aur\u00e9lio sobre Bolsonaro"},"content":{"rendered":"<p> <br \/>\n<\/p>\n<p>Bras\u00edlia &#8211; O ministro Marco Aur\u00e9lio Mello, do <a href=\"https:\/\/exame.abril.com.br\/noticias-sobre\/stf\/\"><strong>Supremo Tribunal Federal (STF),<\/strong><\/a> disse \u00e0 reportagem nesta quinta-feira (7), que a democracia \u00e9 garantida pelo povo, e n\u00e3o pela atua\u00e7\u00e3o das For\u00e7as Armadas. Ao participar de evento da Marinha no Rio de Janeiro, <a href=\"https:\/\/exame.abril.com.br\/brasil\/bolsonaro-democracia-e-liberdade-so-existem-quando-forcas-armadas-querem\/\">o presidente Jair Bolsonaro (PSL) afirmou que a democracia e a liberdade s\u00f3 existem &#8220;quando as For\u00e7as Armadas assim o querem&#8221;<\/a>.<\/p>\n<p>&#8220;A democracia \u00e9 garantida pelo povo, pelo funcionamento a contento das institui\u00e7\u00f5es. Isso \u00e9 o que garante a democracia, For\u00e7as Armadas existem para uma possibilidade extravagante numa situa\u00e7\u00e3o de agress\u00e3o externa. Como recurso derradeiro&#8221;, observou o ministro da Suprema Corte, acrescentando ainda que &#8220;se dependermos&#8221; da atua\u00e7\u00e3o das For\u00e7as Armadas &#8220;para termos dias democr\u00e1ticos&#8221;, &#8220;estaremos muito mal&#8221;. &#8220;Se n\u00f3s dependermos para termos dias democr\u00e1ticos da atua\u00e7\u00e3o das For\u00e7as Armadas, n\u00f3s estaremos muito mal. O respaldo maior est\u00e1 nas For\u00e7as Armadas para uma eventualidade&#8221;, completou Marco Aur\u00e9lio.<\/p>\n<p>Com a repercuss\u00e3o gerada, Bolsonaro fez no in\u00edcio da noite uma transmiss\u00e3o ao vivo no Facebook para explicar a declara\u00e7\u00e3o, para a qual convocou o ministro do Gabinete de Seguran\u00e7a Institucional (GSI), Augusto Heleno. Na <em>live<\/em>, o presidente disse que a fala foi levada para &#8220;o lado das mais variadas interpreta\u00e7\u00f5es poss\u00edveis&#8221;. J\u00e1 Heleno afirmou que a declara\u00e7\u00e3o n\u00e3o teve &#8220;nada de pol\u00eamico&#8221;.<\/p>\n<p>&#8220;As suas palavras foram ditas de improviso para uma tropa qualificada e foram colocadas exatamente para aqueles que amam sua p\u00e1tria, vivem diariamente o problema da manuten\u00e7\u00e3o da democracia e da liberdade, caracterizando e exortando para que continuem a fazer o papel que v\u00eam fazendo, de serem guardi\u00f5es da democracia e liberdade&#8221;, disse o ministro do GSI.<\/p>\n<p><br \/>\n<br \/><a href=\"https:\/\/exame.abril.com.br\/brasil\/a-democracia-e-garantida-pelo-povo-diz-marco-aurelio-sobre-bolsonaro\/\">Source link <\/a><\/p>\n","protected":false},"excerpt":{"rendered":"<p>Bras\u00edlia &#8211; O ministro Marco Aur\u00e9lio Mello, do Supremo Tribunal Federal (STF), disse \u00e0 reportagem nesta quinta-feira (7), que a democracia \u00e9 garantida pelo povo, e n\u00e3o pela atua\u00e7\u00e3o das For\u00e7as Armadas. Ao participar de evento da Marinha no Rio de Janeiro, o presidente Jair Bolsonaro (PSL) afirmou que a democracia e a liberdade s\u00f3 [&hellip;]<\/p>\n","protected":false},"author":1,"featured_media":8921,"comment_status":"open","ping_status":"open","sticky":false,"template":"","format":"standard","meta":{"footnotes":""},"categories":[337],"tags":[],"class_list":["post-8920","post","type-post","status-publish","format-standard","has-post-thumbnail","hentry","category-noticias"],"_links":{"self":[{"href":"https:\/\/wiy.com.br\/noticias\/wp-json\/wp\/v2\/posts\/8920","targetHints":{"allow":["GET"]}}],"collection":[{"href":"https:\/\/wiy.com.br\/noticias\/wp-json\/wp\/v2\/posts"}],"about":[{"href":"https:\/\/wiy.com.br\/noticias\/wp-json\/wp\/v2\/types\/post"}],"author":[{"embeddable":true,"href":"https:\/\/wiy.com.br\/noticias\/wp-json\/wp\/v2\/users\/1"}],"replies":[{"embeddable":true,"href":"https:\/\/wiy.com.br\/noticias\/wp-json\/wp\/v2\/comments?post=8920"}],"version-history":[{"count":0,"href":"https:\/\/wiy.com.br\/noticias\/wp-json\/wp\/v2\/posts\/8920\/revisions"}],"wp:featuredmedia":[{"embeddable":true,"href":"https:\/\/wiy.com.br\/noticias\/wp-json\/wp\/v2\/media\/8921"}],"wp:attachment":[{"href":"https:\/\/wiy.com.br\/noticias\/wp-json\/wp\/v2\/media?parent=8920"}],"wp:term":[{"taxonomy":"category","embeddable":true,"href":"https:\/\/wiy.com.br\/noticias\/wp-json\/wp\/v2\/categories?post=8920"},{"taxonomy":"post_tag","embeddable":true,"href":"https:\/\/wiy.com.br\/noticias\/wp-json\/wp\/v2\/tags?post=8920"}],"curies":[{"name":"wp","href":"https:\/\/api.w.org\/{rel}","templated":true}]}}