{"id":88665,"date":"2025-05-03T21:49:21","date_gmt":"2025-05-04T00:49:21","guid":{"rendered":"https:\/\/wiy.com.br\/noticias\/isis-valverde-e-marcus-buaiz-se-casam-em-cerimonia-para-familia-e-amigos\/"},"modified":"2025-05-03T21:49:21","modified_gmt":"2025-05-04T00:49:21","slug":"isis-valverde-e-marcus-buaiz-se-casam-em-cerimonia-para-familia-e-amigos","status":"publish","type":"post","link":"https:\/\/wiy.com.br\/noticias\/isis-valverde-e-marcus-buaiz-se-casam-em-cerimonia-para-familia-e-amigos\/","title":{"rendered":"Isis Valverde e Marcus Buaiz se casam em cerim\u00f4nia para fam\u00edlia e amigos"},"content":{"rendered":"<p> <br \/>\n<\/p>\n<p>A atriz <a href=\"https:\/\/vejasp.abril.com.br\/coluna\/pop\/isis-valverde-e-marcus-buiaiz-sobem-ao-altar-confira-os-looks\/\">Isis Valverde<\/a> e o empres\u00e1rio <strong>Marcus Buaiz<\/strong> se casaram na tarde deste s\u00e1bado (3), em uma cerim\u00f4nia pequena e restrita para fam\u00edlia e amigos, no espa\u00e7o Ville la Rochelle , em Jarinu, no interior de S\u00e3o Paulo. A escolha do local foi inspirada na arquitetura t\u00edpica de vilarejos europeus. \u201cO d\u00e9cor segue uma est\u00e9tica italiana sofisticada, com flores em tons de branco e verde, em harmonia com a arquitetura do local\u201d, conta Dannilo Camargos, respons\u00e1vel por toda a decora\u00e7\u00e3o do casamento.<\/p>\n<figure><img title = \"[Tags]\"decoding=\"async\"alt = \"IMG_9837 Isis Valverde e Marcus Buaiz se casam em cerim\u00f4nia para fam\u00edlia e amigos\" src=\"https:\/\/vejasp.abril.com.br\/wp-content\/uploads\/2025\/05\/IMG_9837.jpg\" \/><figcaption>&lt;span class=&quot;hidden&quot;&gt;&#8211;&lt;\/span&gt;<span class=\"copyright\">Pedro Fonseca\/Divulga\u00e7\u00e3o<\/span><\/figcaption><\/figure>\n<div class=\"ads video-ads\">\n<div class=\"abrAD\" data-format=\"intext_video\"><\/div>\n<\/div>\n<p>Toda a organiza\u00e7\u00e3o e cerimonial ficou a cargo da empresa Babi Leite Eventos. \u00a0Com um vestido sob medida de Vivienne Westwood (1941-2022), Isis disse sim. O modelo Nova Bagatelle, de 1997, da cole\u00e7\u00e3o Vive La Bagatelle, traz um decote drapeado, cintura marcada, com ombros \u00e0 mostra. O look se destaca tamb\u00e9m por sua saia ampla em pregas e uma longa cauda, complementado por um v\u00e9u catedral em tule marfim com acabamento em renda. Nos p\u00e9s sand\u00e1lias Christian Louboutin e tamb\u00e9m j\u00f3ias Gaem e Beatriz Werebe. O styling foi de Tina Kugelmas e a beleza de Henrique Martins.<\/p>\n<figure><img title = \"[Tags]\"decoding=\"async\"alt = \"IMG_9837 Isis Valverde e Marcus Buaiz se casam em cerim\u00f4nia para fam\u00edlia e amigos\" src=\"https:\/\/vejasp.abril.com.br\/wp-content\/uploads\/2025\/05\/IMG_9809.jpg\" \/><figcaption>&lt;span class=&quot;hidden&quot;&gt;&#8211;&lt;\/span&gt;<span class=\"copyright\">Pedro Fonseca\/Divulga\u00e7\u00e3o<\/span><\/figcaption><\/figure>\n<p>J\u00e1 o noivo escolheu terno da marca Boss para as duas ocasi\u00f5es. Ambos foram trazidos da Alemanha pela marca especialmente para a ocasi\u00e3o. Cada pe\u00e7a foi meticulosamente confeccionada com design atemporal e aten\u00e7\u00e3o aos detalhes, oferecendo n\u00e3o apenas estilo, mas tamb\u00e9m uma express\u00e3o de personalidade e bom gosto.<\/p>\n<div class=\"ads post-ads\">\n    <span class=\"title\">Continua ap\u00f3s a publicidade<\/span><\/p>\n<div class=\"abrAD\" data-format=\"intext\"><\/div>\n<\/div>\n<figure><img title = \"[Tags]\"decoding=\"async\"alt = \"IMG_9837 Isis Valverde e Marcus Buaiz se casam em cerim\u00f4nia para fam\u00edlia e amigos\" src=\"https:\/\/vejasp.abril.com.br\/wp-content\/uploads\/2025\/05\/IMG_9812.jpg\" \/><figcaption>&lt;span class=&quot;hidden&quot;&gt;&#8211;&lt;\/span&gt;<span class=\"copyright\">Pedro Fonseca\/Divulga\u00e7\u00e3o<\/span><\/figcaption><\/figure>\n<p>O casamento reuniu amigos do casal como a atriz Sophie Charlotte, o cantor Seu Jorge, al\u00e9m dos padrinhos e madrinhas Thaila Ayala e Renato Goes, Mariana Ximenes, Fabr\u00edcio Boliveira e o cantor Silva, que fez um show especial com m\u00fasica dedicada aos noivos. Na pista, a anima\u00e7\u00e3o ficou por conta do amigo e DJ, Felipe Mar. \u00a0&#8220;O amor s\u00f3 \u00e9 lindo quando encontramos algu\u00e9m que nos transforme no melhor que podemos ser\u201d, disse Isis, emocionada na cerim\u00f4nia, parafraseando M\u00e1rio Quintana.<\/p>\n<p><strong>Os looks da noiva by Vivienne Westwood<\/strong><\/p>\n<p>No pre-wedding, Isis optou por uma vers\u00e3o mini cl\u00e1ssica. O modelo Nova V\u00eanus trouxe corpete de forma assim\u00e9trica em renda marfim, finalizadas com um delicado recorte na borda.<\/p>\n<div class=\"ads post-ads\">\n    <span class=\"title\">Continua ap\u00f3s a publicidade<\/span><\/p>\n<div class=\"abrAD\" data-format=\"intext\"><\/div>\n<\/div>\n<p>Na cerim\u00f4nia, o modelo Nova Bagatelle \u00e9 de 1997, da cole\u00e7\u00e3o Vive La Bagatelle, traz um decote drapeado, cintura marcada, com ombros \u00e0 mostra. O look se destaca tamb\u00e9m por sua saia ampla em pregas e uma longa cauda, complementado por um v\u00e9u catedral em tule marfim com acabamento em renda. Nos p\u00e9s sand\u00e1lias Christian Louboutin e tamb\u00e9m j\u00f3ias Gaem e Beatriz Werebe. O styling foi de Tina Kugelmas e a beleza de Henrique Martins.<\/p>\n<p>No afterparty Isis optou por um vestido longo, com uma silhueta sensual. Apresentado em sua vers\u00e3o nupcial na cole\u00e7\u00e3o de 2020, o vestido tem um decote torcido assim\u00e9trico, com drapeados suaves que caem sobre o corpo e se estendem at\u00e9 uma elegante cauda. Para arrematar o look, Isis usou luvas em renda.<\/p>\n<div id=\"relacionadas\" class=\"block  three_columns\">\n<ul class=\"block-menu\">\n<li data-tab=\"tab-1\" class=\"active\">Relacionadas<\/li>\n<\/ul>\n<div id=\"tab-1\" class=\"block-content active\">\n<ul class=\"relacionadas-s-img\">\n<li class=\"widget-news-item without-thumb with-border\">\n<div class=\"widget-news-info\"><a href=\"\/cultura-lazer\">Cultura &amp; Lazer<\/a><span class=\"widget-news-item-title\"><a href=\"https:\/\/vejasp.abril.com.br\/cultura-lazer\/gregorio-duvivier-vive-esplendor-criativo\/\">Gregorio Duvivier volta aos palcos de SP em pleno esplendor criativo<\/a><\/span><span class=\"widget-news-item-date\">2 Maio 2025 &#8211; 06h05<\/span><\/div>\n<\/li>\n<li class=\"widget-news-item without-thumb with-border\">\n<div class=\"widget-news-info\"><a href=\"\/cultura-lazer\">Cultura &amp; Lazer<\/a><span class=\"widget-news-item-title\"><a href=\"https:\/\/vejasp.abril.com.br\/cultura-lazer\/adriana-varejao-amarelinhas\/\">Adriana Varej\u00e3o: &#8220;N\u00e3o me trato de um fen\u00f4meno&#8221;<\/a><\/span><span class=\"widget-news-item-date\">2 Maio 2025 &#8211; 06h05<\/span><\/div>\n<\/li>\n<li class=\"widget-news-item without-thumb with-border\">\n<div class=\"widget-news-info\"><a href=\"\/cultura-lazer\">Cultura &amp; Lazer<\/a><span class=\"widget-news-item-title\"><a href=\"https:\/\/vejasp.abril.com.br\/cultura-lazer\/teatro-oficina-nelson-rodrigues-senhora-dos-afogados\/\">Teatro Oficina d\u00e1 continuidade a projeto de Z\u00e9 Celso e encena Nelson Rodrigues<\/a><\/span><span class=\"widget-news-item-date\">30 abr 2025 &#8211; 21h04<\/span><\/div>\n<\/li>\n<\/ul>\n<\/div>\n<\/div>\n<div class=\"ads after-text\">\n    <span class=\"title\">Publicidade<\/span><\/p>\n<div class=\"abrAD\" data-format=\"aftertext\" data-mapping=\"intext\"><\/div>\n<\/div>\n<p><br \/>\n<br \/><a href=\"https:\/\/vejasp.abril.com.br\/coluna\/pop\/isis-valverde-e-marcus-buaiz-se-casam-em-cerimonia-para-familia-e-amigos\/\">Fonte do Artigo <\/a><br \/>\nTags:<br \/>\n#loterias #loteriascaixa #megasena #resultadoapostas#noticias #noticiario  #noticia #brasil #noticiascolombia #mundo #esporte #colombia #noticiadeld #ltimasnoticias  #noticiario #noticiasregionales #noticiasdepartamentales #noticiashoy #esportes #noticiaahora #elinformantenoticias #noticiasdeboyac  #esporteinterativo #esportivo #diariodosesportes  #noticiero  #jogodefutebol #jogos #loto #apostas<\/p>\n","protected":false},"excerpt":{"rendered":"<p>A atriz Isis Valverde e o empres\u00e1rio Marcus Buaiz se casaram na tarde deste s\u00e1bado (3), em uma cerim\u00f4nia pequena e restrita para fam\u00edlia e amigos, no espa\u00e7o Ville la Rochelle , em Jarinu, no interior de S\u00e3o Paulo. A escolha do local foi inspirada na arquitetura t\u00edpica de vilarejos europeus. \u201cO d\u00e9cor segue uma [&hellip;]<\/p>\n","protected":false},"author":1,"featured_media":88666,"comment_status":"open","ping_status":"open","sticky":false,"template":"","format":"standard","meta":{"footnotes":""},"categories":[1],"tags":[],"class_list":["post-88665","post","type-post","status-publish","format-standard","has-post-thumbnail","hentry","category-curso-de-copy"],"_links":{"self":[{"href":"https:\/\/wiy.com.br\/noticias\/wp-json\/wp\/v2\/posts\/88665","targetHints":{"allow":["GET"]}}],"collection":[{"href":"https:\/\/wiy.com.br\/noticias\/wp-json\/wp\/v2\/posts"}],"about":[{"href":"https:\/\/wiy.com.br\/noticias\/wp-json\/wp\/v2\/types\/post"}],"author":[{"embeddable":true,"href":"https:\/\/wiy.com.br\/noticias\/wp-json\/wp\/v2\/users\/1"}],"replies":[{"embeddable":true,"href":"https:\/\/wiy.com.br\/noticias\/wp-json\/wp\/v2\/comments?post=88665"}],"version-history":[{"count":0,"href":"https:\/\/wiy.com.br\/noticias\/wp-json\/wp\/v2\/posts\/88665\/revisions"}],"wp:featuredmedia":[{"embeddable":true,"href":"https:\/\/wiy.com.br\/noticias\/wp-json\/wp\/v2\/media\/88666"}],"wp:attachment":[{"href":"https:\/\/wiy.com.br\/noticias\/wp-json\/wp\/v2\/media?parent=88665"}],"wp:term":[{"taxonomy":"category","embeddable":true,"href":"https:\/\/wiy.com.br\/noticias\/wp-json\/wp\/v2\/categories?post=88665"},{"taxonomy":"post_tag","embeddable":true,"href":"https:\/\/wiy.com.br\/noticias\/wp-json\/wp\/v2\/tags?post=88665"}],"curies":[{"name":"wp","href":"https:\/\/api.w.org\/{rel}","templated":true}]}}