{"id":88101,"date":"2025-02-21T17:55:22","date_gmt":"2025-02-21T20:55:22","guid":{"rendered":"https:\/\/wiy.com.br\/noticias\/moraes-encerra-conta-no-x-um-dia-apos-multar-rede-social\/"},"modified":"2025-02-21T17:55:33","modified_gmt":"2025-02-21T20:55:33","slug":"moraes-encerra-conta-no-x-um-dia-apos-multar-rede-social","status":"publish","type":"post","link":"https:\/\/wiy.com.br\/noticias\/moraes-encerra-conta-no-x-um-dia-apos-multar-rede-social\/","title":{"rendered":"Moraes encerra conta no X um dia ap\u00f3s multar rede social"},"content":{"rendered":"<p> <br \/>\n<\/p>\n<p>O ministro do Supremo Tribunal Federal (STF) <strong>Alexandre de Moraes<\/strong> n\u00e3o tem mais uma conta na rede social <strong>X<\/strong> (antigo Twitter). O perfil foi desativado nesta sexta-feira (21) a pedido do pr\u00f3prio magistrado, segundo informou o STF <a href=\"https:\/\/g1.globo.com\/politica\/noticia\/2025\/02\/21\/conta-de-alexandre-de-moraes-e-desativada-na-rede-social-x.ghtml\" target=\"_blank\" rel=\"noreferrer noopener\">ao site g1<\/a>, mas sem detalhes do motivo.<\/p>\n<p>Moraes j\u00e1 n\u00e3o era ativo na plataforma desde janeiro de 2024, e, de acordo com apura\u00e7\u00e3o da TV Globo, ele n\u00e3o pretende migrar para outra <strong>rede social<\/strong>. O perfil criado em 2017, agora, exibe a seguinte mensagem: &#8220;Essa conta n\u00e3o existe. Tente buscar outro(a)\u201d.<\/p>\n<p>Ao g1, a representa\u00e7\u00e3o do X no Brasil explicou que a plataforma emite avisos espec\u00edficos em casos de exclus\u00e3o ou bloqueio da conta por <strong>decis\u00e3o da rede social <\/strong>\u2014 o que n\u00e3o se enquadra no caso do magistrado.<\/p>\n<div class=\"wp-block-image\">\n<figure class=\"aligncenter size-large\"><figcaption class=\"wp-element-caption\">Conta foi desativada por decis\u00e3o do pr\u00f3prio ministro do STF (Imagem: Reprodu\u00e7\u00e3o)<\/figcaption><\/figure>\n<\/div>\n<p>No ano passado, a rede social ficou bloqueada por mais de um m\u00eas por ordem de Moraes ap\u00f3s o descumprimento de uma s\u00e9rie de a\u00e7\u00f5es judiciais do Supremo. \u00c0 \u00e9poca, o X pagou quase <strong>R$ 30 milh\u00f5es <\/strong>em multas.<\/p>\n<p><strong>Leia Mais:<\/strong><\/p>\n<ul>\n<li>Moraes determina que Rumble indique um representante legal no Brasil<\/li>\n<li><a href=\"o que \u00e9 a rede social \u201cconservadora\u201d que est\u00e1 processando Alexandre de Moraes\" target=\"_blank\" rel=\"noreferrer noopener\">Rumble: o que \u00e9 a rede social \u201cconservadora\u201d que est\u00e1 processando Alexandre de Moraes<\/a><\/li>\n<li>X negocia para levantar US$ 44 bilh\u00f5es com investidores<\/li>\n<\/ul>\n<h2 class=\"wp-block-heading\" id=\"h-relacao-com-rede-de-elon-musk-nao-e-pacifica\">Rela\u00e7\u00e3o com rede de Elon Musk n\u00e3o \u00e9 pac\u00edfica<\/h2>\n<p>A exclus\u00e3o da conta ocorre um dia depois de o ministro do STF multar o X em R$ 8,1 milh\u00f5es por um caso envolvendo Allan dos Santos, que foi acusado de divulgar na plataforma conversas falsas atribu\u00eddas a uma jornalista.\u00a0<\/p>\n<div class=\"wp-block-image\">\n<figure class=\"aligncenter size-large\"><img title = \"[Tags]\"loading=\"lazy\" decoding=\"async\" width=\"1024\" height=\"576\" src=\"https:\/\/olhardigital.com.br\/wp-content\/uploads\/2025\/02\/Destaque-Elon-Musk-13-de-fevereiro-1024x576.jpg\"alt = \"Destaque-Elon-Musk-13-de-fevereiro-1024x576 Moraes encerra conta no X um dia ap\u00f3s multar rede social\" class=\"wp-image-1055048\" \/><figcaption class=\"wp-element-caption\">Moraes j\u00e1 bloqueou X por mais de um m\u00eas no Brasil (Imagem: Frederic Legrand\/Shutterstock)<\/figcaption><\/figure>\n<\/div>\n<p>A plataforma atrasou a exclus\u00e3o do perfil do blogueiro mesmo ap\u00f3s decis\u00e3o judicial de outubro do ano passado. O X \u2014 que perdeu todos os recursos no caso \u2014 diz que as informa\u00e7\u00f5es cadastrais n\u00e3o foram enviadas \u00e0 Corte porque n\u00e3o armazena os dados.&nbsp;<\/p>\n<p>Nesta semana, Moraes foi processado pelo grupo de comunica\u00e7\u00e3o do presidente dos Estados Unidos, Donald Trump, e a plataforma de v\u00eddeos Rumble. A a\u00e7\u00e3o protocolada em um tribunal da Fl\u00f3rida acusa o ministro de censura por bloquear diversas contas de usu\u00e1rios, incluindo um \u201cmuito conhecido\u201d.<\/p>\n<p>O post Moraes encerra conta no X um dia ap\u00f3s multar rede social apareceu primeiro em Olhar Digital.<\/p>\n<p><br \/>\n<br \/><a href=\"https:\/\/olhardigital.com.br\/2025\/02\/21\/pro\/moraes-encerra-conta-no-x-um-dia-apos-multar-rede-social\/\">Fonte do Artigo <\/a><br \/>\nTags:<\/p>\n<p><a title=\"Gestor de Tr\u00e1fego\" href=\"https:\/\/www.gestor-de-trafego.com\/\" target=\"_blank\"><strong>Gestor de Tr\u00e1fego<\/strong><\/a><\/p>\n<p><a href=\"https:\/\/wiy.com.br\/noticias\/categoria\/tecnologia\/\">#tecnologia<\/a> <a href=\"https:\/\/wiy.com.br\/noticias\/categoria\/tecnologia\/\">#tecnologias<\/a> <a href=\"https:\/\/wiy.com.br\/noticias\/categoria\/tecnologia\/\">#technology<\/a> <a href=\"https:\/\/wiy.com.br\/noticias\/categoria\/tecnologia\/\">#tecnolog<\/a> <a href=\"https:\/\/wiy.com.br\/noticias\/categoria\/tecnologia\/\">#iphone<\/a> <a href=\"https:\/\/wiy.com.br\/noticias\/categoria\/tecnologia\/\">#informatica<\/a> <a href=\"https:\/\/wiy.com.br\/noticias\/categoria\/tecnologia\/\">#tech<\/a> <a href=\"https:\/\/wiy.com.br\/noticias\/categoria\/tecnologia\/\">#design<\/a> <a href=\"https:\/\/wiy.com.br\/noticias\/categoria\/tecnologia\/\">#samsung<\/a> <a href=\"https:\/\/wiy.com.br\/noticias\/categoria\/tecnologia\/\">#internet<\/a> <a href=\"https:\/\/wiy.com.br\/noticias\/categoria\/tecnologia\/\">#apple<\/a> <a href=\"https:\/\/wiy.com.br\/noticias\/categoria\/tecnologia\/\">#smartphone<\/a> <a href=\"https:\/\/wiy.com.br\/noticias\/categoria\/tecnologia\/\">#seguranca<\/a> <a href=\"https:\/\/wiy.com.br\/noticias\/categoria\/tecnologia\/\">#venezuela<\/a> <a href=\"https:\/\/wiy.com.br\/noticias\/categoria\/tecnologia\/\">#celular<\/a> <a href=\"https:\/\/wiy.com.br\/noticias\/categoria\/tecnologia\/\">#celulares<\/a> <a href=\"https:\/\/wiy.com.br\/noticias\/categoria\/tecnologia\/\">#inovar<\/a> <a href=\"https:\/\/wiy.com.br\/noticias\/categoria\/tecnologia\/\">#qualidade<\/a> <a href=\"https:\/\/wiy.com.br\/noticias\/categoria\/tecnologia\/\">#software<\/a> <a href=\"https:\/\/wiy.com.br\/noticias\/categoria\/tecnologia\/\">#empresas<\/a> <a href=\"https:\/\/wiy.com.br\/noticias\/categoria\/tecnologia\/\">#cursos<\/a> <a href=\"https:\/\/wiy.com.br\/noticias\/categoria\/tecnologia\/\">#engenharia<\/a> <a href=\"https:\/\/wiy.com.br\/noticias\/categoria\/tecnologia\/\">#industria<\/a> <a href=\"https:\/\/wiy.com.br\/noticias\/categoria\/tecnologia\/\">#marketing<\/a> <a href=\"https:\/\/wiy.com.br\/noticias\/categoria\/tecnologia\/\">#ti<\/a> <a href=\"https:\/\/wiy.com.br\/noticias\/categoria\/tecnologia\/\">#tecnoblog<\/a> <a href=\"https:\/\/wiy.com.br\/noticias\/categoria\/tecnologia\/\">#veja<\/a> <a href=\"https:\/\/wiy.com.br\/noticias\/categoria\/tecnologia\/\">#olhardigital<\/a> <a href=\"https:\/\/wiy.com.br\/noticias\/categoria\/tecnologia\/\">#mundodigital<\/a> <a href=\"https:\/\/wiy.com.br\/noticias\/categoria\/tecnologia\/\">#inteligenciaartificial<\/a> <a href=\"https:\/\/wiy.com.br\/criacao-de-sites\/\">#criar site<\/a> <a href=\"https:\/\/wiy.com.br\/criacao-de-sites\/\">#criar site curitiba<\/a> <a href=\"https:\/\/wiy.com.br\/criacao-de-sites\/\">#wiysolutions<\/a><\/p>\n<p><a \n#Moraes #encerra #conta #dia #ap\u00f3s #multar #rede #social\n<\/p>\n","protected":false},"excerpt":{"rendered":"<p>O ministro do Supremo Tribunal Federal (STF) Alexandre de Moraes n\u00e3o tem mais uma conta na rede social X (antigo Twitter). O perfil foi desativado nesta sexta-feira (21) a pedido do pr\u00f3prio magistrado, segundo informou o STF ao site g1, mas sem detalhes do motivo. Moraes j\u00e1 n\u00e3o era ativo na plataforma desde janeiro de [&hellip;]<\/p>\n","protected":false},"author":1,"featured_media":88102,"comment_status":"open","ping_status":"open","sticky":false,"template":"","format":"standard","meta":{"footnotes":""},"categories":[5],"tags":[],"class_list":["post-88101","post","type-post","status-publish","format-standard","has-post-thumbnail","hentry","category-tecnologia"],"_links":{"self":[{"href":"https:\/\/wiy.com.br\/noticias\/wp-json\/wp\/v2\/posts\/88101","targetHints":{"allow":["GET"]}}],"collection":[{"href":"https:\/\/wiy.com.br\/noticias\/wp-json\/wp\/v2\/posts"}],"about":[{"href":"https:\/\/wiy.com.br\/noticias\/wp-json\/wp\/v2\/types\/post"}],"author":[{"embeddable":true,"href":"https:\/\/wiy.com.br\/noticias\/wp-json\/wp\/v2\/users\/1"}],"replies":[{"embeddable":true,"href":"https:\/\/wiy.com.br\/noticias\/wp-json\/wp\/v2\/comments?post=88101"}],"version-history":[{"count":1,"href":"https:\/\/wiy.com.br\/noticias\/wp-json\/wp\/v2\/posts\/88101\/revisions"}],"predecessor-version":[{"id":88103,"href":"https:\/\/wiy.com.br\/noticias\/wp-json\/wp\/v2\/posts\/88101\/revisions\/88103"}],"wp:featuredmedia":[{"embeddable":true,"href":"https:\/\/wiy.com.br\/noticias\/wp-json\/wp\/v2\/media\/88102"}],"wp:attachment":[{"href":"https:\/\/wiy.com.br\/noticias\/wp-json\/wp\/v2\/media?parent=88101"}],"wp:term":[{"taxonomy":"category","embeddable":true,"href":"https:\/\/wiy.com.br\/noticias\/wp-json\/wp\/v2\/categories?post=88101"},{"taxonomy":"post_tag","embeddable":true,"href":"https:\/\/wiy.com.br\/noticias\/wp-json\/wp\/v2\/tags?post=88101"}],"curies":[{"name":"wp","href":"https:\/\/api.w.org\/{rel}","templated":true}]}}