{"id":88002,"date":"2025-02-17T19:42:30","date_gmt":"2025-02-17T22:42:30","guid":{"rendered":"https:\/\/wiy.com.br\/noticias\/aviao-sofre-acidente-e-vira-de-ponta-cabeca-no-canada-ha-feridos\/"},"modified":"2025-02-17T19:42:37","modified_gmt":"2025-02-17T22:42:37","slug":"aviao-sofre-acidente-e-vira-de-ponta-cabeca-no-canada-ha-feridos","status":"publish","type":"post","link":"https:\/\/wiy.com.br\/noticias\/aviao-sofre-acidente-e-vira-de-ponta-cabeca-no-canada-ha-feridos\/","title":{"rendered":"Avi\u00e3o sofre acidente e vira de ponta cabe\u00e7a no Canad\u00e1; h\u00e1 feridos"},"content":{"rendered":"<p> <br \/>\n<\/p>\n<p>Nesta segunda-feira (18), <strong>um avi\u00e3o da Delta Air Lines sofreu um acidente e virou de ponta cabe\u00e7a<\/strong>, enquanto pousava no aeroporto de Toronto Pearson, em Toronto (Canad\u00e1).<\/p>\n<p>Segundo informa\u00e7\u00f5es pr\u00e9vias do portal <em><a href=\"https:\/\/www.cp24.com\/local\/peel\/2025\/02\/17\/multiple-people-injured-in-delta-airlines-plane-crash-at-toronto-pearson-paramedics-say\/\" target=\"_blank\" rel=\"noreferrer noopener\">CP24<\/a><\/em>, h\u00e1, ao menos, <strong>oito feridos<\/strong>, conforme informa\u00e7\u00f5es passadas por param\u00e9dicos que est\u00e3o atuando no local do acidente, sendo que <strong>uma crian\u00e7a (retirada de helic\u00f3ptero) e dois adultos est\u00e3o em estado grave<\/strong>.<\/p>\n<p>Em publica\u00e7\u00e3o realizada no X, a equipe do aeroporto informou estar ciente do acidente e que estava verificando o ocorrido. Al\u00e9m disso, em entrevista \u00e0 <em>CTV News<\/em>, respons\u00e1veis do aeroporto informaram que todos os pousos e decolagens foram suspensos.<\/p>\n<p>Veja, abaixo, imagens do avi\u00e3o acidentado:<\/p>\n<\/p>\n<figure class=\"wp-block-embed is-type-rich is-provider-twitter wp-block-embed-twitter\">\n<div class=\"wp-block-embed__wrapper\">\n<blockquote class=\"twitter-tweet\" data-width=\"500\" data-dnt=\"true\">\n<p lang=\"en\" dir=\"ltr\">Video from the Delta plane crash in Toronto <a href=\"\"><\/a> <a href=\"https:\/\/t.co\/eXF7m2khaT\">pic.twitter.com\/eXF7m2khaT<\/a><\/p>\n<p>&mdash; PiQ (@PiQSuite) <a href=\"https:\/\/twitter.com\/PiQSuite\/status\/1891581399641039004?ref_src=twsrc%5Etfw\">February 17, 2025<\/a><\/p><\/blockquote>\n<\/div>\n<\/figure>\n<p>O primeiro-ministro da prov\u00edncia de Ont\u00e1rio, Doug Ford, disse, no X, que est\u00e1 &#8220;<strong>aliviado por n\u00e3o haver mortos ap\u00f3s o incidente em Toronto Pearson<\/strong>. Autoridades da prov\u00edncia est\u00e3o em contato com o aeroporto e as autoridades locais e fornecer\u00e3o qualquer ajuda necess\u00e1ria&#8221;.<\/p>\n<p>Por sua vez, Sarah Patten, da Pol\u00edcia Regional de Peel, em Ont\u00e1rio, afirmou que a maioria dos passageiros saiu ilesa e a apura\u00e7\u00e3o do ocorrido segue em andamento.<\/p>\n<h2 class=\"wp-block-heading\" id=\"h-o-que-se-sabe-sobre-o-acidente-com-o-aviao-da-delta\">O que se sabe sobre o acidente com o avi\u00e3o da Delta<\/h2>\n<ul>\n<li>A aeronave acidentada \u00e9 um Bombardier CRJ-900LR e servia ao voo DL4819, que vinha de Minneapolis (EUA);<\/li>\n<li>Havia 80 passageiros no avi\u00e3o;<\/li>\n<li>A pol\u00edcia local afirmou que, por enquanto, as condi\u00e7\u00f5es do acidente n\u00e3o est\u00e3o claras;<\/li>\n<li>Mas, no momento do ocorrido, nevava e, segundo o portal <em><a href=\"https:\/\/www.mixvale.com.br\/2025\/02\/17\/delta-air-lines-plane-crashes-on-landing-in-toronto-eight-injured-and-emergency-teams-deployed\/\" target=\"_blank\" rel=\"noreferrer noopener\">Mix Vale<\/a><\/em>, \u00e9 poss\u00edvel que as condi\u00e7\u00f5es clim\u00e1ticas tenham contribu\u00eddo para o acidente, pois, nesta \u00e9poca do ano, Toronto costuma enfrentar nevascas fortes, sem contar que a pista do aeroporto estava coberta de neve e gelo.<\/li>\n<\/ul>\n<p>As investiga\u00e7\u00f5es est\u00e3o sendo conduzidas pelo Centro de Seguran\u00e7a no Transporte do Canad\u00e1 (TSB, na sigla em ingl\u00eas).<\/p>\n<p>Ap\u00f3s o acidente, a Delta informou que ativou suas equipes de resposta a crises para prestar assist\u00eancia aos passageiros. Os retidos em Toronto est\u00e3o recebendo suporte log\u00edstico, como remarca\u00e7\u00f5es de voos e acomoda\u00e7\u00f5es na regi\u00e3o.<\/p>\n<\/p>\n<figure class=\"wp-block-embed is-type-rich is-provider-twitter wp-block-embed-twitter\">\n<div class=\"wp-block-embed__wrapper\">\n<blockquote class=\"twitter-tweet\" data-width=\"500\" data-dnt=\"true\">\n<p lang=\"en\" dir=\"ltr\">Toronto Pearson is aware of an incident upon landing involving a Delta Airlines plane arriving from Minneapolis. Emergency teams are responding. All passengers and crew are accounted for.<\/p>\n<p>&mdash; Toronto Pearson (@TorontoPearson) <a href=\"https:\/\/twitter.com\/TorontoPearson\/status\/1891577633747386756?ref_src=twsrc%5Etfw\">February 17, 2025<\/a><\/p><\/blockquote>\n<\/div>\n<\/figure>\n<h2 class=\"wp-block-heading\" id=\"h-acidentes-ocorridos-no-mesmo-aeroporto\">Acidentes ocorridos no mesmo aeroporto<\/h2>\n<p>O aeroporto de Toronto Pearson \u00e9 um dos mais utilizados da Am\u00e9rica do Norte, recebendo mais de 50 milh\u00f5es de passageiros anualmente e foi testemunha de tr\u00eas acidentes at\u00e9 hoje.<\/p>\n<p>O primeiro foi em 2005, quando um Airbus A340, da Air France, derrapou na pista ao pousar durante forte tempestade. Todos os 300 passageiros foram rapidamente evacuados sem ferimentos.<\/p>\n<p>O outro acidente aconteceu em 2017, quando uma aeronave da Sunwing Airlines pegou fogo ap\u00f3s colidir, no solo, com um avi\u00e3o da WestJet. N\u00e3o houve mortos, nem feridos.<\/p>\n<p>Por fim, em 2018, um Boeing 777 da Air Canada fez pouso de emerg\u00eancia no mesmo aeroporto ap\u00f3s problemas mec\u00e2nicos. A aeronave pousou sem grandes problemas ou feridos.<\/p>\n<h2 class=\"wp-block-heading\" id=\"h-como-e-o-bombardier-crj-900lr\">Como \u00e9 o Bombardier CRJ-900LR<\/h2>\n<p>O CRJ-900LR \u00e9 fabricado pela canadense Bombardier e compete diretamente com o Embraer 175 e tem custo mais baixo por assento\/milha. Come\u00e7ou a ser produzido em 1999 e comporta cerca de 80 passageiros. Ele \u00e9 alimentado por dois motores turbofans GE CF34-8C5, alcan\u00e7ando at\u00e9 881 km\/h.<\/p>\n<\/p>\n<div class=\"wp-block-image\">\n<figure class=\"aligncenter size-large\"><figcaption class=\"wp-element-caption\">Avi\u00e3o Bombardier CRJ-900LR, da Delta Air Lines, que se acidentou no Canad\u00e1 nesta segunda-feira (17) (Imagem: Austin Deppe\/Shutterstock)<\/figcaption><\/figure>\n<\/div>\n<h2 class=\"wp-block-heading\" id=\"h-voo-dl4819\">Voo DL4819<\/h2>\n<p>Segundo o portal <em>Flight Radar 24<\/em>, o avi\u00e3o decolou dos EUA \u00e0s 14h37 no hor\u00e1rio de Bras\u00edlia, pousando em Toronto \u00e0s 16h12 no hor\u00e1rio de Bras\u00edlia, quando se acidentou.<\/p>\n<p>O portal, especializado em avia\u00e7\u00e3o, indica, ainda, que o \u00faltimo sinal emitido pela aeronave foi, justamente, \u00e0s 16h12, quando pousou e sofreu o acidente.<\/p>\n<\/p>\n<div class=\"wp-block-image\">\n<figure class=\"aligncenter size-large\"><img title = \"[Tags]\"decoding=\"async\" loading=\"lazy\" width=\"1024\" height=\"546\" src=\"https:\/\/olhardigital.com.br\/wp-content\/uploads\/2025\/02\/flight_radar_voo_capotado_delta-1024x546.png\"alt = \"flight_radar_voo_capotado_delta-1024x546 Avi\u00e3o sofre acidente e vira de ponta cabe\u00e7a no Canad\u00e1; h\u00e1 feridos\" class=\"wp-image-1057869\" \/><figcaption class=\"wp-element-caption\"><em>Flight Radar<\/em> traz trajeto do voo at\u00e9 o acidente (Imagem: Reprodu\u00e7\u00e3o\/Flight Radar 24)<\/figcaption><\/figure>\n<\/div>\n<p><em>Mat\u00e9ria em atualiza\u00e7\u00e3o<\/em><\/p>\n<p>O post Avi\u00e3o sofre acidente e vira de ponta cabe\u00e7a no Canad\u00e1; h\u00e1 feridos apareceu primeiro em Olhar Digital.<\/p>\n<p><script async src=\"https:\/\/platform.twitter.com\/widgets.js\" charset=\"utf-8\"><\/script><br \/>\n<br \/><br \/>\n<br \/><a href=\"https:\/\/olhardigital.com.br\/2025\/02\/17\/carros-e-tecnologia\/aviao-sofre-acidente-e-vira-de-ponta-cabeca-no-canada-ha-feridos\/\">Fonte do Artigo <\/a><br \/>\nTags:<\/p>\n<p><a title=\"Gestor de Tr\u00e1fego\" href=\"https:\/\/www.gestor-de-trafego.com\/\" target=\"_blank\"><strong>Gestor de Tr\u00e1fego<\/strong><\/a><\/p>\n<p><a href=\"https:\/\/wiy.com.br\/noticias\/categoria\/tecnologia\/\">#tecnologia<\/a> <a href=\"https:\/\/wiy.com.br\/noticias\/categoria\/tecnologia\/\">#tecnologias<\/a> <a href=\"https:\/\/wiy.com.br\/noticias\/categoria\/tecnologia\/\">#technology<\/a> <a href=\"https:\/\/wiy.com.br\/noticias\/categoria\/tecnologia\/\">#tecnolog<\/a> <a href=\"https:\/\/wiy.com.br\/noticias\/categoria\/tecnologia\/\">#iphone<\/a> <a href=\"https:\/\/wiy.com.br\/noticias\/categoria\/tecnologia\/\">#informatica<\/a> <a href=\"https:\/\/wiy.com.br\/noticias\/categoria\/tecnologia\/\">#tech<\/a> <a href=\"https:\/\/wiy.com.br\/noticias\/categoria\/tecnologia\/\">#design<\/a> <a href=\"https:\/\/wiy.com.br\/noticias\/categoria\/tecnologia\/\">#samsung<\/a> <a href=\"https:\/\/wiy.com.br\/noticias\/categoria\/tecnologia\/\">#internet<\/a> <a href=\"https:\/\/wiy.com.br\/noticias\/categoria\/tecnologia\/\">#apple<\/a> <a href=\"https:\/\/wiy.com.br\/noticias\/categoria\/tecnologia\/\">#smartphone<\/a> <a href=\"https:\/\/wiy.com.br\/noticias\/categoria\/tecnologia\/\">#seguranca<\/a> <a href=\"https:\/\/wiy.com.br\/noticias\/categoria\/tecnologia\/\">#venezuela<\/a> <a href=\"https:\/\/wiy.com.br\/noticias\/categoria\/tecnologia\/\">#celular<\/a> <a href=\"https:\/\/wiy.com.br\/noticias\/categoria\/tecnologia\/\">#celulares<\/a> <a href=\"https:\/\/wiy.com.br\/noticias\/categoria\/tecnologia\/\">#inovar<\/a> <a href=\"https:\/\/wiy.com.br\/noticias\/categoria\/tecnologia\/\">#qualidade<\/a> <a href=\"https:\/\/wiy.com.br\/noticias\/categoria\/tecnologia\/\">#software<\/a> <a href=\"https:\/\/wiy.com.br\/noticias\/categoria\/tecnologia\/\">#empresas<\/a> <a href=\"https:\/\/wiy.com.br\/noticias\/categoria\/tecnologia\/\">#cursos<\/a> <a href=\"https:\/\/wiy.com.br\/noticias\/categoria\/tecnologia\/\">#engenharia<\/a> <a href=\"https:\/\/wiy.com.br\/noticias\/categoria\/tecnologia\/\">#industria<\/a> <a href=\"https:\/\/wiy.com.br\/noticias\/categoria\/tecnologia\/\">#marketing<\/a> <a href=\"https:\/\/wiy.com.br\/noticias\/categoria\/tecnologia\/\">#ti<\/a> <a href=\"https:\/\/wiy.com.br\/noticias\/categoria\/tecnologia\/\">#tecnoblog<\/a> <a href=\"https:\/\/wiy.com.br\/noticias\/categoria\/tecnologia\/\">#veja<\/a> <a href=\"https:\/\/wiy.com.br\/noticias\/categoria\/tecnologia\/\">#olhardigital<\/a> <a href=\"https:\/\/wiy.com.br\/noticias\/categoria\/tecnologia\/\">#mundodigital<\/a> <a href=\"https:\/\/wiy.com.br\/noticias\/categoria\/tecnologia\/\">#inteligenciaartificial<\/a> <a href=\"https:\/\/wiy.com.br\/criacao-de-sites\/\">#criar site<\/a> <a href=\"https:\/\/wiy.com.br\/criacao-de-sites\/\">#criar site curitiba<\/a> <a href=\"https:\/\/wiy.com.br\/criacao-de-sites\/\">#wiysolutions<\/a><\/p>\n<p><a \n#Avi\u00e3o #sofre #acidente #vira #ponta #cabe\u00e7a #Canad\u00e1 #h\u00e1 #feridos\n<\/p>\n","protected":false},"excerpt":{"rendered":"<p>Nesta segunda-feira (18), um avi\u00e3o da Delta Air Lines sofreu um acidente e virou de ponta cabe\u00e7a, enquanto pousava no aeroporto de Toronto Pearson, em Toronto (Canad\u00e1). Segundo informa\u00e7\u00f5es pr\u00e9vias do portal CP24, h\u00e1, ao menos, oito feridos, conforme informa\u00e7\u00f5es passadas por param\u00e9dicos que est\u00e3o atuando no local do acidente, sendo que uma crian\u00e7a (retirada [&hellip;]<\/p>\n","protected":false},"author":1,"featured_media":88003,"comment_status":"open","ping_status":"open","sticky":false,"template":"","format":"standard","meta":{"footnotes":""},"categories":[5],"tags":[],"class_list":["post-88002","post","type-post","status-publish","format-standard","has-post-thumbnail","hentry","category-tecnologia"],"_links":{"self":[{"href":"https:\/\/wiy.com.br\/noticias\/wp-json\/wp\/v2\/posts\/88002","targetHints":{"allow":["GET"]}}],"collection":[{"href":"https:\/\/wiy.com.br\/noticias\/wp-json\/wp\/v2\/posts"}],"about":[{"href":"https:\/\/wiy.com.br\/noticias\/wp-json\/wp\/v2\/types\/post"}],"author":[{"embeddable":true,"href":"https:\/\/wiy.com.br\/noticias\/wp-json\/wp\/v2\/users\/1"}],"replies":[{"embeddable":true,"href":"https:\/\/wiy.com.br\/noticias\/wp-json\/wp\/v2\/comments?post=88002"}],"version-history":[{"count":1,"href":"https:\/\/wiy.com.br\/noticias\/wp-json\/wp\/v2\/posts\/88002\/revisions"}],"predecessor-version":[{"id":88004,"href":"https:\/\/wiy.com.br\/noticias\/wp-json\/wp\/v2\/posts\/88002\/revisions\/88004"}],"wp:featuredmedia":[{"embeddable":true,"href":"https:\/\/wiy.com.br\/noticias\/wp-json\/wp\/v2\/media\/88003"}],"wp:attachment":[{"href":"https:\/\/wiy.com.br\/noticias\/wp-json\/wp\/v2\/media?parent=88002"}],"wp:term":[{"taxonomy":"category","embeddable":true,"href":"https:\/\/wiy.com.br\/noticias\/wp-json\/wp\/v2\/categories?post=88002"},{"taxonomy":"post_tag","embeddable":true,"href":"https:\/\/wiy.com.br\/noticias\/wp-json\/wp\/v2\/tags?post=88002"}],"curies":[{"name":"wp","href":"https:\/\/api.w.org\/{rel}","templated":true}]}}