{"id":87829,"date":"2025-02-03T19:13:43","date_gmt":"2025-02-03T22:13:43","guid":{"rendered":"https:\/\/wiy.com.br\/noticias\/quadrado-no-chao-de-marte-marca-alienigena-ou-ilusao-de-otica\/"},"modified":"2025-02-03T19:13:53","modified_gmt":"2025-02-03T22:13:53","slug":"quadrado-no-chao-de-marte-marca-alienigena-ou-ilusao-de-otica","status":"publish","type":"post","link":"https:\/\/wiy.com.br\/noticias\/quadrado-no-chao-de-marte-marca-alienigena-ou-ilusao-de-otica\/","title":{"rendered":"Quadrado no ch\u00e3o de Marte: marca alien\u00edgena ou ilus\u00e3o de \u00f3tica?"},"content":{"rendered":"<p> <br \/>\n<\/p>\n<p>No \u00faltimo fim de semana, uma imagem capturada pela Sonda Global de Marte (<a href=\"https:\/\/science.nasa.gov\/mission\/mars-global-surveyor\/\" target=\"_blank\" rel=\"noreferrer noopener sponsored nofollow\">MGS<\/a>), da NASA, causou alvoro\u00e7o nas redes sociais.<\/p>\n<p>A fotografia exibe uma forma\u00e7\u00e3o rochosa aparentemente quadrada na superf\u00edcie do Planeta Vermelho, o que chamou a aten\u00e7\u00e3o de usu\u00e1rios no Reddit. O debate ganhou ainda mais for\u00e7a quando o podcaster Joe Rogan e o empres\u00e1rio Elon Musk comentaram o assunto no X (antigo Twitter), gerando uma onda de especula\u00e7\u00f5es.<\/p>\n<figure class=\"wp-block-embed is-type-rich is-provider-reddit wp-block-embed-reddit\">\n<div class=\"wp-block-embed__wrapper\">\n<blockquote class=\"reddit-embed-bq\" style=\"height:500px\"><p><a href=\"https:\/\/www.reddit.com\/r\/Mars\/comments\/1if3ki8\/a_square_structure_on_mars\/\">A square structure on Mars<\/a><br \/> by<a href=\"https:\/\/www.reddit.com\/user\/NXGZ\/\">u\/NXGZ<\/a> in<a href=\"https:\/\/www.reddit.com\/r\/Mars\/\">Mars<\/a><\/p><\/blockquote>\n<\/div>\n<\/figure>\n<p>Segundo <a href=\"https:\/\/viewer.mars.asu.edu\/planetview\/inst\/moc\/E1000462#T=2&amp;P=E1000462\" target=\"_blank\" rel=\"noreferrer noopener sponsored nofollow\">dados <\/a>da Universidade Estadual do Arizona, nos EUA, a forma\u00e7\u00e3o est\u00e1 localizada em uma \u00e1rea de aproximadamente tr\u00eas km de di\u00e2metro.&nbsp;<\/p>\n<p>De acordo com alguns coment\u00e1rios nas redes sociais, a imagem poderia ser evid\u00eancia de um assentamento alien\u00edgena soterrado em Marte. Mas, apesar do entusiasmo, a explica\u00e7\u00e3o mais prov\u00e1vel para a forma\u00e7\u00e3o n\u00e3o envolve civiliza\u00e7\u00f5es extraterrestres.<\/p>\n<blockquote class=\"twitter-tweet\">\n<p lang=\"en\" dir=\"ltr\">This is fucking WILD. <a href=\"https:\/\/t.co\/ux3LjEEZDd\">https:\/\/t.co\/ux3LjEEZDd<\/a><\/p>\n<p>\u2014 Joe Rogan (@joerogan) <a href=\"https:\/\/twitter.com\/joerogan\/status\/1885497490708840602?ref_src=twsrc%5Etfw\">February 1, 2025<\/a><\/p><\/blockquote>\n<h2 class=\"wp-block-heading\" id=\"h-padrao-pode-ter-sido-formado-por-atividade-geologica-antiga-de-marte\"><strong>Padr\u00e3o pode ter sido formado por atividade geol\u00f3gica antiga de Marte<\/strong><\/h2>\n<p>A natureza frequentemente forma padr\u00f5es geom\u00e9tricos impressionantes. Na Terra, temos exemplos como a Cal\u00e7ada dos Gigantes, na Irlanda, onde colunas de basalto se organizam em hex\u00e1gonos quase perfeitos. H\u00e1 tamb\u00e9m um hex\u00e1gono no polo norte de Saturno, causado por fen\u00f4menos atmosf\u00e9ricos. Portanto, Marte, sendo um planeta com intensa atividade geol\u00f3gica no passado, pode muito bem ter forma\u00e7\u00f5es que parecem artificiais, mas que s\u00e3o completamente naturais.<\/p>\n<p>Al\u00e9m disso, h\u00e1 um fator psicol\u00f3gico que pode estar em jogo: a pareidolia. Esse fen\u00f4meno ocorre quando o c\u00e9rebro humano interpreta padr\u00f5es aleat\u00f3rios como formas familiares. \u00c9 o mesmo efeito que nos faz ver animais nas nuvens ou identificar figuras em sombras.<\/p>\n<p>O astrof\u00edsico Carl Sagan, em seu livro <a href=\"https:\/\/archive.org\/details\/B-001-001-709\" target=\"_blank\" rel=\"noreferrer noopener sponsored nofollow\">\u201cO Mundo Assombrado pelos Dem\u00f4nios\u201d<\/a>, explicou que essa habilidade evolutiva foi essencial para a sobreviv\u00eancia dos primeiros humanos. Se um ancestral enxergasse algo parecido com um predador entre as \u00e1rvores, a rea\u00e7\u00e3o mais segura seria fugir, mesmo que depois aquilo se revelasse apenas um jogo de luz e sombra. Aqueles que hesitavam corriam o risco de n\u00e3o sobreviver. Esse mecanismo continua ativo at\u00e9 hoje, nos fazendo enxergar padr\u00f5es mesmo quando eles n\u00e3o existem.<\/p>\n<figure class=\"wp-block-image size-large\"><figcaption class=\"wp-element-caption\">A imagem foi capturada pela c\u00e2mera da Sonda Global de Marte (MGS), da NASA. Cr\u00e9dito: \tNASA\/JPL-Caltech\/Corby Waste<\/figcaption><\/figure>\n<h2 class=\"wp-block-heading\" id=\"h-hipotese-de-construcao-alienigena-ja-foi-derrubada-anteriormente\"><strong>Hip\u00f3tese de constru\u00e7\u00e3o alien\u00edgena j\u00e1 foi derrubada anteriormente<\/strong><\/h2>\n<p>N\u00e3o \u00e9 a primeira vez que supostas evid\u00eancias de vida em Marte geram burburinho. No s\u00e9culo XIX, o astr\u00f4nomo italiano Giovanni Schiaparelli criou mapas do planeta e descreveu certas linhas como <em>canali<\/em>, termo que, ao ser traduzido para o ingl\u00eas como <em>canals <\/em>(canais), gerou a ideia de que seriam constru\u00e7\u00f5es artificiais.<\/p>\n<p>O astr\u00f4nomo Percival Lowell foi um dos que mais defenderam essa teoria, chegando a investir recursos pr\u00f3prios para fotografar os supostos canais em 1907. Para ele, essas estruturas eram evid\u00eancia de uma civiliza\u00e7\u00e3o avan\u00e7ada que tentava sobreviver em Marte.<\/p>\n<p>Embora tenha sido uma hip\u00f3tese fascinante na \u00e9poca, a teoria dos canais marcianos foi desacreditada com o avan\u00e7o da astronomia. Observa\u00e7\u00f5es mais detalhadas mostraram que as linhas eram ilus\u00f5es de \u00f3tica criadas pela combina\u00e7\u00e3o de sombras e imperfei\u00e7\u00f5es nos telesc\u00f3pios da \u00e9poca.<\/p>\n<p>Agora, a hist\u00f3ria se repete com a estrutura quadrada identificada na nova imagem da NASA. Apesar de ser grande o desejo de encontrar sinais de vida em Marte, qualquer descoberta precisa ser rigorosamente analisada antes de se transformar em evid\u00eancia cient\u00edfica. O mais prov\u00e1vel, nesse caso, \u00e9 que estejamos diante de uma curiosa forma\u00e7\u00e3o rochosa \u2013 e de um cl\u00e1ssico exemplo de pareidolia.<\/p>\n<p>O post Quadrado no ch\u00e3o de Marte: marca alien\u00edgena ou ilus\u00e3o de \u00f3tica? apareceu primeiro em Olhar Digital.<\/p>\n<p><script async src=\"https:\/\/platform.twitter.com\/widgets.js\" charset=\"utf-8\"><\/script><br \/>\n<br \/><br \/>\n<br \/><a href=\"https:\/\/olhardigital.com.br\/2025\/02\/03\/ciencia-e-espaco\/quadrado-no-chao-de-marte-marca-alienigena-ou-ilusao-de-otica\/\">Fonte do Artigo <\/a><br \/>\nTags:<\/p>\n<p><a title=\"Gestor de Tr\u00e1fego\" href=\"https:\/\/www.gestor-de-trafego.com\/\" target=\"_blank\"><strong>Gestor de Tr\u00e1fego<\/strong><\/a><\/p>\n<p><a href=\"https:\/\/wiy.com.br\/noticias\/categoria\/tecnologia\/\">#tecnologia<\/a> <a href=\"https:\/\/wiy.com.br\/noticias\/categoria\/tecnologia\/\">#tecnologias<\/a> <a href=\"https:\/\/wiy.com.br\/noticias\/categoria\/tecnologia\/\">#technology<\/a> <a href=\"https:\/\/wiy.com.br\/noticias\/categoria\/tecnologia\/\">#tecnolog<\/a> <a href=\"https:\/\/wiy.com.br\/noticias\/categoria\/tecnologia\/\">#iphone<\/a> <a href=\"https:\/\/wiy.com.br\/noticias\/categoria\/tecnologia\/\">#informatica<\/a> <a href=\"https:\/\/wiy.com.br\/noticias\/categoria\/tecnologia\/\">#tech<\/a> <a href=\"https:\/\/wiy.com.br\/noticias\/categoria\/tecnologia\/\">#design<\/a> <a href=\"https:\/\/wiy.com.br\/noticias\/categoria\/tecnologia\/\">#samsung<\/a> <a href=\"https:\/\/wiy.com.br\/noticias\/categoria\/tecnologia\/\">#internet<\/a> <a href=\"https:\/\/wiy.com.br\/noticias\/categoria\/tecnologia\/\">#apple<\/a> <a href=\"https:\/\/wiy.com.br\/noticias\/categoria\/tecnologia\/\">#smartphone<\/a> <a href=\"https:\/\/wiy.com.br\/noticias\/categoria\/tecnologia\/\">#seguranca<\/a> <a href=\"https:\/\/wiy.com.br\/noticias\/categoria\/tecnologia\/\">#venezuela<\/a> <a href=\"https:\/\/wiy.com.br\/noticias\/categoria\/tecnologia\/\">#celular<\/a> <a href=\"https:\/\/wiy.com.br\/noticias\/categoria\/tecnologia\/\">#celulares<\/a> <a href=\"https:\/\/wiy.com.br\/noticias\/categoria\/tecnologia\/\">#inovar<\/a> <a href=\"https:\/\/wiy.com.br\/noticias\/categoria\/tecnologia\/\">#qualidade<\/a> <a href=\"https:\/\/wiy.com.br\/noticias\/categoria\/tecnologia\/\">#software<\/a> <a href=\"https:\/\/wiy.com.br\/noticias\/categoria\/tecnologia\/\">#empresas<\/a> <a href=\"https:\/\/wiy.com.br\/noticias\/categoria\/tecnologia\/\">#cursos<\/a> <a href=\"https:\/\/wiy.com.br\/noticias\/categoria\/tecnologia\/\">#engenharia<\/a> <a href=\"https:\/\/wiy.com.br\/noticias\/categoria\/tecnologia\/\">#industria<\/a> <a href=\"https:\/\/wiy.com.br\/noticias\/categoria\/tecnologia\/\">#marketing<\/a> <a href=\"https:\/\/wiy.com.br\/noticias\/categoria\/tecnologia\/\">#ti<\/a> <a href=\"https:\/\/wiy.com.br\/noticias\/categoria\/tecnologia\/\">#tecnoblog<\/a> <a href=\"https:\/\/wiy.com.br\/noticias\/categoria\/tecnologia\/\">#veja<\/a> <a href=\"https:\/\/wiy.com.br\/noticias\/categoria\/tecnologia\/\">#olhardigital<\/a> <a href=\"https:\/\/wiy.com.br\/noticias\/categoria\/tecnologia\/\">#mundodigital<\/a> <a href=\"https:\/\/wiy.com.br\/noticias\/categoria\/tecnologia\/\">#inteligenciaartificial<\/a> <a href=\"https:\/\/wiy.com.br\/criacao-de-sites\/\">#criar site<\/a> <a href=\"https:\/\/wiy.com.br\/criacao-de-sites\/\">#criar site curitiba<\/a> <a href=\"https:\/\/wiy.com.br\/criacao-de-sites\/\">#wiysolutions<\/a><\/p>\n<p><a \n#Quadrado #ch\u00e3o #Marte #marca #alien\u00edgena #ilus\u00e3o #\u00f3tica\n<\/p>\n","protected":false},"excerpt":{"rendered":"<p>No \u00faltimo fim de semana, uma imagem capturada pela Sonda Global de Marte (MGS), da NASA, causou alvoro\u00e7o nas redes sociais. A fotografia exibe uma forma\u00e7\u00e3o rochosa aparentemente quadrada na superf\u00edcie do Planeta Vermelho, o que chamou a aten\u00e7\u00e3o de usu\u00e1rios no Reddit. O debate ganhou ainda mais for\u00e7a quando o podcaster Joe Rogan e [&hellip;]<\/p>\n","protected":false},"author":1,"featured_media":87830,"comment_status":"open","ping_status":"open","sticky":false,"template":"","format":"standard","meta":{"footnotes":""},"categories":[5],"tags":[],"class_list":["post-87829","post","type-post","status-publish","format-standard","has-post-thumbnail","hentry","category-tecnologia"],"_links":{"self":[{"href":"https:\/\/wiy.com.br\/noticias\/wp-json\/wp\/v2\/posts\/87829","targetHints":{"allow":["GET"]}}],"collection":[{"href":"https:\/\/wiy.com.br\/noticias\/wp-json\/wp\/v2\/posts"}],"about":[{"href":"https:\/\/wiy.com.br\/noticias\/wp-json\/wp\/v2\/types\/post"}],"author":[{"embeddable":true,"href":"https:\/\/wiy.com.br\/noticias\/wp-json\/wp\/v2\/users\/1"}],"replies":[{"embeddable":true,"href":"https:\/\/wiy.com.br\/noticias\/wp-json\/wp\/v2\/comments?post=87829"}],"version-history":[{"count":1,"href":"https:\/\/wiy.com.br\/noticias\/wp-json\/wp\/v2\/posts\/87829\/revisions"}],"predecessor-version":[{"id":87831,"href":"https:\/\/wiy.com.br\/noticias\/wp-json\/wp\/v2\/posts\/87829\/revisions\/87831"}],"wp:featuredmedia":[{"embeddable":true,"href":"https:\/\/wiy.com.br\/noticias\/wp-json\/wp\/v2\/media\/87830"}],"wp:attachment":[{"href":"https:\/\/wiy.com.br\/noticias\/wp-json\/wp\/v2\/media?parent=87829"}],"wp:term":[{"taxonomy":"category","embeddable":true,"href":"https:\/\/wiy.com.br\/noticias\/wp-json\/wp\/v2\/categories?post=87829"},{"taxonomy":"post_tag","embeddable":true,"href":"https:\/\/wiy.com.br\/noticias\/wp-json\/wp\/v2\/tags?post=87829"}],"curies":[{"name":"wp","href":"https:\/\/api.w.org\/{rel}","templated":true}]}}