{"id":87660,"date":"2025-01-23T03:13:07","date_gmt":"2025-01-23T06:13:07","guid":{"rendered":"https:\/\/wiy.com.br\/noticias\/sabrina-sato-e-nicolas-prattes-se-casam-em-fazenda-de-porto-feliz-famosos-marcam-presenca-sorocaba-e-jundiai\/"},"modified":"2025-01-23T03:13:07","modified_gmt":"2025-01-23T06:13:07","slug":"sabrina-sato-e-nicolas-prattes-se-casam-em-fazenda-de-porto-feliz-famosos-marcam-presenca-sorocaba-e-jundiai","status":"publish","type":"post","link":"https:\/\/wiy.com.br\/noticias\/sabrina-sato-e-nicolas-prattes-se-casam-em-fazenda-de-porto-feliz-famosos-marcam-presenca-sorocaba-e-jundiai\/","title":{"rendered":"Sabrina Sato e Nicolas Prattes se casam em fazenda de Porto Feliz; famosos marcam presen\u00e7a | Sorocaba e Jundia\u00ed"},"content":{"rendered":"<p><\/p>\n<div data-block-type=\"unstyled\" data-block-weight=\"47\">\n<p class=\" content-text__container \" data-track-category=\"Link no Texto\" data-track-links=\"\"> Famosos marcaram presen\u00e7a na cerim\u00f4nia, que come\u00e7ou por volta das 15h, conforme apurado pelo <strong>g1<\/strong>. Entre amigos e familiares, estiveram presentes a atriz <span class=\"highlight\">Fernanda Rodrigues, o cantor J\u00fanior Lima e a esposa M\u00f4nica Benini, a apresentadora e modelo Fernanda Motta, e a produtora de moda Maya Massafera<\/span>. <\/p>\n<\/p><\/div>\n<p> <\/a><\/p>\n","protected":false},"excerpt":{"rendered":"<p>Famosos marcaram presen\u00e7a na cerim\u00f4nia, que come\u00e7ou por volta das 15h, conforme apurado pelo g1. Entre amigos e familiares, estiveram presentes a atriz Fernanda Rodrigues, o cantor J\u00fanior Lima e a esposa M\u00f4nica Benini, a apresentadora e modelo Fernanda Motta, e a produtora de moda Maya Massafera.<\/p>\n","protected":false},"author":1,"featured_media":87661,"comment_status":"open","ping_status":"open","sticky":false,"template":"","format":"standard","meta":{"footnotes":""},"categories":[372],"tags":[],"class_list":["post-87660","post","type-post","status-publish","format-standard","has-post-thumbnail","hentry","category-futebol"],"_links":{"self":[{"href":"https:\/\/wiy.com.br\/noticias\/wp-json\/wp\/v2\/posts\/87660","targetHints":{"allow":["GET"]}}],"collection":[{"href":"https:\/\/wiy.com.br\/noticias\/wp-json\/wp\/v2\/posts"}],"about":[{"href":"https:\/\/wiy.com.br\/noticias\/wp-json\/wp\/v2\/types\/post"}],"author":[{"embeddable":true,"href":"https:\/\/wiy.com.br\/noticias\/wp-json\/wp\/v2\/users\/1"}],"replies":[{"embeddable":true,"href":"https:\/\/wiy.com.br\/noticias\/wp-json\/wp\/v2\/comments?post=87660"}],"version-history":[{"count":0,"href":"https:\/\/wiy.com.br\/noticias\/wp-json\/wp\/v2\/posts\/87660\/revisions"}],"wp:featuredmedia":[{"embeddable":true,"href":"https:\/\/wiy.com.br\/noticias\/wp-json\/wp\/v2\/media\/87661"}],"wp:attachment":[{"href":"https:\/\/wiy.com.br\/noticias\/wp-json\/wp\/v2\/media?parent=87660"}],"wp:term":[{"taxonomy":"category","embeddable":true,"href":"https:\/\/wiy.com.br\/noticias\/wp-json\/wp\/v2\/categories?post=87660"},{"taxonomy":"post_tag","embeddable":true,"href":"https:\/\/wiy.com.br\/noticias\/wp-json\/wp\/v2\/tags?post=87660"}],"curies":[{"name":"wp","href":"https:\/\/api.w.org\/{rel}","templated":true}]}}