{"id":87116,"date":"2024-12-11T03:13:07","date_gmt":"2024-12-11T06:13:07","guid":{"rendered":"https:\/\/wiy.com.br\/noticias\/deputada-negra-diz-que-sofreu-ataques-racistas-e-ameaca-de-morte\/"},"modified":"2024-12-11T03:13:07","modified_gmt":"2024-12-11T06:13:07","slug":"deputada-negra-diz-que-sofreu-ataques-racistas-e-ameaca-de-morte","status":"publish","type":"post","link":"https:\/\/wiy.com.br\/noticias\/deputada-negra-diz-que-sofreu-ataques-racistas-e-ameaca-de-morte\/","title":{"rendered":"Deputada negra diz que sofreu ataques racistas e amea\u00e7a de morte"},"content":{"rendered":"<p><\/p>\n<div>\n<p>A deputada federal Carol Dartora (PT-PR) denunciou ter sido alvo de ataques racistas e de amea\u00e7a de morte. Por meio de uma rede social, Carol disse que as amea\u00e7as se intensificaram nos \u00faltimos dias, com o envio de <em>e-mails <\/em>que teriam o objetivo de \u201ccalar\u201de \u201cintimidar\u201d. As mensagens foram encaminhadas \u00e0 Pol\u00edcia Federal (PF), ao Minist\u00e9rio P\u00fablico Federal (MPF) e \u00e0 Pol\u00edcia Legislativa da C\u00e2mara dos Deputados.<img title = \"[Tags]\"alt = \"ebc Deputada negra diz que sofreu ataques racistas e amea\u00e7a de morte\"decoding=\"async\" src=\"https:\/\/agenciabrasil.ebc.com.br\/ebc.gif?id=1618428&amp;o=node\" style=\"width:1px; height:1px; display:inline;\"\/><\/p>\n<p>\u201cNesta semana, recebi mais um <em>e-mail <\/em>com amea\u00e7as contra a minha vida, mais uma tentativa de me calar e me intimidar\u201d, disse a deputada por meio da rede social X, na \u00faltima sexta-feira (1\u00b0). \u201cOcupar um espa\u00e7o de poder sendo uma mulher negra \u00e9, todos os dias, um ato de resist\u00eancia. Desde o in\u00edcio da minha trajet\u00f3ria como deputada federal, assumi o compromisso de enfrentar desafios e lutar por justi\u00e7a social, direitos humanos e inclus\u00e3o para todas e todos\u201d, acrescentou.<\/p>\n<p>Carol disse que j\u00e1 sabia dos riscos que sua atividade pol\u00edtica poderia acarretar e que continua firme, embora o pre\u00e7o dessa luta tem sido alto, doloroso e, muitas vezes, desumano. &#8220;Nos \u00faltimos meses, venho sendo alvo de uma s\u00e9rie de amea\u00e7as de morte, ataques racistas e mensagens de \u00f3dio \u2013 palavras carregadas de viol\u00eancia que n\u00e3o s\u00f3 ferem, mas colocam minha vida em risco\u201d, desabafou.<\/p>\n<p>Segundo a deputada, as amea\u00e7as e a viol\u00eancia que tem sofrido tamb\u00e9m v\u00eam abalado familiares e amigos, que vivem diariamente com o cora\u00e7\u00e3o apertado, temendo pelo que pode acontecer. &#8220;Essa viol\u00eancia pol\u00edtica \u00e9 cruel, insuport\u00e1vel \u2013 e me adoece\u201d, afirmou.<\/p>\n<p>A deputada tamb\u00e9m disse que ningu\u00e9m deveria passar por esse tipo de situa\u00e7\u00e3o, de temer pela pr\u00f3pria vida, por exercer seu direito de representar a popula\u00e7\u00e3o \u201cNenhuma pessoa deveria passar por isso simplesmente por exercer o direito de representar o povo e acreditar em um\u201dpa\u00eds mais igualit\u00e1rio, onde as diferen\u00e7as s\u00e3o respeitadas e celebradas\u201d.<\/p>\n<p>\u201cCada ataque me lembra do quanto nossa presen\u00e7a e voz incomodam, mas tamb\u00e9m de quanto elas s\u00e3o necess\u00e1rias. Diante dessa tentativa de tortura psicol\u00f3gica, vejo a import\u00e2ncia urgente de pol\u00edticas p\u00fablicas que enfrentem a discrimina\u00e7\u00e3o e protejam quem se coloca na linha de frente por um pa\u00eds melhor. N\u00e3o vamos recuar. A resist\u00eancia \u00e9 o que nos trouxe at\u00e9 aqui, e \u00e9 ela que vai nos levar adiante. Mesmo diante de uma press\u00e3o esmagadora, seguimos firmes, lembrando que cada ato de coragem e cada palavra em defesa da justi\u00e7a s\u00e3o o que alimenta a esperan\u00e7a de uma sociedade onde todas e todos possam viver sem medo, com dignidade e respeito\u201d, acrescentou a deputada em nota compartilhada nas redes sociais.<\/p>\n<p>      <!-- Relacionada --><\/p>\n<p>            <!-- Relacionada -->\n    <\/div>\n<p> <\/a><\/p>\n","protected":false},"excerpt":{"rendered":"<p>A deputada federal Carol Dartora (PT-PR) denunciou ter sido alvo de ataques racistas e de amea\u00e7a de morte. Por meio de uma rede social, Carol disse que as amea\u00e7as se intensificaram nos \u00faltimos dias, com o envio de e-mails que teriam o objetivo de \u201ccalar\u201de \u201cintimidar\u201d. As mensagens foram encaminhadas \u00e0 Pol\u00edcia Federal (PF), ao [&hellip;]<\/p>\n","protected":false},"author":1,"featured_media":87117,"comment_status":"open","ping_status":"open","sticky":false,"template":"","format":"standard","meta":{"footnotes":""},"categories":[372],"tags":[],"class_list":["post-87116","post","type-post","status-publish","format-standard","has-post-thumbnail","hentry","category-futebol"],"_links":{"self":[{"href":"https:\/\/wiy.com.br\/noticias\/wp-json\/wp\/v2\/posts\/87116","targetHints":{"allow":["GET"]}}],"collection":[{"href":"https:\/\/wiy.com.br\/noticias\/wp-json\/wp\/v2\/posts"}],"about":[{"href":"https:\/\/wiy.com.br\/noticias\/wp-json\/wp\/v2\/types\/post"}],"author":[{"embeddable":true,"href":"https:\/\/wiy.com.br\/noticias\/wp-json\/wp\/v2\/users\/1"}],"replies":[{"embeddable":true,"href":"https:\/\/wiy.com.br\/noticias\/wp-json\/wp\/v2\/comments?post=87116"}],"version-history":[{"count":0,"href":"https:\/\/wiy.com.br\/noticias\/wp-json\/wp\/v2\/posts\/87116\/revisions"}],"wp:featuredmedia":[{"embeddable":true,"href":"https:\/\/wiy.com.br\/noticias\/wp-json\/wp\/v2\/media\/87117"}],"wp:attachment":[{"href":"https:\/\/wiy.com.br\/noticias\/wp-json\/wp\/v2\/media?parent=87116"}],"wp:term":[{"taxonomy":"category","embeddable":true,"href":"https:\/\/wiy.com.br\/noticias\/wp-json\/wp\/v2\/categories?post=87116"},{"taxonomy":"post_tag","embeddable":true,"href":"https:\/\/wiy.com.br\/noticias\/wp-json\/wp\/v2\/tags?post=87116"}],"curies":[{"name":"wp","href":"https:\/\/api.w.org\/{rel}","templated":true}]}}