{"id":86574,"date":"2024-10-23T18:05:55","date_gmt":"2024-10-23T21:05:55","guid":{"rendered":"https:\/\/wiy.com.br\/noticias\/airpods-como-aparelhos-auditivos-novidade-da-apple-funciona\/"},"modified":"2024-10-23T18:06:05","modified_gmt":"2024-10-23T21:06:05","slug":"airpods-como-aparelhos-auditivos-novidade-da-apple-funciona","status":"publish","type":"post","link":"https:\/\/wiy.com.br\/noticias\/airpods-como-aparelhos-auditivos-novidade-da-apple-funciona\/","title":{"rendered":"AirPods como aparelhos auditivos: novidade da Apple funciona?"},"content":{"rendered":"<p> <br \/>\n<\/p>\n<p>Recentemente, a rep\u00f3rter de tecnologia Ashley Capoot, da <a href=\"https:\/\/www.cnbc.com\/2024\/10\/21\/apple-hearing-health-review-hearing-aid.html\" target=\"_blank\" rel=\"noreferrer noopener\">CNBC<\/a>, testou os novos recursos de sa\u00fade auditiva dos AirPods Pro 2 da Apple.<\/p>\n<p>Anunciados em um evento em setembro, esses recursos estar\u00e3o dispon\u00edveis em uma atualiza\u00e7\u00e3o gratuita de software. Com eles, os usu\u00e1rios podem realizar um teste de audi\u00e7\u00e3o validado clinicamente e os fones podem funcionar como aparelhos auditivos, se necess\u00e1rio.<\/p>\n<p>Estima-se que mais de 1,5 bilh\u00e3o de pessoas sofram de perda auditiva, e a Apple busca explorar esse mercado com os AirPods Pro 2, que custam US$ 249. Esses fones oferecem uma alternativa acess\u00edvel em compara\u00e7\u00e3o com outros aparelhos auditivos, que podem custar milhares de d\u00f3lares.<\/p>\n<p><strong>Leia mais:<\/strong><\/p>\n<ul>\n<li>Brecha nos AirPods poderia deixar um hacker controlar o que voc\u00ea ouve<\/li>\n<li>Saiba quais s\u00e3o as diferen\u00e7as entre os AirPods da Apple<\/li>\n<li>Meu iPhone vai receber Apple Intelligence? Saiba quais produtos v\u00e3o receber a IA<\/li>\n<\/ul>\n<div class=\"wp-block-image\">\n<figure class=\"aligncenter size-full\"><figcaption class=\"wp-element-caption\">AirPods Pro 2 foram liberados pelas autoridades de sa\u00fade a atuarem como aparelhos auditivos &#8211; Imagem: Apple\/Divulga\u00e7\u00e3o<\/figcaption><\/figure>\n<\/div>\n<p>A configura\u00e7\u00e3o dos novos recursos \u00e9 r\u00e1pida e pode ser feita em casa. O teste de audi\u00e7\u00e3o envolve perguntas simples e a reprodu\u00e7\u00e3o de tons em diferentes volumes. Capoot fez o teste em um ambiente silencioso, e os resultados mostraram que a rep\u00f3rter tem pouca perda auditiva.<\/p>\n<h2 class=\"wp-block-heading\" id=\"h-recurso-ajustado-para-o-nivel-de-perda-auditiva-do-usuario\">Recurso ajustado para o n\u00edvel de perda auditiva do usu\u00e1rio<\/h2>\n<ul>\n<li>Com base nos resultados, ela ativou o recurso &#8220;Assistente de m\u00eddia&#8221;, que ajusta a clareza de chamadas e m\u00fasicas.<\/li>\n<li>Durante as chamadas, foi poss\u00edvel notar que as vozes estavam mais amplificadas, embora as diferen\u00e7as em m\u00fasicas e programas de TV fossem sutis.<\/li>\n<li>Para aqueles com perda auditiva leve a moderada, os AirPods podem ser configurados como aparelhos auditivos, amplificando sons espec\u00edficos em tempo real.<\/li>\n<\/ul>\n<p>Ashley ainda testou a amplifica\u00e7\u00e3o em situa\u00e7\u00f5es cotidianas, como caminhar pela cidade e assistir TV. A experi\u00eancia foi positiva, tornando di\u00e1logos silenciosos mais aud\u00edveis, sem sobrecarga dos sons altos ao meu redor, gra\u00e7as aos recursos de prote\u00e7\u00e3o auditiva.<\/p>\n<p>Capoot termina o relato admitindo que, embora n\u00e3o precise de um aparelho auditivo, a funcionalidade dos AirPods empolgaram e ela dever\u00e1 recomend\u00e1-lo para seus familiares.<\/p>\n<p>Os AirPods Pro 2 se assemelham a fones de ouvido comuns, o que pode torn\u00e1-los uma op\u00e7\u00e3o mais discreta para quem precisa de ajuda auditiva.<\/p>\n<div class=\"wp-block-image\">\n<figure class=\"aligncenter size-full\"><img title = \"[Tags]\"decoding=\"async\" loading=\"lazy\" width=\"1000\" height=\"804\" src=\"https:\/\/img.odcdn.com.br\/wp-content\/uploads\/2022\/11\/AirPods-Pro.jpg\"alt = \"AirPods-Pro AirPods como aparelhos auditivos: novidade da Apple funciona?\" class=\"wp-image-444226\" \/><figcaption class=\"wp-element-caption\">Os AirPods se mostraram eficazes em ajudar usu\u00e1rios que sofrem com perda auditiva &#8211; Imagem: shutterstock\/Djomas<\/figcaption><\/figure>\n<\/div>\n<p>O post AirPods como aparelhos auditivos: novidade da Apple funciona? apareceu primeiro em Olhar Digital.<\/p>\n<p><br \/>\n<br \/><a href=\"https:\/\/olhardigital.com.br\/2024\/10\/23\/medicina-e-saude\/airpods-como-aparelhos-auditivos-novidade-da-apple-funciona\/\">Fonte do Artigo <\/a><br \/>\nTags:<\/p>\n<p><a title=\"Gestor de Tr\u00e1fego\" href=\"https:\/\/www.gestor-de-trafego.com\/\" target=\"_blank\" rel=\"noopener\"><strong>Gestor de Tr\u00e1fego<\/strong><\/a><\/p>\n<p><a href=\"https:\/\/wiy.com.br\/noticias\/categoria\/tecnologia\/\">#tecnologia<\/a> <a href=\"https:\/\/wiy.com.br\/noticias\/categoria\/tecnologia\/\">#tecnologias<\/a> <a href=\"https:\/\/wiy.com.br\/noticias\/categoria\/tecnologia\/\">#technology<\/a> <a href=\"https:\/\/wiy.com.br\/noticias\/categoria\/tecnologia\/\">#tecnolog<\/a> <a href=\"https:\/\/wiy.com.br\/noticias\/categoria\/tecnologia\/\">#iphone<\/a> <a href=\"https:\/\/wiy.com.br\/noticias\/categoria\/tecnologia\/\">#informatica<\/a> <a href=\"https:\/\/wiy.com.br\/noticias\/categoria\/tecnologia\/\">#tech<\/a> <a href=\"https:\/\/wiy.com.br\/noticias\/categoria\/tecnologia\/\">#design<\/a> <a href=\"https:\/\/wiy.com.br\/noticias\/categoria\/tecnologia\/\">#samsung<\/a> <a href=\"https:\/\/wiy.com.br\/noticias\/categoria\/tecnologia\/\">#internet<\/a> <a href=\"https:\/\/wiy.com.br\/noticias\/categoria\/tecnologia\/\">#apple<\/a> <a href=\"https:\/\/wiy.com.br\/noticias\/categoria\/tecnologia\/\">#smartphone<\/a> <a href=\"https:\/\/wiy.com.br\/noticias\/categoria\/tecnologia\/\">#seguranca<\/a> <a href=\"https:\/\/wiy.com.br\/noticias\/categoria\/tecnologia\/\">#venezuela<\/a> <a href=\"https:\/\/wiy.com.br\/noticias\/categoria\/tecnologia\/\">#celular<\/a> <a href=\"https:\/\/wiy.com.br\/noticias\/categoria\/tecnologia\/\">#celulares<\/a> <a href=\"https:\/\/wiy.com.br\/noticias\/categoria\/tecnologia\/\">#inovar<\/a> <a href=\"https:\/\/wiy.com.br\/noticias\/categoria\/tecnologia\/\">#qualidade<\/a> <a href=\"https:\/\/wiy.com.br\/noticias\/categoria\/tecnologia\/\">#software<\/a> <a href=\"https:\/\/wiy.com.br\/noticias\/categoria\/tecnologia\/\">#empresas<\/a> <a href=\"https:\/\/wiy.com.br\/noticias\/categoria\/tecnologia\/\">#cursos<\/a> <a href=\"https:\/\/wiy.com.br\/noticias\/categoria\/tecnologia\/\">#engenharia<\/a> <a href=\"https:\/\/wiy.com.br\/noticias\/categoria\/tecnologia\/\">#industria<\/a> <a href=\"https:\/\/wiy.com.br\/noticias\/categoria\/tecnologia\/\">#marketing<\/a> <a href=\"https:\/\/wiy.com.br\/noticias\/categoria\/tecnologia\/\">#ti<\/a> <a href=\"https:\/\/wiy.com.br\/noticias\/categoria\/tecnologia\/\">#tecnoblog<\/a> <a href=\"https:\/\/wiy.com.br\/noticias\/categoria\/tecnologia\/\">#veja<\/a> <a href=\"https:\/\/wiy.com.br\/noticias\/categoria\/tecnologia\/\">#olhardigital<\/a> <a href=\"https:\/\/wiy.com.br\/noticias\/categoria\/tecnologia\/\">#mundodigital<\/a> <a href=\"https:\/\/wiy.com.br\/noticias\/categoria\/tecnologia\/\">#inteligenciaartificial<\/a> <a href=\"https:\/\/wiy.com.br\/criacao-de-sites\/\">#criar site<\/a> <a href=\"https:\/\/wiy.com.br\/criacao-de-sites\/\">#criar site curitiba<\/a> <a href=\"https:\/\/wiy.com.br\/criacao-de-sites\/\">#wiysolutions<\/a><\/p>\n<p><a \n#AirPods #como #aparelhos #auditivos #novidade #Apple #funciona\n<\/p>\n","protected":false},"excerpt":{"rendered":"<p>Recentemente, a rep\u00f3rter de tecnologia Ashley Capoot, da CNBC, testou os novos recursos de sa\u00fade auditiva dos AirPods Pro 2 da Apple. Anunciados em um evento em setembro, esses recursos estar\u00e3o dispon\u00edveis em uma atualiza\u00e7\u00e3o gratuita de software. Com eles, os usu\u00e1rios podem realizar um teste de audi\u00e7\u00e3o validado clinicamente e os fones podem funcionar [&hellip;]<\/p>\n","protected":false},"author":1,"featured_media":86575,"comment_status":"open","ping_status":"open","sticky":false,"template":"","format":"standard","meta":{"footnotes":""},"categories":[5],"tags":[],"class_list":["post-86574","post","type-post","status-publish","format-standard","has-post-thumbnail","hentry","category-tecnologia"],"_links":{"self":[{"href":"https:\/\/wiy.com.br\/noticias\/wp-json\/wp\/v2\/posts\/86574","targetHints":{"allow":["GET"]}}],"collection":[{"href":"https:\/\/wiy.com.br\/noticias\/wp-json\/wp\/v2\/posts"}],"about":[{"href":"https:\/\/wiy.com.br\/noticias\/wp-json\/wp\/v2\/types\/post"}],"author":[{"embeddable":true,"href":"https:\/\/wiy.com.br\/noticias\/wp-json\/wp\/v2\/users\/1"}],"replies":[{"embeddable":true,"href":"https:\/\/wiy.com.br\/noticias\/wp-json\/wp\/v2\/comments?post=86574"}],"version-history":[{"count":1,"href":"https:\/\/wiy.com.br\/noticias\/wp-json\/wp\/v2\/posts\/86574\/revisions"}],"predecessor-version":[{"id":86576,"href":"https:\/\/wiy.com.br\/noticias\/wp-json\/wp\/v2\/posts\/86574\/revisions\/86576"}],"wp:featuredmedia":[{"embeddable":true,"href":"https:\/\/wiy.com.br\/noticias\/wp-json\/wp\/v2\/media\/86575"}],"wp:attachment":[{"href":"https:\/\/wiy.com.br\/noticias\/wp-json\/wp\/v2\/media?parent=86574"}],"wp:term":[{"taxonomy":"category","embeddable":true,"href":"https:\/\/wiy.com.br\/noticias\/wp-json\/wp\/v2\/categories?post=86574"},{"taxonomy":"post_tag","embeddable":true,"href":"https:\/\/wiy.com.br\/noticias\/wp-json\/wp\/v2\/tags?post=86574"}],"curies":[{"name":"wp","href":"https:\/\/api.w.org\/{rel}","templated":true}]}}