{"id":85820,"date":"2024-09-11T18:01:35","date_gmt":"2024-09-11T21:01:35","guid":{"rendered":"https:\/\/wiy.com.br\/noticias\/chuva-preta-e-registrada-no-rs-entenda-o-fenomeno\/"},"modified":"2024-09-11T18:01:41","modified_gmt":"2024-09-11T21:01:41","slug":"chuva-preta-e-registrada-no-rs-entenda-o-fenomeno","status":"publish","type":"post","link":"https:\/\/wiy.com.br\/noticias\/chuva-preta-e-registrada-no-rs-entenda-o-fenomeno\/","title":{"rendered":"\u201cChuva preta\u201d \u00e9 registrada no RS; entenda o fen\u00f4meno"},"content":{"rendered":"<p> <br \/>\n<\/p>\n<p>Os efeitos das queimadas t\u00eam sido sentido de Norte ao Sul do Brasil. Milh\u00f5es de pessoas est\u00e3o sofrendo com a grande quantidade de fuma\u00e7a liberada pelos inc\u00eandios. Al\u00e9m disso, v\u00e1rias regi\u00f5es do pa\u00eds registraram fen\u00f4menos como o Sol alaranjado e a Lua avermelhada. J\u00e1 no Rio Grande do Sul, moradores avistaram at\u00e9 \u201cchuva preta\u201d. <\/p>\n<h2 class=\"wp-block-heading\" id=\"h-fenomeno-pode-se-repetir-nos-estados-do-sul-do-brasil\"><strong>Fen\u00f4meno pode se repetir nos estados do Sul do Brasil<\/strong><\/h2>\n<ul>\n<li>O estranho fen\u00f4meno foi visto em cidades ga\u00fachas como Pelotas e Arroio Grande. <\/li>\n<li>Os habitantes destes munic\u00edpios relataram que uma \u00e1gua escura simplesmente caiu do c\u00e9u nesta semana.<\/li>\n<li>A ocorr\u00eancia da \u201cchuva preta\u201d havia sido prevista pela empresa de meteorologia <a href=\"https:\/\/metsul.com\/chuva-preta-pode-atingir-o-rio-grande-do-sul-neste-fim-de-semana\/\" target=\"_blank\" rel=\"noreferrer noopener\">MetSul<\/a> e est\u00e1 relacionada com as queimadas no restante do Brasil.<\/li>\n<li>Como h\u00e1\u00a0previs\u00e3o de chuva\u00a0para os pr\u00f3ximos dias, epis\u00f3dios do tipo podem se repetir no Rio Grande do Sul e tamb\u00e9m em Santa Catarina e no Paran\u00e1, dependendo das condi\u00e7\u00f5es locais e da quantidade de fuligem em suspens\u00e3o na\u00a0atmosfera.<\/li>\n<\/ul>\n<blockquote class=\"instagram-media\" data-instgrm-captioned data-instgrm-permalink=\"https:\/\/www.instagram.com\/reel\/C_s-lmXpouD\/?utm_source=ig_embed&amp;utm_campaign=loading\" data-instgrm-version=\"14\" style=\"background:#FFF;border:0;border-radius:3px;margin: 1px;max-width:540px;min-width:326px;padding:0;width:99.375%;width:-webkit-calc(100% - 2px);width:calc(100% - 2px)\">\n<div style=\"padding:16px\"> <a href=\"https:\/\/www.instagram.com\/reel\/C_s-lmXpouD\/?utm_source=ig_embed&amp;utm_campaign=loading\" style=\"background:#FFFFFF;line-height:0;padding:0 0;text-align:center;text-decoration:none;width:100%\" target=\"_blank\" rel=\"noopener\"> <\/p>\n<div style=\"display: flex;flex-direction: row;align-items: center\">\n<div style=\"background-color: #F4F4F4;border-radius: 50%;flex-grow: 0;height: 40px;margin-right: 14px;width: 40px\"><\/div>\n<div style=\"display: flex;flex-direction: column;flex-grow: 1;justify-content: center\">\n<div style=\"background-color: #F4F4F4;border-radius: 4px;flex-grow: 0;height: 14px;margin-bottom: 6px;width: 100px\"><\/div>\n<div style=\"background-color: #F4F4F4;border-radius: 4px;flex-grow: 0;height: 14px;width: 60px\"><\/div>\n<\/div>\n<\/div>\n<div style=\"padding: 19% 0\"><\/div>\n<div style=\"display:block;height:50px;margin:0 auto 12px;width:50px\"><\/div>\n<div style=\"padding-top: 8px\">\n<div style=\"color:#3897f0;font-family:Arial,sans-serif;font-size:14px;font-style:normal;font-weight:550;line-height:18px\">Ver essa foto no Instagram<\/div>\n<\/div>\n<div style=\"padding: 12.5% 0\"><\/div>\n<div style=\"display: flex;flex-direction: row;margin-bottom: 14px;align-items: center\">\n<div>\n<div style=\"background-color: #F4F4F4;border-radius: 50%;height: 12.5px;width: 12.5px\"><\/div>\n<div style=\"background-color: #F4F4F4;height: 12.5px;width: 12.5px;flex-grow: 0;margin-right: 14px;margin-left: 2px\"><\/div>\n<div style=\"background-color: #F4F4F4;border-radius: 50%;height: 12.5px;width: 12.5px\"><\/div>\n<\/div>\n<div style=\"margin-left: 8px\">\n<div style=\"background-color: #F4F4F4;border-radius: 50%;flex-grow: 0;height: 20px;width: 20px\"><\/div>\n<div style=\"width: 0;height: 0;border-top: 2px solid transparent;border-left: 6px solid #f4f4f4;border-bottom: 2px solid transparent\"><\/div>\n<\/div>\n<div style=\"margin-left: auto\">\n<div style=\"width: 0px;border-top: 8px solid #F4F4F4;border-right: 8px solid transparent\"><\/div>\n<div style=\"background-color: #F4F4F4;flex-grow: 0;height: 12px;width: 16px\"><\/div>\n<div style=\"width: 0;height: 0;border-top: 8px solid #F4F4F4;border-left: 8px solid transparent\"><\/div>\n<\/div>\n<\/div>\n<div style=\"display: flex;flex-direction: column;flex-grow: 1;justify-content: center;margin-bottom: 24px\">\n<div style=\"background-color: #F4F4F4;border-radius: 4px;flex-grow: 0;height: 14px;margin-bottom: 6px;width: 224px\"><\/div>\n<div style=\"background-color: #F4F4F4;border-radius: 4px;flex-grow: 0;height: 14px;width: 144px\"><\/div>\n<\/div>\n<p><\/a><\/p>\n<p style=\"color:#c9c8cd;font-family:Arial,sans-serif;font-size:14px;line-height:17px;margin-bottom:0;margin-top:8px;overflow:hidden;padding:8px 0 7px;text-align:center\"><a href=\"https:\/\/www.instagram.com\/reel\/C_s-lmXpouD\/?utm_source=ig_embed&amp;utm_campaign=loading\" style=\"color:#c9c8cd;font-family:Arial,sans-serif;font-size:14px;font-style:normal;font-weight:normal;line-height:17px;text-decoration:none\" target=\"_blank\" rel=\"noopener\">Uma publica\u00e7\u00e3o compartilhada por Dani Moreira (@danimoreira.nutri)<\/a><\/p>\n<\/div>\n<\/blockquote>\n<p><strong>Leia mais<\/strong><\/p>\n<ul>\n<li>Fuma\u00e7a das queimadas na Amaz\u00f4nia pode chegar \u00e0 Argentina e ao Uruguai<\/li>\n<li>Do c\u00e9rebro aos pulm\u00f5es: como as queimadas te afetam por dentro<\/li>\n<li>Consequ\u00eancias das queimadas j\u00e1 chegam at\u00e9 seu prato; entenda<\/li>\n<li>Sol laranja e Lua vermelha: apesar de lindos, esses efeitos s\u00e3o um mau sinal<\/li>\n<\/ul>\n<h3 class=\"wp-block-heading\" id=\"h-o-que-e-a-chuva-preta\"><strong>O que \u00e9 a &#8220;chuva preta&#8221;?<\/strong><\/h3>\n<p>Os cientistas explicam que as queimadas podem n\u00e3o consumir totalmente alguns materiais org\u00e2nicos, como madeira e res\u00edduos agr\u00edcolas. Quando isso acontece, o que \u00e9 chamado de combust\u00e3o incompleta, forma-se um material particulado constitu\u00eddo basicamente por carbono: a famosa fuligem.<\/p>\n<p>Essas part\u00edculas s\u00e3o bastante finas e muito pequenas, com di\u00e2metros medidos em nan\u00f4metros ou mesmo micr\u00f4metros. Isso possibilita que elas fiquem suspensas no ar por longos per\u00edodos, viajando grandes dist\u00e2ncias com as massas de ar.&nbsp;&nbsp;<\/p>\n<div class=\"wp-block-image\">\n<figure class=\"aligncenter size-large\"><figcaption class=\"wp-element-caption\">Fen\u00f4meno \u00e9 consequ\u00eancia das queimadas no Brasil (Imagem: Valter Campanato\/Ag\u00eancia Brasil)<\/figcaption><\/figure>\n<\/div>\n<p>Quando chove em \u00e1reas com grande quantidade de fuligem suspensa no ar, a \u00e1gua deixa de ser incolor e ganha uma colora\u00e7\u00e3o escura. Outras part\u00edculas contaminantes na atmosfera tamb\u00e9m contribuem para o fen\u00f4meno, chamado de \u201cchuva preta\u201d. <\/p>\n<p>Especialistas recomendam que esta \u00e1gua n\u00e3o seja ingerida em nenhuma hip\u00f3tese. Eles destacam que a \u201cchuva preta\u201d cont\u00e9m poluentes que podem afetar negativamente corpos d\u2019\u00e1gua, solos e at\u00e9 a vegeta\u00e7\u00e3o.<\/p>\n<p>O post &#8220;Chuva preta&#8221; \u00e9 registrada no RS; entenda o fen\u00f4meno apareceu primeiro em Olhar Digital.<\/p>\n<p><script async src=\"\/\/www.instagram.com\/embed.js\"><\/script><br \/>\n<br \/><br \/>\n<br \/><a href=\"https:\/\/olhardigital.com.br\/2024\/09\/11\/ciencia-e-espaco\/chuva-preta-e-registrada-no-rs-entenda-o-fenomeno\/\">Fonte do Artigo <\/a><br \/>\nTags:<\/p>\n<p><a title=\"Gestor de Tr\u00e1fego\" href=\"https:\/\/www.gestor-de-trafego.com\/\" target=\"_blank\" rel=\"noopener\"><strong>Gestor de Tr\u00e1fego<\/strong><\/a><\/p>\n<p><a href=\"https:\/\/wiy.com.br\/noticias\/categoria\/tecnologia\/\">#tecnologia<\/a> <a href=\"https:\/\/wiy.com.br\/noticias\/categoria\/tecnologia\/\">#tecnologias<\/a> <a href=\"https:\/\/wiy.com.br\/noticias\/categoria\/tecnologia\/\">#technology<\/a> <a href=\"https:\/\/wiy.com.br\/noticias\/categoria\/tecnologia\/\">#tecnolog<\/a> <a href=\"https:\/\/wiy.com.br\/noticias\/categoria\/tecnologia\/\">#iphone<\/a> <a href=\"https:\/\/wiy.com.br\/noticias\/categoria\/tecnologia\/\">#informatica<\/a> <a href=\"https:\/\/wiy.com.br\/noticias\/categoria\/tecnologia\/\">#tech<\/a> <a href=\"https:\/\/wiy.com.br\/noticias\/categoria\/tecnologia\/\">#design<\/a> <a href=\"https:\/\/wiy.com.br\/noticias\/categoria\/tecnologia\/\">#samsung<\/a> <a href=\"https:\/\/wiy.com.br\/noticias\/categoria\/tecnologia\/\">#internet<\/a> <a href=\"https:\/\/wiy.com.br\/noticias\/categoria\/tecnologia\/\">#apple<\/a> <a href=\"https:\/\/wiy.com.br\/noticias\/categoria\/tecnologia\/\">#smartphone<\/a> <a href=\"https:\/\/wiy.com.br\/noticias\/categoria\/tecnologia\/\">#seguranca<\/a> <a href=\"https:\/\/wiy.com.br\/noticias\/categoria\/tecnologia\/\">#venezuela<\/a> <a href=\"https:\/\/wiy.com.br\/noticias\/categoria\/tecnologia\/\">#celular<\/a> <a href=\"https:\/\/wiy.com.br\/noticias\/categoria\/tecnologia\/\">#celulares<\/a> <a href=\"https:\/\/wiy.com.br\/noticias\/categoria\/tecnologia\/\">#inovar<\/a> <a href=\"https:\/\/wiy.com.br\/noticias\/categoria\/tecnologia\/\">#qualidade<\/a> <a href=\"https:\/\/wiy.com.br\/noticias\/categoria\/tecnologia\/\">#software<\/a> <a href=\"https:\/\/wiy.com.br\/noticias\/categoria\/tecnologia\/\">#empresas<\/a> <a href=\"https:\/\/wiy.com.br\/noticias\/categoria\/tecnologia\/\">#cursos<\/a> <a href=\"https:\/\/wiy.com.br\/noticias\/categoria\/tecnologia\/\">#engenharia<\/a> <a href=\"https:\/\/wiy.com.br\/noticias\/categoria\/tecnologia\/\">#industria<\/a> <a href=\"https:\/\/wiy.com.br\/noticias\/categoria\/tecnologia\/\">#marketing<\/a> <a href=\"https:\/\/wiy.com.br\/noticias\/categoria\/tecnologia\/\">#ti<\/a> <a href=\"https:\/\/wiy.com.br\/noticias\/categoria\/tecnologia\/\">#tecnoblog<\/a> <a href=\"https:\/\/wiy.com.br\/noticias\/categoria\/tecnologia\/\">#veja<\/a> <a href=\"https:\/\/wiy.com.br\/noticias\/categoria\/tecnologia\/\">#olhardigital<\/a> <a href=\"https:\/\/wiy.com.br\/noticias\/categoria\/tecnologia\/\">#mundodigital<\/a> <a href=\"https:\/\/wiy.com.br\/noticias\/categoria\/tecnologia\/\">#inteligenciaartificial<\/a> <a href=\"https:\/\/wiy.com.br\/criacao-de-sites\/\">#criar site<\/a> <a href=\"https:\/\/wiy.com.br\/criacao-de-sites\/\">#criar site curitiba<\/a> <a href=\"https:\/\/wiy.com.br\/criacao-de-sites\/\">#wiysolutions<\/a><\/p>\n<p><a \n#Chuva #preta #registrada #entenda #fen\u00f4meno\n<\/p>\n","protected":false},"excerpt":{"rendered":"<p>Os efeitos das queimadas t\u00eam sido sentido de Norte ao Sul do Brasil. Milh\u00f5es de pessoas est\u00e3o sofrendo com a grande quantidade de fuma\u00e7a liberada pelos inc\u00eandios. Al\u00e9m disso, v\u00e1rias regi\u00f5es do pa\u00eds registraram fen\u00f4menos como o Sol alaranjado e a Lua avermelhada. J\u00e1 no Rio Grande do Sul, moradores avistaram at\u00e9 \u201cchuva preta\u201d. Fen\u00f4meno [&hellip;]<\/p>\n","protected":false},"author":1,"featured_media":85821,"comment_status":"open","ping_status":"open","sticky":false,"template":"","format":"standard","meta":{"footnotes":""},"categories":[5],"tags":[],"class_list":["post-85820","post","type-post","status-publish","format-standard","has-post-thumbnail","hentry","category-tecnologia"],"_links":{"self":[{"href":"https:\/\/wiy.com.br\/noticias\/wp-json\/wp\/v2\/posts\/85820","targetHints":{"allow":["GET"]}}],"collection":[{"href":"https:\/\/wiy.com.br\/noticias\/wp-json\/wp\/v2\/posts"}],"about":[{"href":"https:\/\/wiy.com.br\/noticias\/wp-json\/wp\/v2\/types\/post"}],"author":[{"embeddable":true,"href":"https:\/\/wiy.com.br\/noticias\/wp-json\/wp\/v2\/users\/1"}],"replies":[{"embeddable":true,"href":"https:\/\/wiy.com.br\/noticias\/wp-json\/wp\/v2\/comments?post=85820"}],"version-history":[{"count":1,"href":"https:\/\/wiy.com.br\/noticias\/wp-json\/wp\/v2\/posts\/85820\/revisions"}],"predecessor-version":[{"id":85822,"href":"https:\/\/wiy.com.br\/noticias\/wp-json\/wp\/v2\/posts\/85820\/revisions\/85822"}],"wp:featuredmedia":[{"embeddable":true,"href":"https:\/\/wiy.com.br\/noticias\/wp-json\/wp\/v2\/media\/85821"}],"wp:attachment":[{"href":"https:\/\/wiy.com.br\/noticias\/wp-json\/wp\/v2\/media?parent=85820"}],"wp:term":[{"taxonomy":"category","embeddable":true,"href":"https:\/\/wiy.com.br\/noticias\/wp-json\/wp\/v2\/categories?post=85820"},{"taxonomy":"post_tag","embeddable":true,"href":"https:\/\/wiy.com.br\/noticias\/wp-json\/wp\/v2\/tags?post=85820"}],"curies":[{"name":"wp","href":"https:\/\/api.w.org\/{rel}","templated":true}]}}