{"id":8582,"date":"2023-02-26T15:21:44","date_gmt":"2023-02-26T18:21:44","guid":{"rendered":"https:\/\/wiy.com.br\/noticias\/vinicius-jr-rompe-os-ligamentos-do-tornozelo-direito-e-deve-ser-cortado-da-selecao\/"},"modified":"2019-03-06T10:44:07","modified_gmt":"2019-03-06T13:44:07","slug":"vinicius-jr-rompe-os-ligamentos-do-tornozelo-direito-e-deve-ser-cortado-da-selecao","status":"publish","type":"post","link":"https:\/\/wiy.com.br\/noticias\/vinicius-jr-rompe-os-ligamentos-do-tornozelo-direito-e-deve-ser-cortado-da-selecao\/","title":{"rendered":"Vinicius Jr. rompe os ligamentos do tornozelo direito e deve ser cortado da sele\u00e7\u00e3o"},"content":{"rendered":"<p> <br \/>\n<br \/>MADRI &#8211; Vinicius Junior vive um pesadelo. Ap\u00f3s o Real Madrid ser eliminado da Liga dos Campe\u00f5es, o jogador saiu lesionado do jogo e passou por exames m\u00e9dicos para saber a gravidade. Nesta quarta-feira, o clube comunicou que o atacante teve um&#8230;<br \/>\n<br \/><br \/>\n<br \/><a href=\"https:\/\/oglobo.globo.com\/esportes\/vinicius-jr-rompe-os-ligamentos-do-tornozelo-direito-deve-ser-cortado-da-selecao-23502335\">Source link <\/a><\/p>\n","protected":false},"excerpt":{"rendered":"<p>MADRI &#8211; Vinicius Junior vive um pesadelo. Ap\u00f3s o Real Madrid ser eliminado da Liga dos Campe\u00f5es, o jogador saiu lesionado do jogo e passou por exames m\u00e9dicos para saber a gravidade. Nesta quarta-feira, o clube comunicou que o atacante teve um&#8230; Source link<\/p>\n","protected":false},"author":1,"featured_media":0,"comment_status":"open","ping_status":"open","sticky":false,"template":"","format":"standard","meta":{"footnotes":""},"categories":[337],"tags":[],"class_list":["post-8582","post","type-post","status-publish","format-standard","hentry","category-noticias"],"_links":{"self":[{"href":"https:\/\/wiy.com.br\/noticias\/wp-json\/wp\/v2\/posts\/8582","targetHints":{"allow":["GET"]}}],"collection":[{"href":"https:\/\/wiy.com.br\/noticias\/wp-json\/wp\/v2\/posts"}],"about":[{"href":"https:\/\/wiy.com.br\/noticias\/wp-json\/wp\/v2\/types\/post"}],"author":[{"embeddable":true,"href":"https:\/\/wiy.com.br\/noticias\/wp-json\/wp\/v2\/users\/1"}],"replies":[{"embeddable":true,"href":"https:\/\/wiy.com.br\/noticias\/wp-json\/wp\/v2\/comments?post=8582"}],"version-history":[{"count":0,"href":"https:\/\/wiy.com.br\/noticias\/wp-json\/wp\/v2\/posts\/8582\/revisions"}],"wp:attachment":[{"href":"https:\/\/wiy.com.br\/noticias\/wp-json\/wp\/v2\/media?parent=8582"}],"wp:term":[{"taxonomy":"category","embeddable":true,"href":"https:\/\/wiy.com.br\/noticias\/wp-json\/wp\/v2\/categories?post=8582"},{"taxonomy":"post_tag","embeddable":true,"href":"https:\/\/wiy.com.br\/noticias\/wp-json\/wp\/v2\/tags?post=8582"}],"curies":[{"name":"wp","href":"https:\/\/api.w.org\/{rel}","templated":true}]}}