{"id":85771,"date":"2024-09-09T18:28:11","date_gmt":"2024-09-09T21:28:11","guid":{"rendered":"https:\/\/wiy.com.br\/noticias\/apple-intelligence-divulga-data-de-lancamento-da-ia-em-seus-dispositivos\/"},"modified":"2024-09-09T18:28:21","modified_gmt":"2024-09-09T21:28:21","slug":"apple-intelligence-divulga-data-de-lancamento-da-ia-em-seus-dispositivos","status":"publish","type":"post","link":"https:\/\/wiy.com.br\/noticias\/apple-intelligence-divulga-data-de-lancamento-da-ia-em-seus-dispositivos\/","title":{"rendered":"Apple Intelligence: divulga data de lan\u00e7amento da IA em seus dispositivos"},"content":{"rendered":"<p> <br \/>\n<\/p>\n<p>Durante o evento de lan\u00e7amento do iPhone 16 e outros dispositivos, a Apple anunciou onde e quando disponibilizar\u00e1, inicialmente, o Apple Intelligence, a intelig\u00eancia artificial (IA) da empresa.<\/p>\n<p>Oficialmente, a ma\u00e7\u00e3 come\u00e7ar\u00e1 a liberar a novidade j\u00e1 em outubro, ao lado de atualiza\u00e7\u00f5es de software do iOS 18.1, iPadOS 18.1 e macOS Sequoia 15.1, diferente do Galaxy AI, da Samsung, que foi disponibilizado t\u00e3o logo a linha Galaxy S24 foi lan\u00e7ada.<\/p>\n<p>Em um primeiro momento, apenas alguns recursos iniciais ser\u00e3o disponibilizados, sendo que os demais ser\u00e3o liberados &#8220;nos pr\u00f3ximos meses&#8221;, afirmou a empresa da ma\u00e7\u00e3.<\/p>\n<\/p>\n<div class=\"wp-block-image\">\n<figure class=\"aligncenter size-large\"><figcaption class=\"wp-element-caption\">Siri vai ficar mais intuitiva no iPhone 16 com Apple Intelligence (Imagem: Apple)<\/figcaption><\/figure>\n<\/div>\n<h2 class=\"wp-block-heading\" id=\"h-quais-recursos-do-apple-intelligence-serao-lancados-primeiro\">Quais recursos do Apple Intelligence ser\u00e3o lan\u00e7ados primeiro?<\/h2>\n<ul>\n<li>Enquanto o iPhone 16 foi constru\u00eddo do zero para operar harmoniosamente com o Apple Intelligence, os sistemas operacionais da ma\u00e7\u00e3 tamb\u00e9m est\u00e3o profundamente integrados \u00e0 IA;<\/li>\n<li>Os chips A18 e A18 Pro prometem ser ideais para a tecnologia;<\/li>\n<li>V\u00e1rios recursos que ser\u00e3o oferecidos ser\u00e3o executados diretamente no dispositivo, algo n\u00e3o alcan\u00e7ado por outras marcas \u2013 como a Samsung \u2013, enquanto uma pequena parcela ser\u00e1 executada em servidores da Apple;<\/li>\n<li>Em outubro, ser\u00e3o disponibilizados os seguintes recursos do Apple Intelligence:\n<ul>\n<li>Writing Tools;<\/li>\n<li>Ferramentas do Fotos, como o Mem\u00f3rias, Clean Up e busca por fotos com linguagem natural;<\/li>\n<li>Grava\u00e7\u00e3o, transcri\u00e7\u00e3o e resumo de \u00e1udio envolvendo os apps Notas e Telefone;<\/li>\n<li>Redu\u00e7\u00e3o de Interrup\u00e7\u00f5es;<\/li>\n<li>Mensagens Priorit\u00e1rias e Smart Reply no Mail;<\/li>\n<li>Siri remodelada, com estilo de conversa mais natural e flex\u00edvel, com mais capacidade do que antes.<\/li>\n<\/ul>\n<\/li>\n<\/ul>\n<p>No fim de 2024 e nos meses seguintes de 2025, a Apple promete liberar mais novidades, como Image Playground, Image Wand, ainda mais recursos para a Siri e a integra\u00e7\u00e3o com o ChatGPT.<\/p>\n<p><strong>Leia mais:<\/strong><\/p>\n<ul>\n<li>iPhone: 10 dicas para usar o smartphone de maneira mais eficiente<\/li>\n<li>10 coisas que seu iPhone faz e voc\u00ea n\u00e3o sabia!<\/li>\n<li>Apple anuncia AirPods 4 com cancelamento de ru\u00eddo e novos AirPods Max<\/li>\n<\/ul>\n<div class=\"wp-block-image\">\n<figure class=\"aligncenter size-large\"><img title = \"[Tags]\"loading=\"lazy\" decoding=\"async\" width=\"1024\" height=\"1024\" src=\"https:\/\/img.odcdn.com.br\/wp-content\/uploads\/2024\/09\/Apple-Intelligence-Clean-Up-tool-1024x1024.jpg\"alt = \"Apple-Intelligence-Clean-Up-tool-1024x1024 Apple Intelligence: divulga data de lan\u00e7amento da IA em seus dispositivos\" class=\"wp-image-965535\" \/><figcaption class=\"wp-element-caption\">App Fotos ser\u00e1 bastante afetado pela IA (Imagem: Apple0<\/figcaption><\/figure>\n<\/div>\n<h2 class=\"wp-block-heading\" id=\"h-disponibilidade\">Disponibilidade<\/h2>\n<p>A Apple ressaltou que o Apple Intelligence vir\u00e1 em atualiza\u00e7\u00e3o de software gratuita, sendo que sua primeira libera\u00e7\u00e3o vir\u00e1 como beta dos iOS 18.1, iPadOS 18.1 e macOS Sequoia 15.1.<\/p>\n<p>Os dispositivos liberados para obter os recursos de IA da empresa s\u00e3o iPhone 16, iPhone 16 Plus, iPhone 16 Pro, iPhone 16 Pro Max, iPhone 15 Pro, iPhone 15 Pro Max e iPad e Mac com M1 e posterior.<\/p>\n<p>A tecnologia ser\u00e1 disponibilizada, em um primeiro momento, em ingl\u00eas dos EUA, tendo suporte, a partir de dezembro, para\u00a0ingl\u00eas de Austr\u00e1lia, Canad\u00e1, Nova Zel\u00e2ndia, \u00c1frica do Sul e Reino Unido, com suporte a idiomas adicionais \u2014 como chin\u00eas, franc\u00eas, japon\u00eas e espanhol \u2014 no ano que vem. Portanto, se voc\u00ea quiser usar a Siri mais inteligente em portugu\u00eas, aguarde 2025.<\/p>\n<p>O post Apple Intelligence: divulga data de lan\u00e7amento da IA em seus dispositivos apareceu primeiro em Olhar Digital.<\/p>\n<p><br \/>\n<br \/><a href=\"https:\/\/olhardigital.com.br\/2024\/09\/09\/pro\/apple-intelligence-divulga-data-de-lancamento-da-ia-em-seus-dispositivos\/\">Fonte do Artigo <\/a><br \/>\nTags:<\/p>\n<p><a title=\"Gestor de Tr\u00e1fego\" href=\"https:\/\/www.gestor-de-trafego.com\/\" target=\"_blank\" rel=\"noopener\"><strong>Gestor de Tr\u00e1fego<\/strong><\/a><\/p>\n<p><a href=\"https:\/\/wiy.com.br\/noticias\/categoria\/tecnologia\/\">#tecnologia<\/a> <a href=\"https:\/\/wiy.com.br\/noticias\/categoria\/tecnologia\/\">#tecnologias<\/a> <a href=\"https:\/\/wiy.com.br\/noticias\/categoria\/tecnologia\/\">#technology<\/a> <a href=\"https:\/\/wiy.com.br\/noticias\/categoria\/tecnologia\/\">#tecnolog<\/a> <a href=\"https:\/\/wiy.com.br\/noticias\/categoria\/tecnologia\/\">#iphone<\/a> <a href=\"https:\/\/wiy.com.br\/noticias\/categoria\/tecnologia\/\">#informatica<\/a> <a href=\"https:\/\/wiy.com.br\/noticias\/categoria\/tecnologia\/\">#tech<\/a> <a href=\"https:\/\/wiy.com.br\/noticias\/categoria\/tecnologia\/\">#design<\/a> <a href=\"https:\/\/wiy.com.br\/noticias\/categoria\/tecnologia\/\">#samsung<\/a> <a href=\"https:\/\/wiy.com.br\/noticias\/categoria\/tecnologia\/\">#internet<\/a> <a href=\"https:\/\/wiy.com.br\/noticias\/categoria\/tecnologia\/\">#apple<\/a> <a href=\"https:\/\/wiy.com.br\/noticias\/categoria\/tecnologia\/\">#smartphone<\/a> <a href=\"https:\/\/wiy.com.br\/noticias\/categoria\/tecnologia\/\">#seguranca<\/a> <a href=\"https:\/\/wiy.com.br\/noticias\/categoria\/tecnologia\/\">#venezuela<\/a> <a href=\"https:\/\/wiy.com.br\/noticias\/categoria\/tecnologia\/\">#celular<\/a> <a href=\"https:\/\/wiy.com.br\/noticias\/categoria\/tecnologia\/\">#celulares<\/a> <a href=\"https:\/\/wiy.com.br\/noticias\/categoria\/tecnologia\/\">#inovar<\/a> <a href=\"https:\/\/wiy.com.br\/noticias\/categoria\/tecnologia\/\">#qualidade<\/a> <a href=\"https:\/\/wiy.com.br\/noticias\/categoria\/tecnologia\/\">#software<\/a> <a href=\"https:\/\/wiy.com.br\/noticias\/categoria\/tecnologia\/\">#empresas<\/a> <a href=\"https:\/\/wiy.com.br\/noticias\/categoria\/tecnologia\/\">#cursos<\/a> <a href=\"https:\/\/wiy.com.br\/noticias\/categoria\/tecnologia\/\">#engenharia<\/a> <a href=\"https:\/\/wiy.com.br\/noticias\/categoria\/tecnologia\/\">#industria<\/a> <a href=\"https:\/\/wiy.com.br\/noticias\/categoria\/tecnologia\/\">#marketing<\/a> <a href=\"https:\/\/wiy.com.br\/noticias\/categoria\/tecnologia\/\">#ti<\/a> <a href=\"https:\/\/wiy.com.br\/noticias\/categoria\/tecnologia\/\">#tecnoblog<\/a> <a href=\"https:\/\/wiy.com.br\/noticias\/categoria\/tecnologia\/\">#veja<\/a> <a href=\"https:\/\/wiy.com.br\/noticias\/categoria\/tecnologia\/\">#olhardigital<\/a> <a href=\"https:\/\/wiy.com.br\/noticias\/categoria\/tecnologia\/\">#mundodigital<\/a> <a href=\"https:\/\/wiy.com.br\/noticias\/categoria\/tecnologia\/\">#inteligenciaartificial<\/a> <a href=\"https:\/\/wiy.com.br\/criacao-de-sites\/\">#criar site<\/a> <a href=\"https:\/\/wiy.com.br\/criacao-de-sites\/\">#criar site curitiba<\/a> <a href=\"https:\/\/wiy.com.br\/criacao-de-sites\/\">#wiysolutions<\/a><\/p>\n<p><a \n#Apple #Intelligence #divulga #data #lan\u00e7amento #seus #dispositivos\n<\/p>\n","protected":false},"excerpt":{"rendered":"<p>Durante o evento de lan\u00e7amento do iPhone 16 e outros dispositivos, a Apple anunciou onde e quando disponibilizar\u00e1, inicialmente, o Apple Intelligence, a intelig\u00eancia artificial (IA) da empresa. Oficialmente, a ma\u00e7\u00e3 come\u00e7ar\u00e1 a liberar a novidade j\u00e1 em outubro, ao lado de atualiza\u00e7\u00f5es de software do iOS 18.1, iPadOS 18.1 e macOS Sequoia 15.1, diferente [&hellip;]<\/p>\n","protected":false},"author":1,"featured_media":85772,"comment_status":"open","ping_status":"open","sticky":false,"template":"","format":"standard","meta":{"footnotes":""},"categories":[5],"tags":[],"class_list":["post-85771","post","type-post","status-publish","format-standard","has-post-thumbnail","hentry","category-tecnologia"],"_links":{"self":[{"href":"https:\/\/wiy.com.br\/noticias\/wp-json\/wp\/v2\/posts\/85771","targetHints":{"allow":["GET"]}}],"collection":[{"href":"https:\/\/wiy.com.br\/noticias\/wp-json\/wp\/v2\/posts"}],"about":[{"href":"https:\/\/wiy.com.br\/noticias\/wp-json\/wp\/v2\/types\/post"}],"author":[{"embeddable":true,"href":"https:\/\/wiy.com.br\/noticias\/wp-json\/wp\/v2\/users\/1"}],"replies":[{"embeddable":true,"href":"https:\/\/wiy.com.br\/noticias\/wp-json\/wp\/v2\/comments?post=85771"}],"version-history":[{"count":1,"href":"https:\/\/wiy.com.br\/noticias\/wp-json\/wp\/v2\/posts\/85771\/revisions"}],"predecessor-version":[{"id":85773,"href":"https:\/\/wiy.com.br\/noticias\/wp-json\/wp\/v2\/posts\/85771\/revisions\/85773"}],"wp:featuredmedia":[{"embeddable":true,"href":"https:\/\/wiy.com.br\/noticias\/wp-json\/wp\/v2\/media\/85772"}],"wp:attachment":[{"href":"https:\/\/wiy.com.br\/noticias\/wp-json\/wp\/v2\/media?parent=85771"}],"wp:term":[{"taxonomy":"category","embeddable":true,"href":"https:\/\/wiy.com.br\/noticias\/wp-json\/wp\/v2\/categories?post=85771"},{"taxonomy":"post_tag","embeddable":true,"href":"https:\/\/wiy.com.br\/noticias\/wp-json\/wp\/v2\/tags?post=85771"}],"curies":[{"name":"wp","href":"https:\/\/api.w.org\/{rel}","templated":true}]}}