{"id":85681,"date":"2024-09-03T19:56:57","date_gmt":"2024-09-03T22:56:57","guid":{"rendered":"https:\/\/wiy.com.br\/noticias\/ataque-hacker-atinge-familia-de-alexandre-de-moraes-stf-pf-e-anatel\/"},"modified":"2024-09-03T19:56:57","modified_gmt":"2024-09-03T22:56:57","slug":"ataque-hacker-atinge-familia-de-alexandre-de-moraes-stf-pf-e-anatel","status":"publish","type":"post","link":"https:\/\/wiy.com.br\/noticias\/ataque-hacker-atinge-familia-de-alexandre-de-moraes-stf-pf-e-anatel\/","title":{"rendered":"Ataque hacker atinge fam\u00edlia de Alexandre de Moraes, STF, PF e Anatel"},"content":{"rendered":"<p> <br \/>\n<\/p>\n<p>O n\u00famero de ataques hacker aumentou ap\u00f3s a suspens\u00e3o do X (antigo Twitter) no Brasil. Entre os alvos mais recentes est\u00e3o: o pr\u00f3prio Supremo Tribunal Federal (STF), respons\u00e1vel pela decis\u00e3o, a Pol\u00edcia Federal, a Anatel e at\u00e9 familiares do ministro Alexandre de Moraes.<\/p>\n<p>A not\u00edcia ganhou destaque nesta ter\u00e7a-feira (3) em reportagem divulgada pela <em>Folha de S\u00e3o Paulo<\/em>.<\/p>\n<h2 class=\"wp-block-heading\" id=\"h-ataque-hacker-afetou-sistema-da-pf-e-do-stf\">Ataque hacker afetou sistema da PF e do STF<\/h2>\n<ul>\n<li>A p\u00e1gina da Pol\u00edcia Federal chegou a sair do ar na tarde de hoje, gerando &#8220;instabilidade em servi\u00e7os prestados pela institui\u00e7\u00e3o&#8221;;<\/li>\n<li>Segundo a PF, o acesso &#8220;foi restabelecido e n\u00e3o foi detectado comprometimento aos sistemas&#8221; e dados. Um inqu\u00e9rito ser\u00e1 aberto para investigar o caso;<\/li>\n<li>No caso do STF, um ataque DDoS foi registrado na \u00faltima quinta-feira (29). Um ataque DDoS pode derrubar servi\u00e7os ou gerar instabilidade disparando v\u00e1rios acessos simult\u00e2neos;<\/li>\n<li>Em nota divulgada \u00e0 imprensa, o Supremo informou que os sistemas sa\u00edram do ar por cerca de 10 minutos. &#8220;Todos os acessos foram normalizados e n\u00e3o houve nenhum preju\u00edzo operacional ao Tribunal&#8221;.<\/li>\n<\/ul>\n<div class=\"wp-block-image\">\n<figure class=\"aligncenter size-large\"><img title = \"[Tags]\"loading=\"lazy\" decoding=\"async\" width=\"1024\" height=\"683\" src=\"https:\/\/img.odcdn.com.br\/wp-content\/uploads\/2024\/07\/stf_x-1024x683.jpg\"alt = \"stf_x-1024x683 Ataque hacker atinge fam\u00edlia de Alexandre de Moraes, STF, PF e Anatel\" class=\"wp-image-928374\" \/><figcaption class=\"wp-element-caption\"><em>Suspens\u00e3o do X no Brasil gerou aumento de ataques hacker. (Imagem: Saulo Ferreira Angelo\/Shutterstock)<\/em><\/figcaption><\/figure>\n<\/div>\n<p>A p\u00e1gina de um escrit\u00f3rio de familiares do ministro Alexandre de Moraes tamb\u00e9m ficou algumas horas fora do ar, segundo a <em>Folha<\/em>. J\u00e1 a Anatel, confirmou que registrou um salto em ataques ap\u00f3s a decis\u00e3o do STF de bloquear o X.<\/p>\n<div class=\"wp-block-image\">\n<figure class=\"aligncenter size-large\"><img title = \"[Tags]\"loading=\"lazy\" decoding=\"async\" width=\"1024\" height=\"576\" src=\"https:\/\/img.odcdn.com.br\/wp-content\/uploads\/2023\/03\/shutterstock_2247805255-1-e1685127548337-1024x576.jpg\"alt = \"stf_x-1024x683 Ataque hacker atinge fam\u00edlia de Alexandre de Moraes, STF, PF e Anatel\" class=\"wp-image-499514\" \/><figcaption class=\"wp-element-caption\"><em>Familiares de Alexandre de Moraes tamb\u00e9m foram alvo de ataque hacker, segundo a Folha. (Imagem: Salty View\/Shutterstock)<\/em><\/figcaption><\/figure>\n<\/div>\n<p><strong>Leia mais:<\/strong><\/p>\n<ul>\n<li>OAB solicita suspens\u00e3o de multa a usu\u00e1rios de VPN no X<\/li>\n<li>Fechamento do escrit\u00f3rio do X no Brasil foi \u201ctotalmente inesperado\u201d, diz ex-funcion\u00e1rio<\/li>\n<li>Musk abarrota Google e apps da Meta com an\u00fancios da Starlink no Brasil<\/li>\n<\/ul>\n<p>Em nota enviada ao <em>g1<\/em>, a Anatel disse que &#8220;observou um aumento esperado nesses ataques, o que ocasionou instabilidades moment\u00e2neas em seus sistemas e redes&#8221;. &#8220;A equipe de TI agiu de forma cont\u00ednua para mitigar os impactos e garantir a seguran\u00e7a das opera\u00e7\u00f5es&#8221;, explicou a ag\u00eancia.<\/p>\n<p>&#8220;Medidas adicionais foram adotadas para fortalecer a infraestrutura de rede, assegurando a continuidade dos servi\u00e7os prestados \u00e0 sociedade&#8221;, acrescentou a ag\u00eancia reguladora.<\/p>\n<p>O post Ataque hacker atinge fam\u00edlia de Alexandre de Moraes, STF, PF e Anatel apareceu primeiro em Olhar Digital.<\/p>\n<p><br \/>\n<br \/><a href=\"https:\/\/olhardigital.com.br\/2024\/09\/03\/seguranca\/ataque-hacker-atinge-familia-de-alexandre-de-moraes-stf-pf-e-anatel\/\">Fonte do Artigo <\/a><br \/>\nTags:<\/p>\n<p><a title=\"Gestor de Tr\u00e1fego\" href=\"https:\/\/www.gestor-de-trafego.com\/\" target=\"_blank\" rel=\"noopener\"><strong>Gestor de Tr\u00e1fego<\/strong><\/a><\/p>\n<p><a href=\"https:\/\/wiy.com.br\/noticias\/categoria\/tecnologia\/\">#tecnologia<\/a> <a href=\"https:\/\/wiy.com.br\/noticias\/categoria\/tecnologia\/\">#tecnologias<\/a> <a href=\"https:\/\/wiy.com.br\/noticias\/categoria\/tecnologia\/\">#technology<\/a> <a href=\"https:\/\/wiy.com.br\/noticias\/categoria\/tecnologia\/\">#tecnolog<\/a> <a href=\"https:\/\/wiy.com.br\/noticias\/categoria\/tecnologia\/\">#iphone<\/a> <a href=\"https:\/\/wiy.com.br\/noticias\/categoria\/tecnologia\/\">#informatica<\/a> <a href=\"https:\/\/wiy.com.br\/noticias\/categoria\/tecnologia\/\">#tech<\/a> <a href=\"https:\/\/wiy.com.br\/noticias\/categoria\/tecnologia\/\">#design<\/a> <a href=\"https:\/\/wiy.com.br\/noticias\/categoria\/tecnologia\/\">#samsung<\/a> <a href=\"https:\/\/wiy.com.br\/noticias\/categoria\/tecnologia\/\">#internet<\/a> <a href=\"https:\/\/wiy.com.br\/noticias\/categoria\/tecnologia\/\">#apple<\/a> <a href=\"https:\/\/wiy.com.br\/noticias\/categoria\/tecnologia\/\">#smartphone<\/a> <a href=\"https:\/\/wiy.com.br\/noticias\/categoria\/tecnologia\/\">#seguranca<\/a> <a href=\"https:\/\/wiy.com.br\/noticias\/categoria\/tecnologia\/\">#venezuela<\/a> <a href=\"https:\/\/wiy.com.br\/noticias\/categoria\/tecnologia\/\">#celular<\/a> <a href=\"https:\/\/wiy.com.br\/noticias\/categoria\/tecnologia\/\">#celulares<\/a> <a href=\"https:\/\/wiy.com.br\/noticias\/categoria\/tecnologia\/\">#inovar<\/a> <a href=\"https:\/\/wiy.com.br\/noticias\/categoria\/tecnologia\/\">#qualidade<\/a> <a href=\"https:\/\/wiy.com.br\/noticias\/categoria\/tecnologia\/\">#software<\/a> <a href=\"https:\/\/wiy.com.br\/noticias\/categoria\/tecnologia\/\">#empresas<\/a> <a href=\"https:\/\/wiy.com.br\/noticias\/categoria\/tecnologia\/\">#cursos<\/a> <a href=\"https:\/\/wiy.com.br\/noticias\/categoria\/tecnologia\/\">#engenharia<\/a> <a href=\"https:\/\/wiy.com.br\/noticias\/categoria\/tecnologia\/\">#industria<\/a> <a href=\"https:\/\/wiy.com.br\/noticias\/categoria\/tecnologia\/\">#marketing<\/a> <a href=\"https:\/\/wiy.com.br\/noticias\/categoria\/tecnologia\/\">#ti<\/a> <a href=\"https:\/\/wiy.com.br\/noticias\/categoria\/tecnologia\/\">#tecnoblog<\/a> <a href=\"https:\/\/wiy.com.br\/noticias\/categoria\/tecnologia\/\">#veja<\/a> <a href=\"https:\/\/wiy.com.br\/noticias\/categoria\/tecnologia\/\">#olhardigital<\/a> <a href=\"https:\/\/wiy.com.br\/noticias\/categoria\/tecnologia\/\">#mundodigital<\/a> <a href=\"https:\/\/wiy.com.br\/noticias\/categoria\/tecnologia\/\">#inteligenciaartificial<\/a> <a href=\"https:\/\/wiy.com.br\/criacao-de-sites\/\">#criar site<\/a> <a href=\"https:\/\/wiy.com.br\/criacao-de-sites\/\">#criar site curitiba<\/a> <a href=\"https:\/\/wiy.com.br\/criacao-de-sites\/\">#wiysolutions<\/a><\/p>\n<p><a \n#Ataque #hacker #atinge #fam\u00edlia #Alexandre #Moraes #STF #Anatel\n<\/p>\n","protected":false},"excerpt":{"rendered":"<p>O n\u00famero de ataques hacker aumentou ap\u00f3s a suspens\u00e3o do X (antigo Twitter) no Brasil. Entre os alvos mais recentes est\u00e3o: o pr\u00f3prio Supremo Tribunal Federal (STF), respons\u00e1vel pela decis\u00e3o, a Pol\u00edcia Federal, a Anatel e at\u00e9 familiares do ministro Alexandre de Moraes. A not\u00edcia ganhou destaque nesta ter\u00e7a-feira (3) em reportagem divulgada pela Folha [&hellip;]<\/p>\n","protected":false},"author":1,"featured_media":0,"comment_status":"open","ping_status":"open","sticky":false,"template":"","format":"standard","meta":{"footnotes":""},"categories":[5],"tags":[],"class_list":["post-85681","post","type-post","status-publish","format-standard","hentry","category-tecnologia"],"_links":{"self":[{"href":"https:\/\/wiy.com.br\/noticias\/wp-json\/wp\/v2\/posts\/85681","targetHints":{"allow":["GET"]}}],"collection":[{"href":"https:\/\/wiy.com.br\/noticias\/wp-json\/wp\/v2\/posts"}],"about":[{"href":"https:\/\/wiy.com.br\/noticias\/wp-json\/wp\/v2\/types\/post"}],"author":[{"embeddable":true,"href":"https:\/\/wiy.com.br\/noticias\/wp-json\/wp\/v2\/users\/1"}],"replies":[{"embeddable":true,"href":"https:\/\/wiy.com.br\/noticias\/wp-json\/wp\/v2\/comments?post=85681"}],"version-history":[{"count":0,"href":"https:\/\/wiy.com.br\/noticias\/wp-json\/wp\/v2\/posts\/85681\/revisions"}],"wp:attachment":[{"href":"https:\/\/wiy.com.br\/noticias\/wp-json\/wp\/v2\/media?parent=85681"}],"wp:term":[{"taxonomy":"category","embeddable":true,"href":"https:\/\/wiy.com.br\/noticias\/wp-json\/wp\/v2\/categories?post=85681"},{"taxonomy":"post_tag","embeddable":true,"href":"https:\/\/wiy.com.br\/noticias\/wp-json\/wp\/v2\/tags?post=85681"}],"curies":[{"name":"wp","href":"https:\/\/api.w.org\/{rel}","templated":true}]}}