{"id":85267,"date":"2024-08-09T19:01:01","date_gmt":"2024-08-09T22:01:01","guid":{"rendered":"https:\/\/wiy.com.br\/noticias\/videos-aviao-gira-no-ar-enquanto-cai-em-vinhedo-no-interior-de-sp\/"},"modified":"2024-08-09T19:01:09","modified_gmt":"2024-08-09T22:01:09","slug":"videos-aviao-gira-no-ar-enquanto-cai-em-vinhedo-no-interior-de-sp","status":"publish","type":"post","link":"https:\/\/wiy.com.br\/noticias\/videos-aviao-gira-no-ar-enquanto-cai-em-vinhedo-no-interior-de-sp\/","title":{"rendered":"V\u00cdDEOS: Avi\u00e3o gira no ar enquanto cai em Vinhedo, no interior de SP"},"content":{"rendered":"<p> <br \/>\n<\/p>\n<p>Um avi\u00e3o caiu num condom\u00ednio em Vinhedo, no interior do estado de S\u00e3o Paulo, na tarde desta sexta-feira (09). A Voepass Linhas A\u00e9reas (antiga Passaredo), empresa dona da aeronave, informou que 57 passageiros e quatro tripulantes estavam a bordo. Inicialmente, a informa\u00e7\u00e3o era de 58 passageiros. <\/p>\n<p>A Prefeitura de Valinhos, cidade vizinha a Vinhedo, informou em nota que n\u00e3o h\u00e1 sobreviventes no acidente. O avi\u00e3o era um turbo\u00e9lice, modelo ATR-72, que decolou de Cascavel (PR) rumo a Guarulhos (SP).<\/p>\n<h2 class=\"wp-block-heading\" id=\"h-videos-mostram-queda-e-destrocos-de-aviao-em-vinhedo\">V\u00eddeos mostram queda e destro\u00e7os de avi\u00e3o em Vinhedo<\/h2>\n<p>O condom\u00ednio sobre o qual o avi\u00e3o caiu fica na regi\u00e3o do bairro Capela. Por isso, h\u00e1 v\u00eddeos que mostram a queda de diversos \u00e2ngulos, bem como os destro\u00e7os da aeronave ainda em chamas.<\/p>\n<div class=\"wp-block-image\">\n<figure class=\"aligncenter size-large\"><figcaption class=\"wp-element-caption\">Avi\u00e3o que caiu em Vinhedo era um turbo\u00e9lice, modelo ATR-72 (Imagem: Reprodu\u00e7\u00e3o\/Redes sociais)<\/figcaption><\/figure>\n<\/div>\n<p>Confira abaixo alguns exemplos pin\u00e7ados pelo <strong>Olhar Digital<\/strong> no X (antigo Twitter):<\/p>\n<figure class=\"wp-block-embed is-type-rich is-provider-twitter wp-block-embed-twitter\">\n<div class=\"wp-block-embed__wrapper\">\n<blockquote class=\"twitter-tweet\" data-width=\"500\" data-dnt=\"true\">\n<p lang=\"pt\" dir=\"ltr\">Infelizmente acabou de acontecer\u2026.<br \/>Acidente com passaredo em vinhedo <a href=\"https:\/\/t.co\/PCe7G6OySl\">pic.twitter.com\/PCe7G6OySl<\/a><\/p>\n<p>\u2014 fernandopamplona (@fdpamplona) <a href=\"https:\/\/twitter.com\/fdpamplona\/status\/1821952060155146491?ref_src=twsrc%5Etfw\">August 9, 2024<\/a><\/p><\/blockquote>\n<\/div>\n<\/figure>\n<figure class=\"wp-block-embed is-type-rich is-provider-twitter wp-block-embed-twitter\">\n<div class=\"wp-block-embed__wrapper\">\n<blockquote class=\"twitter-tweet\" data-width=\"500\" data-dnt=\"true\">\n<p lang=\"pt\" dir=\"ltr\">Queda de avi\u00e3o no interior de S\u00e3o Paulo\u2026 ao que parece era da Voepass e de passageiro. Triste demais. <a href=\"https:\/\/t.co\/4cTP8DPDr7\">pic.twitter.com\/4cTP8DPDr7<\/a><\/p>\n<p>\u2014 Jo\u00e3o Vin\u00edcius (@joaoviniciuslol) <a href=\"https:\/\/twitter.com\/joaoviniciuslol\/status\/1821959684753965546?ref_src=twsrc%5Etfw\">August 9, 2024<\/a><\/p><\/blockquote>\n<\/div>\n<\/figure>\n<figure class=\"wp-block-embed is-type-rich is-provider-twitter wp-block-embed-twitter\">\n<div class=\"wp-block-embed__wrapper\">\n<blockquote class=\"twitter-tweet\" data-width=\"500\" data-dnt=\"true\">\n<p lang=\"pt\" dir=\"ltr\">Caiu um avi\u00e3o aqui em Vinhedo <a href=\"https:\/\/t.co\/DbaiKSQQmK\">pic.twitter.com\/DbaiKSQQmK<\/a><\/p>\n<p>\u2014 &#x200d; &#x200d; &#x200d; &#x200d; \u043a\u043e\u043d\u0435\u0446 \u0431\u043b\u0438\u0437\u043e\u043a (@_bnn) <a href=\"https:\/\/twitter.com\/_bnn\/status\/1821954753263243474?ref_src=twsrc%5Etfw\">August 9, 2024<\/a><\/p><\/blockquote>\n<\/div>\n<\/figure>\n<p>A Voepass, o aeroporto de Cascavel e a For\u00e7a A\u00e9rea Brasileira (FAB) enviaram notas ao <em>G1<\/em> sobre o acidente. Leia abaixo:<\/p>\n<h3 class=\"wp-block-heading\" id=\"h-nota-da-voepass\">Nota da Voepass<\/h3>\n<p><em>A VOEPASS Linhas A\u00e9reas informa a ocorr\u00eancia de um acidente envolvendo o voo 2283- avi\u00e3o PS \u2013 VPB, no dia 09 de agosto, na regi\u00e3o de Vinhedo\/SP. A aeronave decolou de Cascavel\/PR com destino ao Aeroporto de Guarulhos, com 58 passageiros e 4 tripulantes a bordo.<\/em><\/p>\n<p><em>A VOEPASS acionou todos os meios para apoiar os envolvidos. N\u00e3o h\u00e1 ainda confirma\u00e7\u00e3o de como ocorreu o acidente e nem da situa\u00e7\u00e3o atual das pessoas que estavam a bordo.<\/em><\/p>\n<p><em>A Companhia est\u00e1 prestando, pelo telefone 0800 9419712, dispon\u00edvel 24h, informa\u00e7\u00f5es a todos os seus passageiros, familiares e colaboradores.<\/em><\/p>\n<p><strong>Leia mais:<\/strong><\/p>\n<ul>\n<li>Restos de avi\u00e3o da 2\u00aa Guerra Mundial s\u00e3o encontrados no Reino Unido<\/li>\n<li>O que fazer em caso de emerg\u00eancias ao viajar de avi\u00e3o? [6 dicas]<\/li>\n<li>Quais as diferen\u00e7as entre avi\u00e3o comercial e avi\u00e3o de guerra?<\/li>\n<\/ul>\n<h3 class=\"wp-block-heading\" id=\"h-nota-do-aeroporto-de-cascavel\">Nota do aeroporto de Cascavel<\/h3>\n<p><em>A gest\u00e3o do Aeroporto Regional de Cascavel informa que aguarda informa\u00e7\u00f5es da companhia a\u00e9rea Passaredo que, no momento, \u00e9 o \u00fanico \u00f3rg\u00e3o que det\u00e9m informa\u00e7\u00f5es oficiais.<\/em><\/p>\n<p><em>Uma opera\u00e7\u00e3o padr\u00e3o de emerg\u00eancia regida pela equipe do Aeroporto est\u00e1 em curso para entrar em contato com as fam\u00edlias de poss\u00edveis v\u00edtimas.<\/em><\/p>\n<p><em>A aeronave que saiu do Aeroporto Regional de Cascavel com destino a Guarulhos, caiu cidade de Vinhedo, S\u00e3o Paulo, na tarde desta sexta-feira (9).<\/em><\/p>\n<h3 class=\"wp-block-heading\" id=\"h-nota-da-fab\">Nota da FAB<\/h3>\n<p><em>A For\u00e7a A\u00e9rea Brasileira (FAB) informa que, por meio do Centro de Investiga\u00e7\u00e3o e Preven\u00e7\u00e3o de Acidentes Aeron\u00e1uticos (CENIPA), foi acionada para atuar na ocorr\u00eancia da queda da aeronave da Passaredo, de matr\u00edcula PTB 2283, registrada na tarde desta sexta-feira (09\/08), em Vinhedo (SP).<\/em><\/p>\n<p><em>Investigadores do CENIPA e do Quarto Servi\u00e7o Regional de Investiga\u00e7\u00e3o e Preven\u00e7\u00e3o de Acidentes Aeron\u00e1uticos (SERIPA IV), \u00f3rg\u00e3o regional do Centro, localizados em S\u00e3o Paulo, j\u00e1 est\u00e3o a caminho para realizar a A\u00e7\u00e3o Inicial da ocorr\u00eancia.<\/em><\/p>\n<p>O post V\u00cdDEOS: Avi\u00e3o gira no ar enquanto cai em Vinhedo, no interior de SP apareceu primeiro em Olhar Digital.<\/p>\n<p><script async src=\"https:\/\/platform.twitter.com\/widgets.js\" charset=\"utf-8\"><\/script><br \/>\n<br \/><br \/>\n<br \/><a href=\"https:\/\/olhardigital.com.br\/2024\/08\/09\/internet-e-redes-sociais\/videos-aviao-gira-e-despenca-do-ar-em-vinhedo-no-interior-de-sp\/\">Fonte do Artigo <\/a><br \/>\nTags:<\/p>\n<p><a title=\"Gestor de Tr\u00e1fego\" href=\"https:\/\/www.gestor-de-trafego.com\/\" target=\"_blank\" rel=\"noopener\"><strong>Gestor de Tr\u00e1fego<\/strong><\/a><\/p>\n<p><a href=\"https:\/\/wiy.com.br\/noticias\/categoria\/tecnologia\/\">#tecnologia<\/a> <a href=\"https:\/\/wiy.com.br\/noticias\/categoria\/tecnologia\/\">#tecnologias<\/a> <a href=\"https:\/\/wiy.com.br\/noticias\/categoria\/tecnologia\/\">#technology<\/a> <a href=\"https:\/\/wiy.com.br\/noticias\/categoria\/tecnologia\/\">#tecnolog<\/a> <a href=\"https:\/\/wiy.com.br\/noticias\/categoria\/tecnologia\/\">#iphone<\/a> <a href=\"https:\/\/wiy.com.br\/noticias\/categoria\/tecnologia\/\">#informatica<\/a> <a href=\"https:\/\/wiy.com.br\/noticias\/categoria\/tecnologia\/\">#tech<\/a> <a href=\"https:\/\/wiy.com.br\/noticias\/categoria\/tecnologia\/\">#design<\/a> <a href=\"https:\/\/wiy.com.br\/noticias\/categoria\/tecnologia\/\">#samsung<\/a> <a href=\"https:\/\/wiy.com.br\/noticias\/categoria\/tecnologia\/\">#internet<\/a> <a href=\"https:\/\/wiy.com.br\/noticias\/categoria\/tecnologia\/\">#apple<\/a> <a href=\"https:\/\/wiy.com.br\/noticias\/categoria\/tecnologia\/\">#smartphone<\/a> <a href=\"https:\/\/wiy.com.br\/noticias\/categoria\/tecnologia\/\">#seguranca<\/a> <a href=\"https:\/\/wiy.com.br\/noticias\/categoria\/tecnologia\/\">#venezuela<\/a> <a href=\"https:\/\/wiy.com.br\/noticias\/categoria\/tecnologia\/\">#celular<\/a> <a href=\"https:\/\/wiy.com.br\/noticias\/categoria\/tecnologia\/\">#celulares<\/a> <a href=\"https:\/\/wiy.com.br\/noticias\/categoria\/tecnologia\/\">#inovar<\/a> <a href=\"https:\/\/wiy.com.br\/noticias\/categoria\/tecnologia\/\">#qualidade<\/a> <a href=\"https:\/\/wiy.com.br\/noticias\/categoria\/tecnologia\/\">#software<\/a> <a href=\"https:\/\/wiy.com.br\/noticias\/categoria\/tecnologia\/\">#empresas<\/a> <a href=\"https:\/\/wiy.com.br\/noticias\/categoria\/tecnologia\/\">#cursos<\/a> <a href=\"https:\/\/wiy.com.br\/noticias\/categoria\/tecnologia\/\">#engenharia<\/a> <a href=\"https:\/\/wiy.com.br\/noticias\/categoria\/tecnologia\/\">#industria<\/a> <a href=\"https:\/\/wiy.com.br\/noticias\/categoria\/tecnologia\/\">#marketing<\/a> <a href=\"https:\/\/wiy.com.br\/noticias\/categoria\/tecnologia\/\">#ti<\/a> <a href=\"https:\/\/wiy.com.br\/noticias\/categoria\/tecnologia\/\">#tecnoblog<\/a> <a href=\"https:\/\/wiy.com.br\/noticias\/categoria\/tecnologia\/\">#veja<\/a> <a href=\"https:\/\/wiy.com.br\/noticias\/categoria\/tecnologia\/\">#olhardigital<\/a> <a href=\"https:\/\/wiy.com.br\/noticias\/categoria\/tecnologia\/\">#mundodigital<\/a> <a href=\"https:\/\/wiy.com.br\/noticias\/categoria\/tecnologia\/\">#inteligenciaartificial<\/a> <a href=\"https:\/\/wiy.com.br\/criacao-de-sites\/\">#criar site<\/a> <a href=\"https:\/\/wiy.com.br\/criacao-de-sites\/\">#criar site curitiba<\/a> <a href=\"https:\/\/wiy.com.br\/criacao-de-sites\/\">#wiysolutions<\/a><\/p>\n<p><a \n#V\u00cdDEOS #Avi\u00e3o #gira #enquanto #cai #Vinhedo #interior\n<\/p>\n","protected":false},"excerpt":{"rendered":"<p>Um avi\u00e3o caiu num condom\u00ednio em Vinhedo, no interior do estado de S\u00e3o Paulo, na tarde desta sexta-feira (09). A Voepass Linhas A\u00e9reas (antiga Passaredo), empresa dona da aeronave, informou que 57 passageiros e quatro tripulantes estavam a bordo. Inicialmente, a informa\u00e7\u00e3o era de 58 passageiros. A Prefeitura de Valinhos, cidade vizinha a Vinhedo, informou [&hellip;]<\/p>\n","protected":false},"author":1,"featured_media":85268,"comment_status":"open","ping_status":"open","sticky":false,"template":"","format":"standard","meta":{"footnotes":""},"categories":[5],"tags":[],"class_list":["post-85267","post","type-post","status-publish","format-standard","has-post-thumbnail","hentry","category-tecnologia"],"_links":{"self":[{"href":"https:\/\/wiy.com.br\/noticias\/wp-json\/wp\/v2\/posts\/85267","targetHints":{"allow":["GET"]}}],"collection":[{"href":"https:\/\/wiy.com.br\/noticias\/wp-json\/wp\/v2\/posts"}],"about":[{"href":"https:\/\/wiy.com.br\/noticias\/wp-json\/wp\/v2\/types\/post"}],"author":[{"embeddable":true,"href":"https:\/\/wiy.com.br\/noticias\/wp-json\/wp\/v2\/users\/1"}],"replies":[{"embeddable":true,"href":"https:\/\/wiy.com.br\/noticias\/wp-json\/wp\/v2\/comments?post=85267"}],"version-history":[{"count":1,"href":"https:\/\/wiy.com.br\/noticias\/wp-json\/wp\/v2\/posts\/85267\/revisions"}],"predecessor-version":[{"id":85269,"href":"https:\/\/wiy.com.br\/noticias\/wp-json\/wp\/v2\/posts\/85267\/revisions\/85269"}],"wp:featuredmedia":[{"embeddable":true,"href":"https:\/\/wiy.com.br\/noticias\/wp-json\/wp\/v2\/media\/85268"}],"wp:attachment":[{"href":"https:\/\/wiy.com.br\/noticias\/wp-json\/wp\/v2\/media?parent=85267"}],"wp:term":[{"taxonomy":"category","embeddable":true,"href":"https:\/\/wiy.com.br\/noticias\/wp-json\/wp\/v2\/categories?post=85267"},{"taxonomy":"post_tag","embeddable":true,"href":"https:\/\/wiy.com.br\/noticias\/wp-json\/wp\/v2\/tags?post=85267"}],"curies":[{"name":"wp","href":"https:\/\/api.w.org\/{rel}","templated":true}]}}