{"id":8477,"date":"2023-02-26T15:10:16","date_gmt":"2023-02-26T18:10:16","guid":{"rendered":"https:\/\/wiy.com.br\/noticias\/ghosn-diz-ser-inocente-e-afirma-que-se-defendera-das-acusacoes-2\/"},"modified":"2019-03-05T17:34:18","modified_gmt":"2019-03-05T20:34:18","slug":"ghosn-diz-ser-inocente-e-afirma-que-se-defendera-das-acusacoes-2","status":"publish","type":"post","link":"https:\/\/wiy.com.br\/noticias\/ghosn-diz-ser-inocente-e-afirma-que-se-defendera-das-acusacoes-2\/","title":{"rendered":"Ghosn diz ser inocente e afirma que se defender\u00e1 das acusa\u00e7\u00f5es"},"content":{"rendered":"<p> <br \/>\n<\/p>\n<p>T\u00f3quio &#8211; O ex-presidente da Nissan <strong><a href=\"https:\/\/exame.abril.com.br\/noticias-sobre\/carlos-ghosn\">Carlos Ghosn<\/a><\/strong> disse, em comunicado, que \u00e9 inocente e vai se defender de acusa\u00e7\u00f5es &#8220;infundadas&#8221;. &#8220;Sou inocente e estou totalmente comprometido em me defender vigorosamente em um julgamento justo contra essas acusa\u00e7\u00f5es sem m\u00e9rito e infundadas&#8221;, disse Ghosn, no comunicado. O executivo tamb\u00e9m se disse grato \u00e0 fam\u00edlia, aos amigos e aos ativistas de direitos humanos de todo o mundo que o ajudaram.<\/p>\n<div class=\"widget-news widget-box no-margin no-border\"><span class=\"widget-news-title content-box-title\">Veja tamb\u00e9m<\/span><\/p>\n<ul class=\"widget-news-list\">\n<li class=\"widget-news-item without-thumb with-border\">\n<div class=\"widget-news-info\"><a href=\"http:\/\/exame.abril.com.br\/negocios\">NEG\u00d3CIOS<\/a><span class=\"widget-news-item-title\"><a href=\"https:\/\/exame.abril.com.br\/negocios\/corte-de-toquio-liberta-carlos-ghosn-mediante-fianca-de-us-89-milhoes\/\">Corte de T\u00f3quio liberta Carlos Ghosn mediante fian\u00e7a de US$ 8,9 milh\u00f5es<\/a><\/span><span class=\"widget-news-item-date\">5 mar 2019 &#8211; 09h03<\/span><\/div>\n<\/li>\n<\/ul>\n<\/div>\n<p>Ghosn est\u00e1 detido desde que foi preso em 19 de novembro. Ele se diz inocente das acusa\u00e7\u00f5es de falsificar informa\u00e7\u00f5es financeiras e de quebra de confian\u00e7a. A fam\u00edlia de Ghosn apelou pela sua liberta\u00e7\u00e3o, chamando a sua deten\u00e7\u00e3o de viola\u00e7\u00e3o dos direitos humanos.<\/p>\n<p>A Corte do Distrito de T\u00f3quio aprovou a liberta\u00e7\u00e3o de Ghosn mediante o pagamento de uma fian\u00e7a de US$ 8,9 milh\u00f5es. Mas o executivo n\u00e3o deve deixar a pris\u00e3o nesta ter\u00e7a-feira, segundo um de seus advogados. Isso porque os promotores do caso recorreram da decis\u00e3o antes que os procedimentos de fian\u00e7a fossem realizados. Caso o recurso da promotoria falhe, Ghosn poder\u00e1 ser libertado dentro de um dia ou dois.<\/p>\n<p>O advogado do executivo, Junichiro Hironaka, disse que a ordem do tribunal inclui limites para o uso de computador e smartphone por Ghosn, para que ele n\u00e3o possa se comunicar com pessoas no exterior. O advogado havia dito na segunda-feira que o \u00faltimo pedido de fian\u00e7a de Ghosn tamb\u00e9m inclu\u00eda monitoramento por c\u00e2meras de vigil\u00e2ncia. Fonte: Associated Press e Dow Jones Newswires.<\/p>\n<p><br \/>\n<br \/><a href=\"https:\/\/exame.abril.com.br\/negocios\/ghosn-diz-ser-inocente-e-afirma-que-se-defendera-das-acusacoes\/\">Fonte do Artigo<\/a><\/p>\n<p>#marketingdigital #marketing #seo #digitalmarketing #socialmedia #socialmediamarketing #business #contentmarketing #onlinemarketing #empreendedorismo #branding #entrepreneur #o #marketingtips #startup #smallbusiness #advertising #entrepreneurship #marketingonline #marketingstrategy #sucesso #success #webdesign #instagram #follow #like #sales #design #socialmediatips <\/p>\n","protected":false},"excerpt":{"rendered":"<p>T\u00f3quio &#8211; O ex-presidente da Nissan Carlos Ghosn disse, em comunicado, que \u00e9 inocente e vai se defender de acusa\u00e7\u00f5es &#8220;infundadas&#8221;. &#8220;Sou inocente e estou totalmente comprometido em me defender vigorosamente em um julgamento justo contra essas acusa\u00e7\u00f5es sem m\u00e9rito e infundadas&#8221;, disse Ghosn, no comunicado. O executivo tamb\u00e9m se disse grato \u00e0 fam\u00edlia, aos [&hellip;]<\/p>\n","protected":false},"author":1,"featured_media":8476,"comment_status":"open","ping_status":"open","sticky":false,"template":"","format":"standard","meta":{"footnotes":""},"categories":[339],"tags":[],"class_list":["post-8477","post","type-post","status-publish","format-standard","has-post-thumbnail","hentry","category-negocios"],"_links":{"self":[{"href":"https:\/\/wiy.com.br\/noticias\/wp-json\/wp\/v2\/posts\/8477","targetHints":{"allow":["GET"]}}],"collection":[{"href":"https:\/\/wiy.com.br\/noticias\/wp-json\/wp\/v2\/posts"}],"about":[{"href":"https:\/\/wiy.com.br\/noticias\/wp-json\/wp\/v2\/types\/post"}],"author":[{"embeddable":true,"href":"https:\/\/wiy.com.br\/noticias\/wp-json\/wp\/v2\/users\/1"}],"replies":[{"embeddable":true,"href":"https:\/\/wiy.com.br\/noticias\/wp-json\/wp\/v2\/comments?post=8477"}],"version-history":[{"count":0,"href":"https:\/\/wiy.com.br\/noticias\/wp-json\/wp\/v2\/posts\/8477\/revisions"}],"wp:featuredmedia":[{"embeddable":true,"href":"https:\/\/wiy.com.br\/noticias\/wp-json\/wp\/v2\/media\/8476"}],"wp:attachment":[{"href":"https:\/\/wiy.com.br\/noticias\/wp-json\/wp\/v2\/media?parent=8477"}],"wp:term":[{"taxonomy":"category","embeddable":true,"href":"https:\/\/wiy.com.br\/noticias\/wp-json\/wp\/v2\/categories?post=8477"},{"taxonomy":"post_tag","embeddable":true,"href":"https:\/\/wiy.com.br\/noticias\/wp-json\/wp\/v2\/tags?post=8477"}],"curies":[{"name":"wp","href":"https:\/\/api.w.org\/{rel}","templated":true}]}}