{"id":84034,"date":"2024-05-20T17:38:21","date_gmt":"2024-05-20T20:38:21","guid":{"rendered":"https:\/\/wiy.com.br\/noticias\/tempestade-solar-intensa-foi-sentida-no-fundo-do-oceano\/"},"modified":"2024-05-20T17:38:34","modified_gmt":"2024-05-20T20:38:34","slug":"tempestade-solar-intensa-foi-sentida-no-fundo-do-oceano","status":"publish","type":"post","link":"https:\/\/wiy.com.br\/noticias\/tempestade-solar-intensa-foi-sentida-no-fundo-do-oceano\/","title":{"rendered":"Tempestade solar intensa foi sentida no fundo do oceano"},"content":{"rendered":"<p> <br \/>\n<\/p>\n<p>Uma tempestade solar que encheu os c\u00e9us da Terra com cortinas de luz cintilantes h\u00e1 alguns dias foi t\u00e3o intensa que gerou impactos at\u00e9 no fundo do oceano.\u00a0<\/p>\n<p>B\u00fassolas magn\u00e9ticas usadas pela <em>Ocean Networks Canada<\/em> (ONC) para monitorar o oceano na costa canadense registraram uma significativa distor\u00e7\u00e3o no campo magn\u00e9tico da Terra, devido a um enorme influxo de part\u00edculas ejetadas do Sol.<\/p>\n<p>Essa medi\u00e7\u00e3o n\u00e3o s\u00f3 enfatiza a for\u00e7a daquela tempestade solar ocorrida em 10 de maio, como tamb\u00e9m oferece dados valiosos por diversas raz\u00f5es. Primeiro, porque agora temos uma refer\u00eancia para identificar dist\u00farbios semelhantes durante futuras tempestades solares. E, tamb\u00e9m, porque esses dados podem ajudar os cientistas a compreender como a Terra \u00e9 afetada por esses eventos do Sol.<\/p>\n<figure class=\"wp-block-image size-large\"><figcaption class=\"wp-element-caption\">Aurora austral registrada em em Ushuaia, na Argentina, no domingo (12), deixando o c\u00e9u noturno cor de rosa e vermelho em raz\u00e3o da tempestade geomagn\u00e9tica extrema. Cr\u00e9dito: Reprodu\u00e7\u00e3o X (Twitter)<br \/>\n<\/figcaption><\/figure>\n<p>\u201cOs pr\u00f3ximos dois anos ser\u00e3o o pico do atual ciclo solar de 11 anos. Depois de uma d\u00e9cada de relativa inatividade, eventos de aurora como este recente provavelmente se tornar\u00e3o mais frequentes nos pr\u00f3ximos dois anos, embora a variabilidade solar impossibilite a previs\u00e3o precisa de tais eventos\u201d, disse o f\u00edsico Justin Albert, da Universidade de Victoria, no Canad\u00e1. \u201cA rede da ONC pode fornecer uma janela adicional muito \u00fatil para os efeitos da atividade solar no magnetismo terrestre da Terra\u201d.<\/p>\n<h2 class=\"wp-block-heading\" id=\"h-o-que-e-uma-tempestade-solar\"><strong>O que \u00e9 uma tempestade solar?<\/strong><\/h2>\n<p>As tempestades solares s\u00e3o eventos que t\u00eam forte impacto na Terra. Elas ocorrem quando uma erup\u00e7\u00e3o na superf\u00edcie do Sol ejeta bilh\u00f5es de toneladas de material entrela\u00e7ado com campos magn\u00e9ticos em alta velocidade no Sistema Solar. Quando essa chamada eje\u00e7\u00e3o de massa coronal (CME) chega \u00e0 Terra, as part\u00edculas interagem com o campo magn\u00e9tico do planeta, acelerando at\u00e9 serem despejadas na atmosfera, sob forma de tempestades geomagn\u00e9ticas, causando a ocorr\u00eancia de auroras.<\/p>\n<figure class=\"wp-block-image size-large\"><img title = \"[Tags]\"decoding=\"async\" loading=\"lazy\" width=\"1024\" height=\"696\" src=\"https:\/\/img.odcdn.com.br\/wp-content\/uploads\/2024\/05\/tempestade-solar-terra-1024x696.jpg\"alt = \"tempestade-solar-terra-1024x696 Tempestade solar intensa foi sentida no fundo do oceano\" class=\"wp-image-903935\"><figcaption class=\"wp-element-caption\">Material ejetado pelo Sol em dire\u00e7\u00e3o \u00e0 Terra pode penetrar no campo magn\u00e9tico do planeta causando perturba\u00e7\u00f5es. Cr\u00e9dito: koya979 \u2013 Shutterstock<\/figcaption><\/figure>\n<p>Al\u00e9m desses bel\u00edssimos espet\u00e1culos de luzes, essas intera\u00e7\u00f5es geram correntes el\u00e9tricas que podem causar surtos e interrup\u00e7\u00f5es na rede el\u00e9trica. Elas tamb\u00e9m podem provocar falhas em sistemas de navega\u00e7\u00e3o, comunica\u00e7\u00e3o e r\u00e1dio, al\u00e9m de afetar aeronaves e sat\u00e9lites pr\u00f3ximos \u00e0 Terra.<\/p>\n<p>Ultimamente, o Sol tem estado particularmente ativo, enquanto se aproxima do m\u00e1ximo solar, o pico de atividade dentro do atual ciclo solar de 11 anos.\u00a0<\/p>\n<p><strong>Leia mais:<\/strong><\/p>\n<ul>\n<li>\u201cMonstro\u201d que produziu erup\u00e7\u00e3o solar recorde se afasta da Terra \u2013 mas, ser\u00e1 que pode voltar?<\/li>\n<li>Tempestade solar extrema interrompe GPS de fazendeiros durante per\u00edodo cr\u00edtico<\/li>\n<li>Forte erup\u00e7\u00e3o solar atinge Merc\u00fario e provoca auroras de raios-X no planeta<\/li>\n<\/ul>\n<h2 class=\"wp-block-heading\" id=\"h-disturbios-no-campo-magnetico-da-terra-medidos-no-fundo-do-oceano\"><strong>Dist\u00farbios no campo magn\u00e9tico da Terra medidos no fundo do oceano<\/strong><\/h2>\n<p>A ONC opera observat\u00f3rios submarinos nas costas leste e oeste do Canad\u00e1, a profundidades de at\u00e9 2,7 quil\u00f4metros. As b\u00fassolas s\u00e3o usadas principalmente para orientar os perfiladores ac\u00fasticos de correntes de Doppler (ADCP) dos observat\u00f3rios, que monitoram as mudan\u00e7as nas correntes oce\u00e2nicas. Seus dados s\u00e3o verificados diariamente para garantir a qualidade.<\/p>\n<p>Em mar\u00e7o, o especialista da ONC, Alex Slonimer, notou algo estranho nos dados das b\u00fassolas durante algumas tempestades geomagn\u00e9ticas. \u201cEu analisei se era potencialmente um terremoto, mas isso n\u00e3o fazia sentido porque as mudan\u00e7as nos dados estavam durando muito tempo e simultaneamente em locais diferentes\u201d, disse Slonimer. \u201cEnt\u00e3o, eu considerei a possibilidade de uma erup\u00e7\u00e3o solar, j\u00e1 que o sol estava ativo recentemente\u201d.<\/p>\n<p>Isso parecia fazer sentido, ent\u00e3o decidiram monitorar mais de perto. E quando a mais poderosa atividade solar emergiu, os dados das b\u00fassolas novamente registraram dist\u00farbios. O efeito mais pronunciado foi em uma b\u00fassola a 25 metros abaixo do n\u00edvel do mar, na costa da Ilha de Vancouver, na Passagem Folger. L\u00e1, a agulha inclinou-se at\u00e9 +30 e -30 graus.<\/p>\n<p>Essa observa\u00e7\u00e3o pode se tornar uma ferramenta valiosa para entender como as explos\u00f5es solares afetam nosso planeta. \u201cO alcance desses registros de dados quil\u00f4metros sob a superf\u00edcie do oceano destaca a magnitude da erup\u00e7\u00e3o solar naquele fim de semana e sugere que os dados podem ser \u00fateis para entender melhor a extens\u00e3o geogr\u00e1fica e a intensidade dessas tempestades\u201d, disse a presidente da ONC, Kate Moran.<\/p>\n<p>Portanto, as medi\u00e7\u00f5es das b\u00fassolas submarinas da ONC revelam a impressionante for\u00e7a das tempestades solares, al\u00e9m de oferecerem um novo recurso para estudar e combater os efeitos dessas tempestades geomagn\u00e9ticas na Terra.<\/p>\n<p>O post Tempestade solar intensa foi sentida no fundo do oceano apareceu primeiro em Olhar Digital.<\/p>\n<p><br \/>\n<br \/><a href=\"https:\/\/olhardigital.com.br\/2024\/05\/20\/ciencia-e-espaco\/tempestade-solar-intensa-foi-sentida-no-fundo-do-oceano\/\">Fonte do Artigo <\/a><br \/>\nTags:<\/p>\n<p><a title=\"Gestor de Tr\u00e1fego\" href=\"https:\/\/www.gestor-de-trafego.com\/\" target=\"_blank\" rel=\"noopener\"><strong>Gestor de Tr\u00e1fego<\/strong><\/a><\/p>\n<p><a href=\"https:\/\/wiy.com.br\/noticias\/categoria\/tecnologia\/\">#tecnologia<\/a> <a href=\"https:\/\/wiy.com.br\/noticias\/categoria\/tecnologia\/\">#tecnologias<\/a> <a href=\"https:\/\/wiy.com.br\/noticias\/categoria\/tecnologia\/\">#technology<\/a> <a href=\"https:\/\/wiy.com.br\/noticias\/categoria\/tecnologia\/\">#tecnolog<\/a> <a href=\"https:\/\/wiy.com.br\/noticias\/categoria\/tecnologia\/\">#iphone<\/a> <a href=\"https:\/\/wiy.com.br\/noticias\/categoria\/tecnologia\/\">#informatica<\/a> <a href=\"https:\/\/wiy.com.br\/noticias\/categoria\/tecnologia\/\">#tech<\/a> <a href=\"https:\/\/wiy.com.br\/noticias\/categoria\/tecnologia\/\">#design<\/a> <a href=\"https:\/\/wiy.com.br\/noticias\/categoria\/tecnologia\/\">#samsung<\/a> <a href=\"https:\/\/wiy.com.br\/noticias\/categoria\/tecnologia\/\">#internet<\/a> <a href=\"https:\/\/wiy.com.br\/noticias\/categoria\/tecnologia\/\">#apple<\/a> <a href=\"https:\/\/wiy.com.br\/noticias\/categoria\/tecnologia\/\">#smartphone<\/a> <a href=\"https:\/\/wiy.com.br\/noticias\/categoria\/tecnologia\/\">#seguranca<\/a> <a href=\"https:\/\/wiy.com.br\/noticias\/categoria\/tecnologia\/\">#venezuela<\/a> <a href=\"https:\/\/wiy.com.br\/noticias\/categoria\/tecnologia\/\">#celular<\/a> <a href=\"https:\/\/wiy.com.br\/noticias\/categoria\/tecnologia\/\">#celulares<\/a> <a href=\"https:\/\/wiy.com.br\/noticias\/categoria\/tecnologia\/\">#inovar<\/a> <a href=\"https:\/\/wiy.com.br\/noticias\/categoria\/tecnologia\/\">#qualidade<\/a> <a href=\"https:\/\/wiy.com.br\/noticias\/categoria\/tecnologia\/\">#software<\/a> <a href=\"https:\/\/wiy.com.br\/noticias\/categoria\/tecnologia\/\">#empresas<\/a> <a href=\"https:\/\/wiy.com.br\/noticias\/categoria\/tecnologia\/\">#cursos<\/a> <a href=\"https:\/\/wiy.com.br\/noticias\/categoria\/tecnologia\/\">#engenharia<\/a> <a href=\"https:\/\/wiy.com.br\/noticias\/categoria\/tecnologia\/\">#industria<\/a> <a href=\"https:\/\/wiy.com.br\/noticias\/categoria\/tecnologia\/\">#marketing<\/a> <a href=\"https:\/\/wiy.com.br\/noticias\/categoria\/tecnologia\/\">#ti<\/a> <a href=\"https:\/\/wiy.com.br\/noticias\/categoria\/tecnologia\/\">#tecnoblog<\/a> <a href=\"https:\/\/wiy.com.br\/noticias\/categoria\/tecnologia\/\">#veja<\/a> <a href=\"https:\/\/wiy.com.br\/noticias\/categoria\/tecnologia\/\">#olhardigital<\/a> <a href=\"https:\/\/wiy.com.br\/noticias\/categoria\/tecnologia\/\">#mundodigital<\/a> <a href=\"https:\/\/wiy.com.br\/noticias\/categoria\/tecnologia\/\">#inteligenciaartificial<\/a> <a href=\"https:\/\/wiy.com.br\/criacao-de-sites\/\">#criar site<\/a> <a href=\"https:\/\/wiy.com.br\/criacao-de-sites\/\">#criar site curitiba<\/a> <a href=\"https:\/\/wiy.com.br\/criacao-de-sites\/\">#wiysolutions<\/a><\/p>\n<p><a \n#Tempestade #solar #intensa #foi #sentida #fundo #oceano\n<\/p>\n","protected":false},"excerpt":{"rendered":"<p>Uma tempestade solar que encheu os c\u00e9us da Terra com cortinas de luz cintilantes h\u00e1 alguns dias foi t\u00e3o intensa que gerou impactos at\u00e9 no fundo do oceano.\u00a0 B\u00fassolas magn\u00e9ticas usadas pela Ocean Networks Canada (ONC) para monitorar o oceano na costa canadense registraram uma significativa distor\u00e7\u00e3o no campo magn\u00e9tico da Terra, devido a um [&hellip;]<\/p>\n","protected":false},"author":1,"featured_media":84035,"comment_status":"open","ping_status":"open","sticky":false,"template":"","format":"standard","meta":{"footnotes":""},"categories":[5],"tags":[],"class_list":["post-84034","post","type-post","status-publish","format-standard","has-post-thumbnail","hentry","category-tecnologia"],"_links":{"self":[{"href":"https:\/\/wiy.com.br\/noticias\/wp-json\/wp\/v2\/posts\/84034","targetHints":{"allow":["GET"]}}],"collection":[{"href":"https:\/\/wiy.com.br\/noticias\/wp-json\/wp\/v2\/posts"}],"about":[{"href":"https:\/\/wiy.com.br\/noticias\/wp-json\/wp\/v2\/types\/post"}],"author":[{"embeddable":true,"href":"https:\/\/wiy.com.br\/noticias\/wp-json\/wp\/v2\/users\/1"}],"replies":[{"embeddable":true,"href":"https:\/\/wiy.com.br\/noticias\/wp-json\/wp\/v2\/comments?post=84034"}],"version-history":[{"count":1,"href":"https:\/\/wiy.com.br\/noticias\/wp-json\/wp\/v2\/posts\/84034\/revisions"}],"predecessor-version":[{"id":84036,"href":"https:\/\/wiy.com.br\/noticias\/wp-json\/wp\/v2\/posts\/84034\/revisions\/84036"}],"wp:featuredmedia":[{"embeddable":true,"href":"https:\/\/wiy.com.br\/noticias\/wp-json\/wp\/v2\/media\/84035"}],"wp:attachment":[{"href":"https:\/\/wiy.com.br\/noticias\/wp-json\/wp\/v2\/media?parent=84034"}],"wp:term":[{"taxonomy":"category","embeddable":true,"href":"https:\/\/wiy.com.br\/noticias\/wp-json\/wp\/v2\/categories?post=84034"},{"taxonomy":"post_tag","embeddable":true,"href":"https:\/\/wiy.com.br\/noticias\/wp-json\/wp\/v2\/tags?post=84034"}],"curies":[{"name":"wp","href":"https:\/\/api.w.org\/{rel}","templated":true}]}}