{"id":8398,"date":"2023-02-26T14:58:58","date_gmt":"2023-02-26T17:58:58","guid":{"rendered":"https:\/\/wiy.com.br\/noticias\/ninguem-foi-ao-bloco-bolsominions-marcado-para-acontecer-na-vila-madalena-2\/"},"modified":"2019-03-05T08:11:30","modified_gmt":"2019-03-05T11:11:30","slug":"ninguem-foi-ao-bloco-bolsominions-marcado-para-acontecer-na-vila-madalena-2","status":"publish","type":"post","link":"https:\/\/wiy.com.br\/noticias\/ninguem-foi-ao-bloco-bolsominions-marcado-para-acontecer-na-vila-madalena-2\/","title":{"rendered":"Ningu\u00e9m foi ao bloco Bolsominions, marcado para acontecer na Vila Madalena"},"content":{"rendered":"<p> <br \/>\n<\/p>\n<p>O bloco <strong>Bolsomions<\/strong> se inscreveu para pular Carnaval na rua Aspicuelta \u00e0s 15h deste domingo (3). <a href=\"https:\/\/aovivo.folha.uol.com.br\/cotidiano\/2019\/02\/24\/5654-aovivo.shtml#post387914\">Segundo reportagem da Folha de S. Paulo,<\/a> no entanto, ningu\u00e9m apareceu. Os foli\u00f5es teriam que estar entre as ruas Harmonia e Girassol.<\/p>\n<p>Diferentemente da maioria dos blocos, o Bolsominions n\u00e3o tem perfil &#8211; nem evento &#8211; nas redes sociais. Ainda de acordo com a Folha, quem passou pela rua procurava por outro bloco, o Lets Block, cujo ponto de encontro era na rua Harmonia. N\u00e3o se sabe se o bloco era a favor ou contra o presidente Jair Bolsonaro.<\/p>\n<p><br \/>\n<br \/><a href=\"http:\/\/vejasp.abril.com.br\/cidades\/bloco-bolsonaro-ninguem-vai\/\">Source link <\/a><\/p>\n","protected":false},"excerpt":{"rendered":"<p>O bloco Bolsomions se inscreveu para pular Carnaval na rua Aspicuelta \u00e0s 15h deste domingo (3). Segundo reportagem da Folha de S. Paulo, no entanto, ningu\u00e9m apareceu. Os foli\u00f5es teriam que estar entre as ruas Harmonia e Girassol. Diferentemente da maioria dos blocos, o Bolsominions n\u00e3o tem perfil &#8211; nem evento &#8211; nas redes sociais. [&hellip;]<\/p>\n","protected":false},"author":1,"featured_media":8178,"comment_status":"open","ping_status":"open","sticky":false,"template":"","format":"standard","meta":{"footnotes":""},"categories":[7],"tags":[],"class_list":["post-8398","post","type-post","status-publish","format-standard","has-post-thumbnail","hentry","category-economia"],"_links":{"self":[{"href":"https:\/\/wiy.com.br\/noticias\/wp-json\/wp\/v2\/posts\/8398","targetHints":{"allow":["GET"]}}],"collection":[{"href":"https:\/\/wiy.com.br\/noticias\/wp-json\/wp\/v2\/posts"}],"about":[{"href":"https:\/\/wiy.com.br\/noticias\/wp-json\/wp\/v2\/types\/post"}],"author":[{"embeddable":true,"href":"https:\/\/wiy.com.br\/noticias\/wp-json\/wp\/v2\/users\/1"}],"replies":[{"embeddable":true,"href":"https:\/\/wiy.com.br\/noticias\/wp-json\/wp\/v2\/comments?post=8398"}],"version-history":[{"count":0,"href":"https:\/\/wiy.com.br\/noticias\/wp-json\/wp\/v2\/posts\/8398\/revisions"}],"wp:featuredmedia":[{"embeddable":true,"href":"https:\/\/wiy.com.br\/noticias\/wp-json\/wp\/v2\/media\/8178"}],"wp:attachment":[{"href":"https:\/\/wiy.com.br\/noticias\/wp-json\/wp\/v2\/media?parent=8398"}],"wp:term":[{"taxonomy":"category","embeddable":true,"href":"https:\/\/wiy.com.br\/noticias\/wp-json\/wp\/v2\/categories?post=8398"},{"taxonomy":"post_tag","embeddable":true,"href":"https:\/\/wiy.com.br\/noticias\/wp-json\/wp\/v2\/tags?post=8398"}],"curies":[{"name":"wp","href":"https:\/\/api.w.org\/{rel}","templated":true}]}}