{"id":83839,"date":"2024-05-09T18:47:54","date_gmt":"2024-05-09T21:47:54","guid":{"rendered":"https:\/\/wiy.com.br\/noticias\/capacete-de-2-500-anos-e-encontrado-em-tumulo-na-croacia\/"},"modified":"2024-05-09T18:48:08","modified_gmt":"2024-05-09T21:48:08","slug":"capacete-de-2-500-anos-e-encontrado-em-tumulo-na-croacia","status":"publish","type":"post","link":"https:\/\/wiy.com.br\/noticias\/capacete-de-2-500-anos-e-encontrado-em-tumulo-na-croacia\/","title":{"rendered":"Capacete de 2.500 anos \u00e9 encontrado em t\u00famulo na Cro\u00e1cia"},"content":{"rendered":"<p> <br \/>\n<\/p>\n<p>Arque\u00f3logos descobriram um capacete de metal de 2.500 anos dentro de um t\u00famulo na Cro\u00e1cia que pode ter sido uma oferenda em promessa a alguma divindade ou parte de uma pr\u00e1tica de culto.<\/p>\n<p>De acordo com o l\u00edder da escava\u00e7\u00e3o, Hrvoje Potrebica, professor de arqueologia da Universidade de Zagreb, o objeto foi desenterrado em uma estrutura de pedra dentro de um monte funer\u00e1rio no s\u00edtio arqueol\u00f3gico de Gomile.\u00a0<\/p>\n<p>Esse local tem v\u00e1rios t\u00famulos e est\u00e1 situado perto da aldeia de Zakotorac, na Pen\u00ednsula de Pelje\u0161ac, perto do Mar Adri\u00e1tico. \u201cCada monte cont\u00e9m v\u00e1rias sepulturas e cada sepultura abriga v\u00e1rios enterros\u201d, disse Potrebica ao site <a href=\"https:\/\/www.livescience.com\/archaeology\/2500-year-old-illyrian-helmet-found-in-burial-mound-likely-caused-awe-in-the-enemy\" target=\"_blank\" rel=\"noreferrer noopener nofollow\"><em>Live Science<\/em><\/a>.<\/p>\n<figure class=\"wp-block-embed is-type-video is-provider-youtube wp-block-embed-youtube wp-embed-aspect-16-9 wp-has-aspect-ratio\">\n<div class=\"wp-block-embed__wrapper\">\n<\/div>\n<\/figure>\n<h2 class=\"wp-block-heading\" id=\"h-de-quem-era-o-capacete-descoberto-na-croacia\"><strong>De quem era o capacete descoberto na Cro\u00e1cia<\/strong><\/h2>\n<p>Segundo registros gregos antigos, um povo chamado de il\u00edrios surgiu na regi\u00e3o na \u00e9poca em que o capacete foi feito. Os il\u00edrios foram divididos entre diferentes tribos e reinos e foram gradualmente conquistados pelos romanos em uma s\u00e9rie de guerras entre 229 e 168 a.C.<\/p>\n<p>A estrutura de pedra onde estava o capacete foi encontrada separada de todas as sepulturas no monte funer\u00e1rio, o que sugere que ela foi projetada como um local para oferenda votiva \u201ca antepassados falecidos ou parte de alguma pr\u00e1tica de culto relacionada a todo o monte e n\u00e3o um indiv\u00edduo em particular ou uma sepultura\u201d, disse Potrebica.<\/p>\n<p>Domagoj Perki\u0107, diretor do Museu Arqueol\u00f3gico, que faz parte dos Museus de Dubrovnik, e pesquisador que trabalha na escava\u00e7\u00e3o, acredita que se o capacete rec\u00e9m-encontrado foi usado em batalha, pode ter causado um efeito psicol\u00f3gico sobre o oponente. \u201cBasta tentar imaginar um guerreiro com um capacete brilhante na cabe\u00e7a, ao sol, na v\u00e9spera de uma batalha. Esse momento, por si s\u00f3, causa espanto no inimigo\u201d.<\/p>\n<figure class=\"wp-block-image size-large\"><figcaption class=\"wp-element-caption\">Equipe de escava\u00e7\u00e3o desenterrando o capacete il\u00edrio. Cr\u00e9dito: Museus de Dubrovnik<\/figcaption><\/figure>\n<p><strong>Leia mais:<\/strong><\/p>\n<ul>\n<li>Obra na cozinha faz fam\u00edlia inglesa encontrar tesouro enterrado<\/li>\n<li>Descoberta de monumentos revela pr\u00e1ticas funer\u00e1rias na Irlanda antiga<\/li>\n<li>Estrada escondida do s\u00e9culo 12 \u00e9 encontrada em santu\u00e1rio no Vietn\u00e3<\/li>\n<\/ul>\n<p>Em 2020, segundo Potrebica, arque\u00f3logos encontraram outro capacete guardado em uma estrutura de pedra em um t\u00famulo pr\u00f3ximo. Da mesma forma que o objeto rec\u00e9m-encontrado, aquele provavelmente tamb\u00e9m n\u00e3o foi feito para qualquer pessoa ou t\u00famulo.<\/p>\n<p>O Centro de Pesquisa Pr\u00e9-hist\u00f3rica de Zagreb, do qual Potrebica \u00e9 presidente, est\u00e1 coordenando pesquisas no s\u00edtio de Gomile e colaborando com cientistas dos Museus de Dubrovnik e do Instituto de Arqueologia da Cro\u00e1cia.<\/p>\n<h2 class=\"wp-block-heading\" id=\"h-espada-milenar-excalibur-e-encontrada-na-espanha\"><strong>Espada milenar \u2018Excalibur\u2019 \u00e9 encontrada na Espanha<\/strong><\/h2>\n<p>Outro objeto arqueol\u00f3gico curioso encontrado recentemente foi uma rara e milenar espada apelidada de \u201cExcalibur\u201d, descoberta em Val\u00eancia, na Espanha. O artefato, no entanto, n\u00e3o tem liga\u00e7\u00e3o com a arma lend\u00e1ria do Rei Arthur e foi empunhada pela \u00faltima vez quando parte do territ\u00f3rio espanhol ainda era controlado pelos mu\u00e7ulmanos, revela um novo estudo.<\/p>\n<p>A espada de ferro com 46 cent\u00edmetros de comprimento foi encontrada em uma casa da era isl\u00e2mica pr\u00f3xima ao antigo f\u00f3rum romano. O punho \u00e9 decorado com placas de bronze e cont\u00e9m entalhes que tornam a espada mais f\u00e1cil de manusear, segundo um<a href=\"https:\/\/www.valencia.es\/cas\/actualidad\/-\/content\/espada-isl%C3%A1mica\" target=\"_blank\" rel=\"noreferrer noopener nofollow\"> comunicado<\/a>.<\/p>\n<p>Ela foi encontrada em posi\u00e7\u00e3o vertical dentro de uma sepultura, da\u00ed o apelido em homenagem \u00e0 espada do Rei Arthur \u2013 que, segundo a lenda medieval, puxou a espada de uma pedra e ascendeu ao trono da Gr\u00e3-Bretanha. Saiba mais sobre esse achado aqui.<\/p>\n<p>O post Capacete de 2.500 anos \u00e9 encontrado em t\u00famulo na Cro\u00e1cia apareceu primeiro em Olhar Digital.<\/p>\n<p><br \/>\n<br \/><a href=\"https:\/\/olhardigital.com.br\/2024\/05\/09\/ciencia-e-espaco\/capacete-de-2-500-anos-e-encontrado-em-tumulo-na-croacia\/\">Fonte do Artigo <\/a><br \/>\nTags:<\/p>\n<p><a title=\"Gestor de Tr\u00e1fego\" href=\"https:\/\/www.gestor-de-trafego.com\/\" target=\"_blank\" rel=\"noopener\"><strong>Gestor de Tr\u00e1fego<\/strong><\/a><\/p>\n<p><a href=\"https:\/\/wiy.com.br\/noticias\/categoria\/tecnologia\/\">#tecnologia<\/a> <a href=\"https:\/\/wiy.com.br\/noticias\/categoria\/tecnologia\/\">#tecnologias<\/a> <a href=\"https:\/\/wiy.com.br\/noticias\/categoria\/tecnologia\/\">#technology<\/a> <a href=\"https:\/\/wiy.com.br\/noticias\/categoria\/tecnologia\/\">#tecnolog<\/a> <a href=\"https:\/\/wiy.com.br\/noticias\/categoria\/tecnologia\/\">#iphone<\/a> <a href=\"https:\/\/wiy.com.br\/noticias\/categoria\/tecnologia\/\">#informatica<\/a> <a href=\"https:\/\/wiy.com.br\/noticias\/categoria\/tecnologia\/\">#tech<\/a> <a href=\"https:\/\/wiy.com.br\/noticias\/categoria\/tecnologia\/\">#design<\/a> <a href=\"https:\/\/wiy.com.br\/noticias\/categoria\/tecnologia\/\">#samsung<\/a> <a href=\"https:\/\/wiy.com.br\/noticias\/categoria\/tecnologia\/\">#internet<\/a> <a href=\"https:\/\/wiy.com.br\/noticias\/categoria\/tecnologia\/\">#apple<\/a> <a href=\"https:\/\/wiy.com.br\/noticias\/categoria\/tecnologia\/\">#smartphone<\/a> <a href=\"https:\/\/wiy.com.br\/noticias\/categoria\/tecnologia\/\">#seguranca<\/a> <a href=\"https:\/\/wiy.com.br\/noticias\/categoria\/tecnologia\/\">#venezuela<\/a> <a href=\"https:\/\/wiy.com.br\/noticias\/categoria\/tecnologia\/\">#celular<\/a> <a href=\"https:\/\/wiy.com.br\/noticias\/categoria\/tecnologia\/\">#celulares<\/a> <a href=\"https:\/\/wiy.com.br\/noticias\/categoria\/tecnologia\/\">#inovar<\/a> <a href=\"https:\/\/wiy.com.br\/noticias\/categoria\/tecnologia\/\">#qualidade<\/a> <a href=\"https:\/\/wiy.com.br\/noticias\/categoria\/tecnologia\/\">#software<\/a> <a href=\"https:\/\/wiy.com.br\/noticias\/categoria\/tecnologia\/\">#empresas<\/a> <a href=\"https:\/\/wiy.com.br\/noticias\/categoria\/tecnologia\/\">#cursos<\/a> <a href=\"https:\/\/wiy.com.br\/noticias\/categoria\/tecnologia\/\">#engenharia<\/a> <a href=\"https:\/\/wiy.com.br\/noticias\/categoria\/tecnologia\/\">#industria<\/a> <a href=\"https:\/\/wiy.com.br\/noticias\/categoria\/tecnologia\/\">#marketing<\/a> <a href=\"https:\/\/wiy.com.br\/noticias\/categoria\/tecnologia\/\">#ti<\/a> <a href=\"https:\/\/wiy.com.br\/noticias\/categoria\/tecnologia\/\">#tecnoblog<\/a> <a href=\"https:\/\/wiy.com.br\/noticias\/categoria\/tecnologia\/\">#veja<\/a> <a href=\"https:\/\/wiy.com.br\/noticias\/categoria\/tecnologia\/\">#olhardigital<\/a> <a href=\"https:\/\/wiy.com.br\/noticias\/categoria\/tecnologia\/\">#mundodigital<\/a> <a href=\"https:\/\/wiy.com.br\/noticias\/categoria\/tecnologia\/\">#inteligenciaartificial<\/a> <a href=\"https:\/\/wiy.com.br\/criacao-de-sites\/\">#criar site<\/a> <a href=\"https:\/\/wiy.com.br\/criacao-de-sites\/\">#criar site curitiba<\/a> <a href=\"https:\/\/wiy.com.br\/criacao-de-sites\/\">#wiysolutions<\/a><\/p>\n<p><a \n#Capacete #anos #encontrado #t\u00famulo #Cro\u00e1cia\n<\/p>\n","protected":false},"excerpt":{"rendered":"<p>Arque\u00f3logos descobriram um capacete de metal de 2.500 anos dentro de um t\u00famulo na Cro\u00e1cia que pode ter sido uma oferenda em promessa a alguma divindade ou parte de uma pr\u00e1tica de culto. De acordo com o l\u00edder da escava\u00e7\u00e3o, Hrvoje Potrebica, professor de arqueologia da Universidade de Zagreb, o objeto foi desenterrado em uma [&hellip;]<\/p>\n","protected":false},"author":1,"featured_media":83840,"comment_status":"open","ping_status":"open","sticky":false,"template":"","format":"standard","meta":{"footnotes":""},"categories":[5],"tags":[],"class_list":["post-83839","post","type-post","status-publish","format-standard","has-post-thumbnail","hentry","category-tecnologia"],"_links":{"self":[{"href":"https:\/\/wiy.com.br\/noticias\/wp-json\/wp\/v2\/posts\/83839","targetHints":{"allow":["GET"]}}],"collection":[{"href":"https:\/\/wiy.com.br\/noticias\/wp-json\/wp\/v2\/posts"}],"about":[{"href":"https:\/\/wiy.com.br\/noticias\/wp-json\/wp\/v2\/types\/post"}],"author":[{"embeddable":true,"href":"https:\/\/wiy.com.br\/noticias\/wp-json\/wp\/v2\/users\/1"}],"replies":[{"embeddable":true,"href":"https:\/\/wiy.com.br\/noticias\/wp-json\/wp\/v2\/comments?post=83839"}],"version-history":[{"count":1,"href":"https:\/\/wiy.com.br\/noticias\/wp-json\/wp\/v2\/posts\/83839\/revisions"}],"predecessor-version":[{"id":83841,"href":"https:\/\/wiy.com.br\/noticias\/wp-json\/wp\/v2\/posts\/83839\/revisions\/83841"}],"wp:featuredmedia":[{"embeddable":true,"href":"https:\/\/wiy.com.br\/noticias\/wp-json\/wp\/v2\/media\/83840"}],"wp:attachment":[{"href":"https:\/\/wiy.com.br\/noticias\/wp-json\/wp\/v2\/media?parent=83839"}],"wp:term":[{"taxonomy":"category","embeddable":true,"href":"https:\/\/wiy.com.br\/noticias\/wp-json\/wp\/v2\/categories?post=83839"},{"taxonomy":"post_tag","embeddable":true,"href":"https:\/\/wiy.com.br\/noticias\/wp-json\/wp\/v2\/tags?post=83839"}],"curies":[{"name":"wp","href":"https:\/\/api.w.org\/{rel}","templated":true}]}}