{"id":83211,"date":"2024-03-31T17:02:20","date_gmt":"2024-03-31T20:02:20","guid":{"rendered":"https:\/\/wiy.com.br\/noticias\/ia-pode-ajudar-a-reverter-a-crise-climatica\/"},"modified":"2024-03-31T17:02:31","modified_gmt":"2024-03-31T20:02:31","slug":"ia-pode-ajudar-a-reverter-a-crise-climatica","status":"publish","type":"post","link":"https:\/\/wiy.com.br\/noticias\/ia-pode-ajudar-a-reverter-a-crise-climatica\/","title":{"rendered":"IA pode ajudar a reverter a crise clim\u00e1tica?"},"content":{"rendered":"<p> <br \/>\n<\/p>\n<p><em>Por Savile Alves, s\u00f3cia fundadora da\u00a0SOLOS<\/em><\/p>\n<p>O ver\u00e3o j\u00e1 se foi, mas o calor permanece. Na v\u00e9spera da entrada do outono, o Rio de Janeiro registrou sensa\u00e7\u00e3o t\u00e9rmica de 62\u00b0C. Entretanto, esse recorde n\u00e3o deve ser comemorado pela cidade maravilhosa. Ele representa um claro sinal de que a crise clim\u00e1tica est\u00e1 se agravando e que viver no planeta \u00e9 um risco. Uma unanimidade entre os pesquisadores mais renomados do mundo \u00e9 o fato de que essa acelera\u00e7\u00e3o da mudan\u00e7a do clima est\u00e1 sendo causada pelas atividades humanas.<\/p>\n<p><strong>Leia mais:<\/strong><\/p>\n<ul>\n<li>IA deve aumentar gasto de energia e fake news clim\u00e1tica, diz relat\u00f3rio<\/li>\n<li>Brasil \u00e9 o 4\u00ba pa\u00eds que mais usa ChatGPT no mundo, diz levantamento<\/li>\n<li>Golpe do MEI: novo esquema cobra \u2018taxa associativa\u2019: veja como identificar<\/li>\n<\/ul>\n<p>\u201cA Terra n\u00e3o pertence \u00e0s pessoas; as pessoas pertencem \u00e0 Terra\u201d. \u00c9 o que evidencia o professor, cientista e astrof\u00edsico, Marcelo Gleiser. Ele defende ainda que matematicamente o Planeta Terra \u00e9 um dos rar\u00edssimos com vida abundante e belezas t\u00e3o impressionantes de todo o universo e alerta que, sem uma nova conduta moral com a natureza, nossa esp\u00e9cie est\u00e1 completamente fadada ao desaparecimento.<\/p>\n<p>Tal como diria Hemingway, \u201cDevagar e, ent\u00e3o, de repente\u201d a Intelig\u00eancia Artificial passou a dominar o debate p\u00fablico, sendo tema de palestras dos principais eventos de tecnologia e inova\u00e7\u00e3o, na academia e no meio corporativo.<\/p>\n<p>A grande pergunta \u00e9: diante de um problema t\u00e3o grave, urgente e tendente, como a IA vai nos ajudar a sair desse buraco?<\/p>\n<figure class=\"wp-block-image size-large\"><figcaption>(Cr\u00e9dito: MST. Rowshonara Begum \u2013 Shutterstock)<\/figcaption><\/figure>\n<h2 id=\"h-disponibilidade-da-informacao\">Disponibilidade da informa\u00e7\u00e3o<\/h2>\n<p>Com a intensifica\u00e7\u00e3o do uso de tecnologia associada \u00e0 IA em nosso dia a dia, \u00e9 preciso que buscadores e redes sociais, aqui expressamente trazendo responsabilidade para Google e Facebook, associem aos algoritmos a disponibilidade de informa\u00e7\u00e3o sobre como as atividades de cada indiv\u00edduo contribuem para esse agravamento e estimulem o acesso \u00e0 informa\u00e7\u00e3o.<\/p>\n<h2>Verifica\u00e7\u00e3o de dados<\/h2>\n<p>Uso de tecnologia para que sejam cada vez mais precisos e automatizados os dados sobre as atividades correlatas \u00e0s emiss\u00f5es de CO2. Tamb\u00e9m \u00e9 preciso trazer respostas imediatas para reduzir emiss\u00f5es, tornando mais eficientes os processos dentro das cidades e das empresas.<\/p>\n<figure class=\"wp-block-image size-large\"><img title = \"[Tags]\"decoding=\"async\" loading=\"lazy\" width=\"1024\" height=\"576\" src=\"https:\/\/img.odcdn.com.br\/wp-content\/uploads\/2024\/03\/Destaque-Inteligencia-artificial-no-trabalho-1024x576.jpg\"alt = \"Destaque-Inteligencia-artificial-no-trabalho-1024x576 IA pode ajudar a reverter a crise clim\u00e1tica?\" class=\"wp-image-789112\"><figcaption>(Imagem: Pedro Spadoni via DALL-E\/Olhar Digital)<\/figcaption><\/figure>\n<h2>Diminui\u00e7\u00e3o das emiss\u00f5es de CO2<\/h2>\n<p>A intelig\u00eancia artificial tamb\u00e9m precisa ser usada para otimizar o consumo energ\u00e9tico, como, por exemplo, tem proposto o Google, com o programa Environmental Insights Explorer. A iniciativa sugere apoio \u00e0s cidades para otimizar sem\u00e1foros para que os carros sejam mais eficientes e emitam menos CO2.<\/p>\n<h2>Otimiza\u00e7\u00e3o na gest\u00e3o de res\u00edduos<\/h2>\n<p>\u00c9 poss\u00edvel, ainda, usar a IA para:<\/p>\n<ul>\n<li>Melhorar a identifica\u00e7\u00e3o dos res\u00edduos;<\/li>\n<li>Permitir que haja uma coleta mais eficiente;<\/li>\n<li>As unidades de separa\u00e7\u00e3o tamb\u00e9m poder\u00e3o usar a tecnologia para otimizar a separa\u00e7\u00e3o dos materiais.<\/li>\n<li>Reverter ou atenuar os efeitos da emerg\u00eancia clim\u00e1tica, possibilitando, democraticamente e em larga escala, monitorar com maior agilidade que humanos as imagens de sat\u00e9lites que revelam potenciais ocorr\u00eancias de inunda\u00e7\u00f5es, deslizamentos e queimadas, para que popula\u00e7\u00f5es possam ser retiradas das \u00e1reas de risco.<\/li>\n<\/ul>\n<p>A humanidade tem sido boa em criar tecnologias e avan\u00e7os cient\u00edficos. Agora, nosso maior desafio \u00e9 evoluirmos com nossas estruturas norteadoras de \u00e9tica e moral para que possam usar nosso tempo, conhecimentos e capacidades para fazer o certo!<\/p>\n<\/p>\n<p>O post IA pode ajudar a reverter a crise clim\u00e1tica? apareceu primeiro em Olhar Digital.<\/p>\n<p><br \/>\n<br \/><a href=\"https:\/\/olhardigital.com.br\/2024\/03\/31\/pro\/ia-pode-ajudar-a-reverter-a-crise-climatica\/\">Fonte do Artigo <\/a><br \/>\nTags:<\/p>\n<p><a title=\"Gestor de Tr\u00e1fego\" href=\"https:\/\/www.gestor-de-trafego.com\/\" target=\"_blank\" rel=\"noopener\"><strong>Gestor de Tr\u00e1fego<\/strong><\/a><\/p>\n<p><a href=\"https:\/\/wiy.com.br\/noticias\/categoria\/tecnologia\/\">#tecnologia<\/a> <a href=\"https:\/\/wiy.com.br\/noticias\/categoria\/tecnologia\/\">#tecnologias<\/a> <a href=\"https:\/\/wiy.com.br\/noticias\/categoria\/tecnologia\/\">#technology<\/a> <a href=\"https:\/\/wiy.com.br\/noticias\/categoria\/tecnologia\/\">#tecnolog<\/a> <a href=\"https:\/\/wiy.com.br\/noticias\/categoria\/tecnologia\/\">#iphone<\/a> <a href=\"https:\/\/wiy.com.br\/noticias\/categoria\/tecnologia\/\">#informatica<\/a> <a href=\"https:\/\/wiy.com.br\/noticias\/categoria\/tecnologia\/\">#tech<\/a> <a href=\"https:\/\/wiy.com.br\/noticias\/categoria\/tecnologia\/\">#design<\/a> <a href=\"https:\/\/wiy.com.br\/noticias\/categoria\/tecnologia\/\">#samsung<\/a> <a href=\"https:\/\/wiy.com.br\/noticias\/categoria\/tecnologia\/\">#internet<\/a> <a href=\"https:\/\/wiy.com.br\/noticias\/categoria\/tecnologia\/\">#apple<\/a> <a href=\"https:\/\/wiy.com.br\/noticias\/categoria\/tecnologia\/\">#smartphone<\/a> <a href=\"https:\/\/wiy.com.br\/noticias\/categoria\/tecnologia\/\">#seguranca<\/a> <a href=\"https:\/\/wiy.com.br\/noticias\/categoria\/tecnologia\/\">#venezuela<\/a> <a href=\"https:\/\/wiy.com.br\/noticias\/categoria\/tecnologia\/\">#celular<\/a> <a href=\"https:\/\/wiy.com.br\/noticias\/categoria\/tecnologia\/\">#celulares<\/a> <a href=\"https:\/\/wiy.com.br\/noticias\/categoria\/tecnologia\/\">#inovar<\/a> <a href=\"https:\/\/wiy.com.br\/noticias\/categoria\/tecnologia\/\">#qualidade<\/a> <a href=\"https:\/\/wiy.com.br\/noticias\/categoria\/tecnologia\/\">#software<\/a> <a href=\"https:\/\/wiy.com.br\/noticias\/categoria\/tecnologia\/\">#empresas<\/a> <a href=\"https:\/\/wiy.com.br\/noticias\/categoria\/tecnologia\/\">#cursos<\/a> <a href=\"https:\/\/wiy.com.br\/noticias\/categoria\/tecnologia\/\">#engenharia<\/a> <a href=\"https:\/\/wiy.com.br\/noticias\/categoria\/tecnologia\/\">#industria<\/a> <a href=\"https:\/\/wiy.com.br\/noticias\/categoria\/tecnologia\/\">#marketing<\/a> <a href=\"https:\/\/wiy.com.br\/noticias\/categoria\/tecnologia\/\">#ti<\/a> <a href=\"https:\/\/wiy.com.br\/noticias\/categoria\/tecnologia\/\">#tecnoblog<\/a> <a href=\"https:\/\/wiy.com.br\/noticias\/categoria\/tecnologia\/\">#veja<\/a> <a href=\"https:\/\/wiy.com.br\/noticias\/categoria\/tecnologia\/\">#olhardigital<\/a> <a href=\"https:\/\/wiy.com.br\/noticias\/categoria\/tecnologia\/\">#mundodigital<\/a> <a href=\"https:\/\/wiy.com.br\/noticias\/categoria\/tecnologia\/\">#inteligenciaartificial<\/a> <a href=\"https:\/\/wiy.com.br\/criacao-de-sites\/\">#criar site<\/a> <a href=\"https:\/\/wiy.com.br\/criacao-de-sites\/\">#criar site curitiba<\/a> <a href=\"https:\/\/wiy.com.br\/criacao-de-sites\/\">#wiysolutions<\/a><\/p>\n<p><a \n#pode #ajudar #reverter #crise #clim\u00e1tica\n<\/p>\n","protected":false},"excerpt":{"rendered":"<p>Por Savile Alves, s\u00f3cia fundadora da\u00a0SOLOS O ver\u00e3o j\u00e1 se foi, mas o calor permanece. Na v\u00e9spera da entrada do outono, o Rio de Janeiro registrou sensa\u00e7\u00e3o t\u00e9rmica de 62\u00b0C. Entretanto, esse recorde n\u00e3o deve ser comemorado pela cidade maravilhosa. Ele representa um claro sinal de que a crise clim\u00e1tica est\u00e1 se agravando e que [&hellip;]<\/p>\n","protected":false},"author":1,"featured_media":83212,"comment_status":"open","ping_status":"open","sticky":false,"template":"","format":"standard","meta":{"footnotes":""},"categories":[5],"tags":[],"class_list":["post-83211","post","type-post","status-publish","format-standard","has-post-thumbnail","hentry","category-tecnologia"],"_links":{"self":[{"href":"https:\/\/wiy.com.br\/noticias\/wp-json\/wp\/v2\/posts\/83211","targetHints":{"allow":["GET"]}}],"collection":[{"href":"https:\/\/wiy.com.br\/noticias\/wp-json\/wp\/v2\/posts"}],"about":[{"href":"https:\/\/wiy.com.br\/noticias\/wp-json\/wp\/v2\/types\/post"}],"author":[{"embeddable":true,"href":"https:\/\/wiy.com.br\/noticias\/wp-json\/wp\/v2\/users\/1"}],"replies":[{"embeddable":true,"href":"https:\/\/wiy.com.br\/noticias\/wp-json\/wp\/v2\/comments?post=83211"}],"version-history":[{"count":1,"href":"https:\/\/wiy.com.br\/noticias\/wp-json\/wp\/v2\/posts\/83211\/revisions"}],"predecessor-version":[{"id":83213,"href":"https:\/\/wiy.com.br\/noticias\/wp-json\/wp\/v2\/posts\/83211\/revisions\/83213"}],"wp:featuredmedia":[{"embeddable":true,"href":"https:\/\/wiy.com.br\/noticias\/wp-json\/wp\/v2\/media\/83212"}],"wp:attachment":[{"href":"https:\/\/wiy.com.br\/noticias\/wp-json\/wp\/v2\/media?parent=83211"}],"wp:term":[{"taxonomy":"category","embeddable":true,"href":"https:\/\/wiy.com.br\/noticias\/wp-json\/wp\/v2\/categories?post=83211"},{"taxonomy":"post_tag","embeddable":true,"href":"https:\/\/wiy.com.br\/noticias\/wp-json\/wp\/v2\/tags?post=83211"}],"curies":[{"name":"wp","href":"https:\/\/api.w.org\/{rel}","templated":true}]}}