{"id":82756,"date":"2024-02-23T19:05:23","date_gmt":"2024-02-23T22:05:23","guid":{"rendered":"https:\/\/wiy.com.br\/noticias\/censo-2023-escolas-estao-mais-conectadas-com-excecao-da-regiao-norte\/"},"modified":"2024-02-23T19:05:23","modified_gmt":"2024-02-23T22:05:23","slug":"censo-2023-escolas-estao-mais-conectadas-com-excecao-da-regiao-norte","status":"publish","type":"post","link":"https:\/\/wiy.com.br\/noticias\/censo-2023-escolas-estao-mais-conectadas-com-excecao-da-regiao-norte\/","title":{"rendered":"Censo 2023: escolas est\u00e3o mais conectadas, com exce\u00e7\u00e3o da regi\u00e3o Norte"},"content":{"rendered":"<p> <br \/>\n<\/p>\n<p>Dados do Censo Escolar 2023 refor\u00e7am uma desigualdade entre as regi\u00f5es do pa\u00eds. Essa caracter\u00edstica ganha maior destaque quando o t\u00f3pico analisado \u00e9 a rede de inform\u00e1tica e o acesso \u00e0 internet de escolas p\u00fablicas.<\/p>\n<p>Nas regi\u00f5es Sul, Sudeste e Centro-Oeste, 98,7% das institui\u00e7\u00f5es t\u00eam acesso \u00e0 rede. Esse percentual cai um pouco na regi\u00e3o Nordeste (88,9%), e sofre um tombo na regi\u00e3o Norte, onde alcan\u00e7ou apenas 63,4% dos col\u00e9gios. Os n\u00fameros foram divulgados pelo Minist\u00e9rio da Educa\u00e7\u00e3o na \u00faltima quinta-feira (22).<\/p>\n<p><strong>Leia mais<\/strong><\/p>\n<ul>\n<li>Governo da Inglaterra orienta escolas a proibirem celulares<\/li>\n<li>Escrever \u00e0 m\u00e3o estimula mais o c\u00e9rebro do que digitar, diz estudo<\/li>\n<li>IA na educa\u00e7\u00e3o: estudantes est\u00e3o colando mais? Pesquisa responde<\/li>\n<\/ul>\n<p>Apesar dessa diferen\u00e7a regional, o Brasil como um todo registrou um avan\u00e7o da conectividade ao longo dos \u00faltimos anos.<\/p>\n<p>De acordo com o levantamento, 88,5% das escolas p\u00fablicas tinham acesso \u00e0 internet em 2023, uma alta de quase 10 pontos percentuais em compara\u00e7\u00e3o a 2021, quando essa propor\u00e7\u00e3o era de 78,3%.<\/p>\n<p>Quando o assunto \u00e9 a rede privada, o \u00edndice chega a quase 100% \u2013 e j\u00e1 era assim antes de 2020.<\/p>\n<h3 id=\"h-meta-ambiciosa\">Meta ambiciosa<\/h3>\n<ul>\n<li>O governo federal assumiu o compromisso de universalizar a conectividade para fins pedag\u00f3gicos em todas as escolas p\u00fablicas de educa\u00e7\u00e3o b\u00e1sica do pa\u00eds at\u00e9 2026.<\/li>\n<li>Para isso, lan\u00e7ou no ano passado um programa chamado <a href=\"https:\/\/www.gov.br\/mec\/pt-br\/assuntos\/noticias\/2023\/outubro\/mec-detalha-passo-a-passo-para-adesao-das-redes-a-enec\" target=\"_blank\" rel=\"noreferrer noopener\">Enec<\/a>, a Estrat\u00e9gia Nacional de Escolas Conectadas.<\/li>\n<li>A iniciativa \u00e9 uma parceria entre o Minist\u00e9rio da Educa\u00e7\u00e3o e o Minist\u00e9rio das Comunica\u00e7\u00f5es.<\/li>\n<li>A proposta, por\u00e9m, n\u00e3o teve 100% de \u00eaxito.<\/li>\n<li>At\u00e9 agora, 92% dos munic\u00edpios eleg\u00edveis aderiram, o que significa que 400 cidades continuam de fora.<\/li>\n<li>O problema \u00e9 maior na regi\u00e3o Norte, como deixam claro os dados vistos acima.<\/li>\n<li>A maior parte dos estados dessa regi\u00e3o sofre com problemas de infraestrutura de rede.<\/li>\n<li>Para levar internet a regi\u00f5es isoladas \u00e9 necess\u00e1ria a constru\u00e7\u00e3o de infovias subfluviais ou aderir a solu\u00e7\u00f5es para internet via sat\u00e9lite.<\/li>\n<\/ul>\n<h3 id=\"h-mais-sobre-o-censo-escolar\">Mais sobre o Censo Escolar<\/h3>\n<p>O Censo Escolar \u00e9 responsabilidade do Instituto Nacional de Estudos e Pesquisas Educacionais An\u00edsio Teixeira (Inep), o \u00f3rg\u00e3o de pesquisa do Minist\u00e9rio da Educa\u00e7\u00e3o. Trata-se da principal levantamento estat\u00edstico da educa\u00e7\u00e3o brasileira.<\/p>\n<p>O Censo \u00e9 realizado com a participa\u00e7\u00e3o de todas as escolas p\u00fablicas e privadas do pa\u00eds, que informam seus dados ao Inep.<\/p>\n<p>Nele, \u00e9 poss\u00edvel descobrir o n\u00famero de escolas, professores, turmas e matr\u00edculas da educa\u00e7\u00e3o b\u00e1sica nas principais modalidades: ensino regular, educa\u00e7\u00e3o especial, educa\u00e7\u00e3o de jovens e adultos (EJA) e educa\u00e7\u00e3o profissional.<\/p>\n<p>O Censo tamb\u00e9m mede informa\u00e7\u00f5es sobre a infraestrutura das escolas \u2013 como \u00e9 o caso dos computadores e acesso \u00e0 internet sobre o qual falamos agora.<\/p>\n<p>A ferramenta tamb\u00e9m traz dados importantes sobre escolaridade. A pesquisa mais recente revelou, por exemplo, que 8,8 milh\u00f5es de brasileiros de 18 a 29 anos n\u00e3o terminaram o Ensino M\u00e9dio e n\u00e3o frequentam nenhuma institui\u00e7\u00e3o de educa\u00e7\u00e3o b\u00e1sica \u2013 ou seja, n\u00e3o t\u00eam interesse em concluir.<\/p>\n<p>Entre todas as faixas de idade, s\u00e3o mais de 68 milh\u00f5es de pessoas que n\u00e3o conclu\u00edram a escolariza\u00e7\u00e3o b\u00e1sica.<\/p>\n<p>As informa\u00e7\u00f5es s\u00e3o do <a href=\"https:\/\/www.gov.br\/inep\/pt-br\/assuntos\/noticias\/censo-escolar\/mec-e-inep-divulgam-resultados-do-censo-escolar-2023\" target=\"_blank\" rel=\"noreferrer noopener\">Minist\u00e9rio da Educa\u00e7\u00e3o<\/a>.<\/p>\n<p>O post Censo 2023: escolas est\u00e3o mais conectadas, com exce\u00e7\u00e3o da regi\u00e3o Norte apareceu primeiro em Olhar Digital.<\/p>\n<p><br \/>\n<br \/><a href=\"https:\/\/olhardigital.com.br\/2024\/02\/23\/pro\/censo-2023-escolas-estao-mais-conectadas-com-excecao-da-regiao-norte\/\">Fonte do Artigo <\/a><br \/>\nTags:<\/p>\n<p><a title=\"Gestor de Tr\u00e1fego\" href=\"https:\/\/www.gestor-de-trafego.com\/\" target=\"_blank\" rel=\"noopener\"><strong>Gestor de Tr\u00e1fego<\/strong><\/a><\/p>\n<p><a href=\"https:\/\/wiy.com.br\/noticias\/categoria\/tecnologia\/\">#tecnologia<\/a> <a href=\"https:\/\/wiy.com.br\/noticias\/categoria\/tecnologia\/\">#tecnologias<\/a> <a href=\"https:\/\/wiy.com.br\/noticias\/categoria\/tecnologia\/\">#technology<\/a> <a href=\"https:\/\/wiy.com.br\/noticias\/categoria\/tecnologia\/\">#tecnolog<\/a> <a href=\"https:\/\/wiy.com.br\/noticias\/categoria\/tecnologia\/\">#iphone<\/a> <a href=\"https:\/\/wiy.com.br\/noticias\/categoria\/tecnologia\/\">#informatica<\/a> <a href=\"https:\/\/wiy.com.br\/noticias\/categoria\/tecnologia\/\">#tech<\/a> <a href=\"https:\/\/wiy.com.br\/noticias\/categoria\/tecnologia\/\">#design<\/a> <a href=\"https:\/\/wiy.com.br\/noticias\/categoria\/tecnologia\/\">#samsung<\/a> <a href=\"https:\/\/wiy.com.br\/noticias\/categoria\/tecnologia\/\">#internet<\/a> <a href=\"https:\/\/wiy.com.br\/noticias\/categoria\/tecnologia\/\">#apple<\/a> <a href=\"https:\/\/wiy.com.br\/noticias\/categoria\/tecnologia\/\">#smartphone<\/a> <a href=\"https:\/\/wiy.com.br\/noticias\/categoria\/tecnologia\/\">#seguranca<\/a> <a href=\"https:\/\/wiy.com.br\/noticias\/categoria\/tecnologia\/\">#venezuela<\/a> <a href=\"https:\/\/wiy.com.br\/noticias\/categoria\/tecnologia\/\">#celular<\/a> <a href=\"https:\/\/wiy.com.br\/noticias\/categoria\/tecnologia\/\">#celulares<\/a> <a href=\"https:\/\/wiy.com.br\/noticias\/categoria\/tecnologia\/\">#inovar<\/a> <a href=\"https:\/\/wiy.com.br\/noticias\/categoria\/tecnologia\/\">#qualidade<\/a> <a href=\"https:\/\/wiy.com.br\/noticias\/categoria\/tecnologia\/\">#software<\/a> <a href=\"https:\/\/wiy.com.br\/noticias\/categoria\/tecnologia\/\">#empresas<\/a> <a href=\"https:\/\/wiy.com.br\/noticias\/categoria\/tecnologia\/\">#cursos<\/a> <a href=\"https:\/\/wiy.com.br\/noticias\/categoria\/tecnologia\/\">#engenharia<\/a> <a href=\"https:\/\/wiy.com.br\/noticias\/categoria\/tecnologia\/\">#industria<\/a> <a href=\"https:\/\/wiy.com.br\/noticias\/categoria\/tecnologia\/\">#marketing<\/a> <a href=\"https:\/\/wiy.com.br\/noticias\/categoria\/tecnologia\/\">#ti<\/a> <a href=\"https:\/\/wiy.com.br\/noticias\/categoria\/tecnologia\/\">#tecnoblog<\/a> <a href=\"https:\/\/wiy.com.br\/noticias\/categoria\/tecnologia\/\">#veja<\/a> <a href=\"https:\/\/wiy.com.br\/noticias\/categoria\/tecnologia\/\">#olhardigital<\/a> <a href=\"https:\/\/wiy.com.br\/noticias\/categoria\/tecnologia\/\">#mundodigital<\/a> <a href=\"https:\/\/wiy.com.br\/noticias\/categoria\/tecnologia\/\">#inteligenciaartificial<\/a> <a href=\"https:\/\/wiy.com.br\/criacao-de-sites\/\">#criar site<\/a> <a href=\"https:\/\/wiy.com.br\/criacao-de-sites\/\">#criar site curitiba<\/a> <a href=\"https:\/\/wiy.com.br\/criacao-de-sites\/\">#wiysolutions<\/a><\/p>\n<p><a \n#Censo #escolas #est\u00e3o #mais #conectadas #exce\u00e7\u00e3o #regi\u00e3o #Norte\n<\/p>\n","protected":false},"excerpt":{"rendered":"<p>Dados do Censo Escolar 2023 refor\u00e7am uma desigualdade entre as regi\u00f5es do pa\u00eds. Essa caracter\u00edstica ganha maior destaque quando o t\u00f3pico analisado \u00e9 a rede de inform\u00e1tica e o acesso \u00e0 internet de escolas p\u00fablicas. Nas regi\u00f5es Sul, Sudeste e Centro-Oeste, 98,7% das institui\u00e7\u00f5es t\u00eam acesso \u00e0 rede. Esse percentual cai um pouco na regi\u00e3o [&hellip;]<\/p>\n","protected":false},"author":1,"featured_media":0,"comment_status":"open","ping_status":"open","sticky":false,"template":"","format":"standard","meta":{"footnotes":""},"categories":[5],"tags":[],"class_list":["post-82756","post","type-post","status-publish","format-standard","hentry","category-tecnologia"],"_links":{"self":[{"href":"https:\/\/wiy.com.br\/noticias\/wp-json\/wp\/v2\/posts\/82756","targetHints":{"allow":["GET"]}}],"collection":[{"href":"https:\/\/wiy.com.br\/noticias\/wp-json\/wp\/v2\/posts"}],"about":[{"href":"https:\/\/wiy.com.br\/noticias\/wp-json\/wp\/v2\/types\/post"}],"author":[{"embeddable":true,"href":"https:\/\/wiy.com.br\/noticias\/wp-json\/wp\/v2\/users\/1"}],"replies":[{"embeddable":true,"href":"https:\/\/wiy.com.br\/noticias\/wp-json\/wp\/v2\/comments?post=82756"}],"version-history":[{"count":0,"href":"https:\/\/wiy.com.br\/noticias\/wp-json\/wp\/v2\/posts\/82756\/revisions"}],"wp:attachment":[{"href":"https:\/\/wiy.com.br\/noticias\/wp-json\/wp\/v2\/media?parent=82756"}],"wp:term":[{"taxonomy":"category","embeddable":true,"href":"https:\/\/wiy.com.br\/noticias\/wp-json\/wp\/v2\/categories?post=82756"},{"taxonomy":"post_tag","embeddable":true,"href":"https:\/\/wiy.com.br\/noticias\/wp-json\/wp\/v2\/tags?post=82756"}],"curies":[{"name":"wp","href":"https:\/\/api.w.org\/{rel}","templated":true}]}}