{"id":82620,"date":"2024-02-11T03:13:06","date_gmt":"2024-02-11T06:13:06","guid":{"rendered":"https:\/\/wiy.com.br\/noticias\/filha-de-roberto-justus-e-diagnosticada-com-leucemia-preciso-lutar\/"},"modified":"2024-02-11T03:13:06","modified_gmt":"2024-02-11T06:13:06","slug":"filha-de-roberto-justus-e-diagnosticada-com-leucemia-preciso-lutar","status":"publish","type":"post","link":"https:\/\/wiy.com.br\/noticias\/filha-de-roberto-justus-e-diagnosticada-com-leucemia-preciso-lutar\/","title":{"rendered":"Filha de Roberto Justus \u00e9 diagnosticada com leucemia: &#8216;Preciso lutar&#8217;"},"content":{"rendered":"<p><\/p>\n<div data-block-type=\"unstyled\" data-block-weight=\"69\">\n<p class=\" content-text__container \" data-track-category=\"Link no Texto\" data-track-links=\"\"> A filha do empres\u00e1rio e apresentador disse que tudo foi muito r\u00e1pido, mas, apesar do susto, est\u00e1 confiante. &#8220;J\u00e1 internei, fiz o exame para entender o que era, coloquei o cateter e j\u00e1 comecei a quimioterapia. Sei que n\u00e3o vai ser f\u00e1cil, mas eu estou muito positiva, confiante, minha fam\u00edlia tamb\u00e9m, meus amigos e, principalmente, meus m\u00e9dicos. Me deram muita confian\u00e7a, falaram que s\u00e3o altas as chances de cura.&#8221; <\/p>\n<\/p><\/div>\n<p> <\/a><\/p>\n","protected":false},"excerpt":{"rendered":"<p>A filha do empres\u00e1rio e apresentador disse que tudo foi muito r\u00e1pido, mas, apesar do susto, est\u00e1 confiante. &#8220;J\u00e1 internei, fiz o exame para entender o que era, coloquei o cateter e j\u00e1 comecei a quimioterapia. Sei que n\u00e3o vai ser f\u00e1cil, mas eu estou muito positiva, confiante, minha fam\u00edlia tamb\u00e9m, meus amigos e, principalmente, [&hellip;]<\/p>\n","protected":false},"author":1,"featured_media":82621,"comment_status":"open","ping_status":"open","sticky":false,"template":"","format":"standard","meta":{"footnotes":""},"categories":[372],"tags":[],"class_list":["post-82620","post","type-post","status-publish","format-standard","has-post-thumbnail","hentry","category-futebol"],"_links":{"self":[{"href":"https:\/\/wiy.com.br\/noticias\/wp-json\/wp\/v2\/posts\/82620","targetHints":{"allow":["GET"]}}],"collection":[{"href":"https:\/\/wiy.com.br\/noticias\/wp-json\/wp\/v2\/posts"}],"about":[{"href":"https:\/\/wiy.com.br\/noticias\/wp-json\/wp\/v2\/types\/post"}],"author":[{"embeddable":true,"href":"https:\/\/wiy.com.br\/noticias\/wp-json\/wp\/v2\/users\/1"}],"replies":[{"embeddable":true,"href":"https:\/\/wiy.com.br\/noticias\/wp-json\/wp\/v2\/comments?post=82620"}],"version-history":[{"count":0,"href":"https:\/\/wiy.com.br\/noticias\/wp-json\/wp\/v2\/posts\/82620\/revisions"}],"wp:featuredmedia":[{"embeddable":true,"href":"https:\/\/wiy.com.br\/noticias\/wp-json\/wp\/v2\/media\/82621"}],"wp:attachment":[{"href":"https:\/\/wiy.com.br\/noticias\/wp-json\/wp\/v2\/media?parent=82620"}],"wp:term":[{"taxonomy":"category","embeddable":true,"href":"https:\/\/wiy.com.br\/noticias\/wp-json\/wp\/v2\/categories?post=82620"},{"taxonomy":"post_tag","embeddable":true,"href":"https:\/\/wiy.com.br\/noticias\/wp-json\/wp\/v2\/tags?post=82620"}],"curies":[{"name":"wp","href":"https:\/\/api.w.org\/{rel}","templated":true}]}}