{"id":82599,"date":"2024-02-10T03:13:04","date_gmt":"2024-02-10T06:13:04","guid":{"rendered":"https:\/\/wiy.com.br\/noticias\/filme-sobre-amor-e-solidariedade\/"},"modified":"2024-02-10T03:13:04","modified_gmt":"2024-02-10T06:13:04","slug":"filme-sobre-amor-e-solidariedade","status":"publish","type":"post","link":"https:\/\/wiy.com.br\/noticias\/filme-sobre-amor-e-solidariedade\/","title":{"rendered":"\u201cFilme sobre amor e solidariedade\u201d"},"content":{"rendered":"<p><\/p>\n<div id=\"\">\n<p style=\"text-align: justify;\">Um dos principais filmes nacionais de 2024 chega aos cinemas nesta quinta-feira (25). \u201c<strong><em>Nosso Lar 2: Mensageiros<\/em><\/strong>\u201d, continua\u00e7\u00e3o do longa de 2010, estreia com a expectativa de atrair um grande p\u00fablico. H\u00e1 13 anos, mais de quatro milh\u00f5es de pessoas prestigiaram a produ\u00e7\u00e3o inspirada na obra de <strong>Chico Xavier<\/strong>. <\/p>\n<p style=\"text-align: justify;\"><em>Mensageiros<\/em> contar\u00e1 a hist\u00f3ria de tr\u00eas pessoas que falharam em suas miss\u00f5es espirituais\u00a0na Terra. Quando planejaram a vida e o projeto que pretendiam realizar, estavam entusiasmados e cheios de coragem. Mas a vida encarnada os afasta de seus verdadeiros prop\u00f3sitos, e o aprendizado acaba chegando de outra forma. <\/p>\n<figure><iframe loading=\"lazy\" title=\"NOSSO LAR 2 | TRAILER OFICIAL | 25 DE JANEIRO NOS CINEMAS\" width=\"696\" height=\"392\" src=\"https:\/\/www.youtube.com\/embed\/aGHRjDoSYr0?feature=oembed\" frameborder=\"0\" allow=\"accelerometer; autoplay; clipboard-write; encrypted-media; gyroscope; picture-in-picture; web-share\" allowfullscreen><\/iframe><\/figure>\n<p style=\"text-align: justify;\">Um dos protagonistas \u00e9 Fernando, vivido pelo ator <strong>Rafael Sieg<\/strong>. Em <strong>entrevista exclusiva ao site da TV Cultura<\/strong>, ele revela como foi chamado para o papel e o envolvimento com toda equipe. <\/p>\n<p style=\"text-align: justify;\">\u201cRecebi o convite com um entusiasmo muito grande, diante do sucesso do primeiro filme. Quando a gente recebe um convite desse tamanho, \u00e9 uma oportunidade muito grande de fazer parte de um projeto de grande bilheteria. Fiquei muito feliz e emocionado com esse chamado\u201d, explica Sieg.<\/p>\n<p style=\"text-align: justify;\">Do primeiro filme, voltam os atores <strong>Renato Prieto<\/strong>, que vive o protagonista <strong>Andr\u00e9 Luiz<\/strong>, e Othon Bastos, como Anacleto. O principal refor\u00e7o para o elenco no novo longa \u00e9 <strong>Edson Celulari<\/strong>. Sieg descreve a experi\u00eancia de contracenar com grandes nomes do audiovisual do pa\u00eds. <\/p>\n<p style=\"text-align: justify;\">\u201cEdson Celulari \u00e9 um mestre! \u00c9 um cara que est\u00e1 fazendo teatro, cinema e televis\u00e3o h\u00e1 muito tempo. Tem um n\u00edvel de experi\u00eancia alt\u00edssima, t\u00e3o alta quanto a generosidade dele de compartilhar sua experi\u00eancia, e compartilhar da maneira mais generosa e amorosa dentro de cena\u201d, diz.<\/p>\n<p style=\"text-align: justify;\"><strong>Experi\u00eancia com o espiritismo <\/strong><\/p>\n<p style=\"text-align: justify;\">Um dos trunfos de Sieg para entrar no elenco e participar da produ\u00e7\u00e3o \u00e9 o contato com a religi\u00e3o. O ator conta\u00a0que sua fam\u00edlia dirigiu uma casa esp\u00edrita no litoral norte de Santa Catarina. Al\u00e9m disso, frequentou um centro quando morou em Porto Alegre. Apesar de n\u00e3o ser um praticante, ele tem bastante conhecimento. <\/p>\n<p style=\"text-align: justify;\">\u201cN\u00e3o li o livro \u2018<em>Mensageiros<\/em>\u2019, porque cheguei no filme muito pr\u00f3ximo do per\u00edodo de grava\u00e7\u00f5es. Eu j\u00e1 conhecia a doutrina, j\u00e1 tinha lido outros livros e entendia esse universo, dessa doutrina que tem o olhar da reencarna\u00e7\u00e3o, o planejamento de uma vida, os desafios de estar encarnado, os desafios de estar aqui e evoluir. \u00c9 sobre isso que o filme fala: vencer a n\u00f3s mesmos, os nossos desafios e evoluir espiritualmente. Isso eu j\u00e1 entendia\u201d, explica. <\/p>\n<p><strong><strong>Leia tamb\u00e9m:\u00a0<\/strong>Dakota Johnson vir\u00e1 ao Brasil para promover Madame Teia<\/strong><\/p>\n<p style=\"text-align: justify;\">Fernando, personagem de Sieg, n\u00e3o faz parte do n\u00facleo espiritual do filme. Ele est\u00e1 no grupo da terra, com esp\u00edritos reencarnados, mas que se desviam de sua miss\u00e3o. <\/p>\n<p style=\"text-align: justify;\">\u201c[Meu papel]\u00a0Est\u00e1 mais ligado a humanizar uma pessoa que tem um prop\u00f3sito levado do plano espiritual, mas que, aqui encarnado, n\u00e3o se comprometeu. Era para ser um sujeito generoso, colaborar com outros personagens e dar suporte a exist\u00eancia de uma casa espirita. Ele vem para terra, tem dinheiro e n\u00e3o se compromete a ajudar ningu\u00e9m\u201d, conta. <\/p>\n<p style=\"text-align: justify;\"><strong>Evolu\u00e7\u00e3o do primeiro filme <\/strong><\/p>\n<p style=\"text-align: justify;\">Em 2010, os efeitos especiais usados no filme foram elogiados por parte do p\u00fablico. 13 anos depois, a tecnologia avan\u00e7ou e a produ\u00e7\u00e3o investiu ainda mais para os \u201cMensageiros\u201d. <\/p>\n<p style=\"text-align: justify;\">\u201cOs efeitos est\u00e3o bel\u00edssimos, vai encantar o p\u00fablico em cores, formas e luzes. O tamanho da cidade de Nosso Lar \u00e9 muito mais vis\u00edvel. \u00c9 muito m\u00e1gico\u201d, detalha. <\/p>\n<figure><\/figure>\n<p style=\"text-align: justify;\">Para a nova adapta\u00e7\u00e3o, Sieg acredita que o expectador ir\u00e1 se conectar com a beleza visual e encontrar personagens profundamente humanizados em seus desafios. <\/p>\n<p style=\"text-align: justify;\"><strong>Pessoas de outras religi\u00f5es conseguem ver o filme? <\/strong><\/p>\n<p style=\"text-align: justify;\">Mesmo sendo um filme de uma cren\u00e7a, Sieg acredita que qualquer pessoa possa ver o filme e se conectar com ele. Em suas palavras, o filme trata muito mais sobre amor do que dogmas religiosos. <\/p>\n<p style=\"text-align: justify;\">\u201cUm filme que fala sobre amor, sobre prop\u00f3sito, de generosidade, de compaix\u00e3o e de solidariedade. Isso \u00e9 isso permeia qualquer religi\u00e3o. Acho que \u00e9 motivo suficiente para a gente compartilhar a ideia de \u2018vamos ver um filme\u2019 ou \u2018vamos pensar sobre isso juntos\u2019, porque isso \u00e9 universal, n\u00e9?\u201d, finaliza. <\/p>\n<p style=\"text-align: justify;\"><strong><strong>Leia tamb\u00e9m:\u00a0<\/strong>Gosling critica falta de indica\u00e7\u00f5es de Margot Robbie e Greta Gerwig no Oscar: \u201cN\u00e3o existe filme\u201d<\/strong><\/p>\n<\/p><\/div>\n<p> <\/a><\/p>\n","protected":false},"excerpt":{"rendered":"<p>Um dos principais filmes nacionais de 2024 chega aos cinemas nesta quinta-feira (25). \u201cNosso Lar 2: Mensageiros\u201d, continua\u00e7\u00e3o do longa de 2010, estreia com a expectativa de atrair um grande p\u00fablico. H\u00e1 13 anos, mais de quatro milh\u00f5es de pessoas prestigiaram a produ\u00e7\u00e3o inspirada na obra de Chico Xavier. Mensageiros contar\u00e1 a hist\u00f3ria de tr\u00eas [&hellip;]<\/p>\n","protected":false},"author":1,"featured_media":82601,"comment_status":"open","ping_status":"open","sticky":false,"template":"","format":"standard","meta":{"footnotes":""},"categories":[372],"tags":[],"class_list":["post-82599","post","type-post","status-publish","format-standard","has-post-thumbnail","hentry","category-futebol"],"_links":{"self":[{"href":"https:\/\/wiy.com.br\/noticias\/wp-json\/wp\/v2\/posts\/82599","targetHints":{"allow":["GET"]}}],"collection":[{"href":"https:\/\/wiy.com.br\/noticias\/wp-json\/wp\/v2\/posts"}],"about":[{"href":"https:\/\/wiy.com.br\/noticias\/wp-json\/wp\/v2\/types\/post"}],"author":[{"embeddable":true,"href":"https:\/\/wiy.com.br\/noticias\/wp-json\/wp\/v2\/users\/1"}],"replies":[{"embeddable":true,"href":"https:\/\/wiy.com.br\/noticias\/wp-json\/wp\/v2\/comments?post=82599"}],"version-history":[{"count":0,"href":"https:\/\/wiy.com.br\/noticias\/wp-json\/wp\/v2\/posts\/82599\/revisions"}],"wp:featuredmedia":[{"embeddable":true,"href":"https:\/\/wiy.com.br\/noticias\/wp-json\/wp\/v2\/media\/82601"}],"wp:attachment":[{"href":"https:\/\/wiy.com.br\/noticias\/wp-json\/wp\/v2\/media?parent=82599"}],"wp:term":[{"taxonomy":"category","embeddable":true,"href":"https:\/\/wiy.com.br\/noticias\/wp-json\/wp\/v2\/categories?post=82599"},{"taxonomy":"post_tag","embeddable":true,"href":"https:\/\/wiy.com.br\/noticias\/wp-json\/wp\/v2\/tags?post=82599"}],"curies":[{"name":"wp","href":"https:\/\/api.w.org\/{rel}","templated":true}]}}