{"id":82349,"date":"2024-01-24T03:13:05","date_gmt":"2024-01-24T06:13:05","guid":{"rendered":"https:\/\/wiy.com.br\/noticias\/all-in-lounge-anuncia-pre-reveillon-weekend-com-mc-daniel\/"},"modified":"2024-01-24T03:13:05","modified_gmt":"2024-01-24T06:13:05","slug":"all-in-lounge-anuncia-pre-reveillon-weekend-com-mc-daniel","status":"publish","type":"post","link":"https:\/\/wiy.com.br\/noticias\/all-in-lounge-anuncia-pre-reveillon-weekend-com-mc-daniel\/","title":{"rendered":"All In Lounge anuncia \u201cPr\u00e9-Reveill\u00f3n Weekend\u201d com MC Daniel"},"content":{"rendered":"<p><\/p>\n<div id=\"texto_release_format\">\n<div class=\"boxhtml_full\" style=\"float:left;\">\n<p><br \/>\n<i>Pr\u00e9-Reveill\u00f3n Weekend &#8211; All In Lounge (Divulga\u00e7\u00e3o)<\/i><\/div>\n<p>\u00a0<\/p>\n<p style=\"line-height:1.38; text-align:justify\"><span style=\"font-size:11pt; font-variant:normal; white-space:pre-wrap\"><span style=\"font-family:Calibri,sans-serif\"><span style=\"color:#000000\"><span style=\"font-weight:400\"><span style=\"font-style:normal\"><span style=\"text-decoration:none\">A<\/span><\/span><\/span><\/span><\/span><\/span><span style=\"font-size:11pt; font-variant:normal; white-space:pre-wrap\"><span style=\"font-family:Calibri,sans-serif\"><span style=\"color:#000000\"><span style=\"font-weight:700\"><span style=\"font-style:normal\"><span style=\"text-decoration:none\"> All In Lounge<\/span><\/span><\/span><\/span><\/span><\/span><span style=\"font-size:11pt; font-variant:normal; white-space:pre-wrap\"><span style=\"font-family:Calibri,sans-serif\"><span style=\"color:#000000\"><span style=\"font-weight:400\"><span style=\"font-style:normal\"><span style=\"text-decoration:none\"> anuncia um <\/span><\/span><\/span><\/span><\/span><\/span><span style=\"font-size:11pt; font-variant:normal; white-space:pre-wrap\"><span style=\"font-family:Calibri,sans-serif\"><span style=\"color:#000000\"><span style=\"font-weight:400\"><span style=\"font-style:italic\"><span style=\"text-decoration:none\">\u00a0line-up <\/span><\/span><\/span><\/span><\/span><\/span><span style=\"font-size:11pt; font-variant:normal; white-space:pre-wrap\"><span style=\"font-family:Calibri,sans-serif\"><span style=\"color:#000000\"><span style=\"font-weight:400\"><span style=\"font-style:normal\"><span style=\"text-decoration:none\">estrelado para a sua tradicional programa\u00e7\u00e3o de pr\u00e9-r\u00e9veillon. Dos dias 27 a 30 de dezembro, a casa promover\u00e1 quatro shows exclusivos com artistas consagrados que s\u00e3o refer\u00eancia no cen\u00e1rio musical brasileiro.<\/span><\/span><\/span><\/span><\/span><\/span><span style=\"font-size:11pt; font-variant:normal; white-space:pre-wrap\"><span style=\"font-family:Calibri,sans-serif\"><span style=\"color:#000000\"><span style=\"font-weight:700\"><span style=\"font-style:normal\"><span style=\"text-decoration:none\"> Chefin, Orochi, MC Daniel<\/span><\/span><\/span><\/span><\/span><\/span><span style=\"font-size:11pt; font-variant:normal; white-space:pre-wrap\"><span style=\"font-family:Calibri,sans-serif\"><span style=\"color:#000000\"><span style=\"font-weight:400\"><span style=\"font-style:normal\"><span style=\"text-decoration:none\"> e<\/span><\/span><\/span><\/span><\/span><\/span><span style=\"font-size:11pt; font-variant:normal; white-space:pre-wrap\"><span style=\"font-family:Calibri,sans-serif\"><span style=\"color:#000000\"><span style=\"font-weight:700\"><span style=\"font-style:normal\"><span style=\"text-decoration:none\"> Paulin da Capital<\/span><\/span><\/span><\/span><\/span><\/span><span style=\"font-size:11pt; font-variant:normal; white-space:pre-wrap\"><span style=\"font-family:Calibri,sans-serif\"><span style=\"color:#000000\"><span style=\"font-weight:400\"><span style=\"font-style:normal\"><span style=\"text-decoration:none\"> j\u00e1 est\u00e3o confirmados, e prometem movimentar a noite carioca neste final de ano.<\/span><\/span><\/span><\/span><\/span><\/span><\/p>\n<p>\u00a0<\/p>\n<p style=\"line-height:1.38; text-align:justify\"><span style=\"font-size:11pt; font-variant:normal; white-space:pre-wrap\"><span style=\"font-family:Calibri,sans-serif\"><span style=\"color:#000000\"><span style=\"font-weight:400\"><span style=\"font-style:normal\"><span style=\"text-decoration:none\">O Pr\u00e9-r\u00e9veillon da <\/span><\/span><\/span><\/span><\/span><\/span><span style=\"font-size:11pt; font-variant:normal; white-space:pre-wrap\"><span style=\"font-family:Calibri,sans-serif\"><span style=\"color:#000000\"><span style=\"font-weight:700\"><span style=\"font-style:normal\"><span style=\"text-decoration:none\">All In Lounge<\/span><\/span><\/span><\/span><\/span><\/span><span style=\"font-size:11pt; font-variant:normal; white-space:pre-wrap\"><span style=\"font-family:Calibri,sans-serif\"><span style=\"color:#000000\"><span style=\"font-weight:400\"><span style=\"font-style:normal\"><span style=\"text-decoration:none\"> come\u00e7a na quarta-feira (27), com show do <\/span><\/span><\/span><\/span><\/span><\/span><span style=\"font-size:11pt; font-variant:normal; white-space:pre-wrap\"><span style=\"font-family:Calibri,sans-serif\"><span style=\"color:#000000\"><span style=\"font-weight:400\"><span style=\"font-style:italic\"><span style=\"text-decoration:none\">trapper<\/span><\/span><\/span><\/span><\/span><\/span><span style=\"font-size:11pt; font-variant:normal; white-space:pre-wrap\"><span style=\"font-family:Calibri,sans-serif\"><span style=\"color:#000000\"><span style=\"font-weight:400\"><span style=\"font-style:normal\"><span style=\"text-decoration:none\"> <\/span><\/span><\/span><\/span><\/span><\/span><span style=\"font-size:11pt; font-variant:normal; white-space:pre-wrap\"><span style=\"font-family:Calibri,sans-serif\"><span style=\"color:#000000\"><span style=\"font-weight:700\"><span style=\"font-style:normal\"><span style=\"text-decoration:none\">Chefin<\/span><\/span><\/span><\/span><\/span><\/span><span style=\"font-size:11pt; font-variant:normal; white-space:pre-wrap\"><span style=\"font-family:Calibri,sans-serif\"><span style=\"color:#000000\"><span style=\"font-weight:400\"><span style=\"font-style:normal\"><span style=\"text-decoration:none\">. Na quinta-feira (28), a casa recebe o <\/span><\/span><\/span><\/span><\/span><\/span><span style=\"font-size:11pt; font-variant:normal; white-space:pre-wrap\"><span style=\"font-family:Calibri,sans-serif\"><span style=\"color:#000000\"><span style=\"font-weight:700\"><span style=\"font-style:normal\"><span style=\"text-decoration:none\">Orochi<\/span><\/span><\/span><\/span><\/span><\/span><span style=\"font-size:11pt; font-variant:normal; white-space:pre-wrap\"><span style=\"font-family:Calibri,sans-serif\"><span style=\"color:#000000\"><span style=\"font-weight:400\"><span style=\"font-style:normal\"><span style=\"text-decoration:none\">, refer\u00eancia no cen\u00e1rio do rap carioca.<\/span><\/span><\/span><\/span><\/span><\/span><span style=\"font-size:11pt; font-variant:normal; white-space:pre-wrap\"><span style=\"font-family:Calibri,sans-serif\"><span style=\"color:#000000\"><span style=\"font-weight:700\"><span style=\"font-style:normal\"><span style=\"text-decoration:none\"> MC Daniel<\/span><\/span><\/span><\/span><\/span><\/span><span style=\"font-size:11pt; font-variant:normal; white-space:pre-wrap\"><span style=\"font-family:Calibri,sans-serif\"><span style=\"color:#000000\"><span style=\"font-weight:400\"><span style=\"font-style:normal\"><span style=\"text-decoration:none\">, um dos maiores nomes do funk da atualidade, se apresenta na sexta-feira (29), e promete agitar a <\/span><\/span><\/span><\/span><\/span><\/span><span style=\"font-size:11pt; font-variant:normal; white-space:pre-wrap\"><span style=\"font-family:Calibri,sans-serif\"><span style=\"color:#000000\"><span style=\"font-weight:700\"><span style=\"font-style:normal\"><span style=\"text-decoration:none\">Barra da Tijuca<\/span><\/span><\/span><\/span><\/span><\/span><span style=\"font-size:11pt; font-variant:normal; white-space:pre-wrap\"><span style=\"font-family:Calibri,sans-serif\"><span style=\"color:#000000\"><span style=\"font-weight:400\"><span style=\"font-style:normal\"><span style=\"text-decoration:none\">. A lenda do funk, <\/span><\/span><\/span><\/span><\/span><\/span><span style=\"font-size:11pt; font-variant:normal; white-space:pre-wrap\"><span style=\"font-family:Calibri,sans-serif\"><span style=\"color:#000000\"><span style=\"font-weight:700\"><span style=\"font-style:normal\"><span style=\"text-decoration:none\">Paulin da Capital<\/span><\/span><\/span><\/span><\/span><\/span><span style=\"font-size:11pt; font-variant:normal; white-space:pre-wrap\"><span style=\"font-family:Calibri,sans-serif\"><span style=\"color:#000000\"><span style=\"font-weight:400\"><span style=\"font-style:normal\"><span style=\"text-decoration:none\">, fecha o pr\u00e9-r\u00e9veillon em grande estilo na noite de s\u00e1bado. Todos os shows come\u00e7am \u00e0s 22h.<\/span><\/span><\/span><\/span><\/span><\/span><\/p>\n<p>\u00a0<\/p>\n<p style=\"line-height:1.38; text-align:justify\"><span style=\"font-size:11pt; font-variant:normal; white-space:pre-wrap\"><span style=\"font-family:Calibri,sans-serif\"><span style=\"color:#000000\"><span style=\"font-weight:400\"><span style=\"font-style:normal\"><span style=\"text-decoration:none\">Localizada na <\/span><\/span><\/span><\/span><\/span><\/span><span style=\"font-size:11pt; font-variant:normal; white-space:pre-wrap\"><span style=\"font-family:Calibri,sans-serif\"><span style=\"color:#000000\"><span style=\"font-weight:700\"><span style=\"font-style:normal\"><span style=\"text-decoration:none\">Barra da Tijuca<\/span><\/span><\/span><\/span><\/span><\/span><span style=\"font-size:11pt; font-variant:normal; white-space:pre-wrap\"><span style=\"font-family:Calibri,sans-serif\"><span style=\"color:#000000\"><span style=\"font-weight:400\"><span style=\"font-style:normal\"><span style=\"text-decoration:none\">, a <\/span><\/span><\/span><\/span><\/span><\/span><span style=\"font-size:11pt; font-variant:normal; white-space:pre-wrap\"><span style=\"font-family:Calibri,sans-serif\"><span style=\"color:#000000\"><span style=\"font-weight:700\"><span style=\"font-style:normal\"><span style=\"text-decoration:none\">All In Lounge<\/span><\/span><\/span><\/span><\/span><\/span><span style=\"font-size:11pt; font-variant:normal; white-space:pre-wrap\"><span style=\"font-family:Calibri,sans-serif\"><span style=\"color:#000000\"><span style=\"font-weight:400\"><span style=\"font-style:normal\"><span style=\"text-decoration:none\">\u00a0 \u00e9 conhecida por trazer grandes nomes da m\u00fasica e proporcionar eventos seguros e organizados, em um ambiente agrad\u00e1vel e moderno. A casa j\u00e1 recebeu figuras p\u00fablicas como\u00a0 <\/span><\/span><\/span><\/span><\/span><\/span><span style=\"font-size:11pt; font-variant:normal; white-space:pre-wrap\"><span style=\"font-family:Calibri,sans-serif\"><span style=\"color:#000000\"><span style=\"font-weight:700\"><span style=\"font-style:normal\"><span style=\"text-decoration:none\">Usain Bolt, Toguro,\u00a0 Rafael Portugal, Carol Ramiro, Any Borges, Sarah Fonseca e Laura Ara\u00fajo<\/span><\/span><\/span><\/span><\/span><\/span><span style=\"font-size:11pt; font-variant:normal; white-space:pre-wrap\"><span style=\"font-family:Calibri,sans-serif\"><span style=\"color:#000000\"><span style=\"font-weight:400\"><span style=\"font-style:normal\"><span style=\"text-decoration:none\">. No \u00e2mbito musical, nomes consagrados como<\/span><\/span><\/span><\/span><\/span><\/span><span style=\"font-size:11pt; font-variant:normal; white-space:pre-wrap\"><span style=\"font-family:Calibri,sans-serif\"><span style=\"color:#000000\"><span style=\"font-weight:700\"><span style=\"font-style:normal\"><span style=\"text-decoration:none\"> Livinho, Pocah, Baile do Fervo e MC Ryan<\/span><\/span><\/span><\/span><\/span><\/span><span style=\"font-size:11pt; font-variant:normal; white-space:pre-wrap\"><span style=\"font-family:Calibri,sans-serif\"><span style=\"color:#000000\"><span style=\"font-weight:400\"><span style=\"font-style:normal\"><span style=\"text-decoration:none\"> j\u00e1 fizeram shows que marcaram a trajet\u00f3ria da casa.<\/span><\/span><\/span><\/span><\/span><\/span><\/p>\n<p>\u00a0<\/p>\n<p style=\"line-height:1.38; text-align:justify\"><span style=\"font-size:11pt; font-variant:normal; white-space:pre-wrap\"><span style=\"font-family:Calibri,sans-serif\"><span style=\"color:#000000\"><span style=\"font-weight:700\"><span style=\"font-style:normal\"><span style=\"text-decoration:none\">Sobre a All In Lounge<\/span><\/span><\/span><\/span><\/span><\/span><\/p>\n<p style=\"line-height:1.38; text-align:justify\"><span style=\"font-size:11pt; font-variant:normal; white-space:pre-wrap\"><span style=\"font-family:Calibri,sans-serif\"><span style=\"color:#000000\"><span style=\"font-weight:400\"><span style=\"font-style:normal\"><span style=\"text-decoration:none\">Inaugurada em 2016, a boate est\u00e1 localizada na <\/span><\/span><\/span><\/span><\/span><\/span><span style=\"font-size:11pt; font-variant:normal; white-space:pre-wrap\"><span style=\"font-family:Calibri,sans-serif\"><span style=\"color:#000000\"><span style=\"font-weight:700\"><span style=\"font-style:normal\"><span style=\"text-decoration:none\">Barra da Tijuca<\/span><\/span><\/span><\/span><\/span><\/span><span style=\"font-size:11pt; font-variant:normal; white-space:pre-wrap\"><span style=\"font-family:Calibri,sans-serif\"><span style=\"color:#000000\"><span style=\"font-weight:400\"><span style=\"font-style:normal\"><span style=\"text-decoration:none\"> e \u00e9 refer\u00eancia na noite do<\/span><\/span><\/span><\/span><\/span><\/span><span style=\"font-size:11pt; font-variant:normal; white-space:pre-wrap\"><span style=\"font-family:Calibri,sans-serif\"><span style=\"color:#000000\"><span style=\"font-weight:700\"><span style=\"font-style:normal\"><span style=\"text-decoration:none\"> Rio de Janeiro<\/span><\/span><\/span><\/span><\/span><\/span><span style=\"font-size:11pt; font-variant:normal; white-space:pre-wrap\"><span style=\"font-family:Calibri,sans-serif\"><span style=\"color:#000000\"><span style=\"font-weight:400\"><span style=\"font-style:normal\"><span style=\"text-decoration:none\">. O\u00a0 projeto come\u00e7ou com a uni\u00e3o de tr\u00eas produtores de eventos e s\u00f3cios investidores do ramo, que se interessaram pela ideia de criar uma casa noturna diferente de tudo que j\u00e1 existia.\u00a0 A boate funciona de quinta a domingo, das 21:00 \u00e0s 06:00 com uma programa\u00e7\u00e3o exclusiva de DJs e MCs. O pacote para os frequentadores conta com benef\u00edcios para aniversariantes, camarotes e reservas.\u00a0<\/span><\/span><\/span><\/span><\/span><\/span><\/p>\n<p>\u00a0<\/p>\n<p style=\"line-height:1.38; text-align:justify\"><span style=\"font-size:11pt; font-variant:normal; white-space:pre-wrap\"><span style=\"font-family:Calibri,sans-serif\"><span style=\"color:#000000\"><span style=\"font-weight:700\"><span style=\"font-style:normal\"><span style=\"text-decoration:none\">Servi\u00e7o &#8211; Pr\u00e9-r\u00e9veillon da All In Lounge<\/span><\/span><\/span><\/span><\/span><\/span><\/p>\n<p style=\"line-height:1.38; text-align:justify\"><span style=\"font-size:11pt; font-variant:normal; white-space:pre-wrap\"><span style=\"font-family:Calibri,sans-serif\"><span style=\"color:#000000\"><span style=\"font-weight:700\"><span style=\"font-style:normal\"><span style=\"text-decoration:none\">Local:\u00a0 <\/span><\/span><\/span><\/span><\/span><\/span><span style=\"font-size:11pt; font-variant:normal; white-space:pre-wrap\"><span style=\"font-family:Calibri,sans-serif\"><span style=\"color:#000000\"><span style=\"font-weight:400\"><span style=\"font-style:normal\"><span style=\"text-decoration:none\">Av. Armando Lombardi, 483 &#8211; Barra da Tijuca<\/span><\/span><\/span><\/span><\/span><\/span><\/p>\n<p style=\"line-height:1.38; text-align:justify\"><span style=\"font-size:11pt; font-variant:normal; white-space:pre-wrap\"><span style=\"font-family:Calibri,sans-serif\"><span style=\"color:#000000\"><span style=\"font-weight:700\"><span style=\"font-style:normal\"><span style=\"text-decoration:none\">Data: <\/span><\/span><\/span><\/span><\/span><\/span><span style=\"font-size:11pt; font-variant:normal; white-space:pre-wrap\"><span style=\"font-family:Calibri,sans-serif\"><span style=\"color:#000000\"><span style=\"font-weight:400\"><span style=\"font-style:normal\"><span style=\"text-decoration:none\">27 a 30 de dezembro<\/span><\/span><\/span><\/span><\/span><\/span><\/p>\n<p style=\"line-height:1.38; text-align:justify\"><span style=\"font-size:11pt; font-variant:normal; white-space:pre-wrap\"><span style=\"font-family:Calibri,sans-serif\"><span style=\"color:#000000\"><span style=\"font-weight:700\"><span style=\"font-style:normal\"><span style=\"text-decoration:none\">Hor\u00e1rio:<\/span><\/span><\/span><\/span><\/span><\/span><span style=\"font-size:11pt; font-variant:normal; white-space:pre-wrap\"><span style=\"font-family:Calibri,sans-serif\"><span style=\"color:#000000\"><span style=\"font-weight:400\"><span style=\"font-style:normal\"><span style=\"text-decoration:none\"> Das 21:00 \u00e0s 06:00. Shows exclusivos do Pr\u00e9-r\u00e9veillon come\u00e7am \u00e0s 22h.\u00a0<\/span><\/span><\/span><\/span><\/span><\/span><\/p>\n<p>\u00a0<\/p>\n<p style=\"line-height:1.38; text-align:justify\"><span style=\"font-size:11pt; font-variant:normal; white-space:pre-wrap\"><span style=\"font-family:Calibri,sans-serif\"><span style=\"color:#000000\"><span style=\"font-weight:700\"><span style=\"font-style:normal\"><span style=\"text-decoration:none\">Para mais informa\u00e7\u00f5es e ingressos:<\/span><\/span><\/span><\/span><\/span><\/span><\/p>\n<p style=\"line-height:1.38; text-align:justify\"><span style=\"font-size:11pt; font-variant:normal; white-space:pre-wrap\"><span style=\"font-family:Calibri,sans-serif\"><span style=\"color:#000000\"><span style=\"font-weight:700\"><span style=\"font-style:normal\"><span style=\"text-decoration:none\">Instagram:<\/span><\/span><\/span><\/span><\/span><\/span><span style=\"font-size:11pt; font-variant:normal; white-space:pre-wrap\"><span style=\"font-family:Calibri,sans-serif\"><span style=\"color:#000000\"><span style=\"font-weight:400\"><span style=\"font-style:normal\"><span style=\"text-decoration:none\"> <\/span><\/span><\/span><\/span><\/span><\/span><span style=\"font-size:11pt; font-variant:normal; white-space:pre-wrap\"><span style=\"font-family:Calibri,sans-serif\"><span style=\"color:#1155cc\"><span style=\"font-weight:400\"><span style=\"font-style:normal\"><span style=\"text-decoration:underline\"><span style=\"-webkit-text-decoration-skip:none\"><span style=\"text-decoration-skip-ink:none\">https:\/\/www.instagram.com\/allin_lounge<\/span><\/span><\/span><\/span><\/span><\/span><\/span><\/span><\/p>\n<p style=\"line-height:1.38; text-align:justify\"><span style=\"font-size:11pt; font-variant:normal; white-space:pre-wrap\"><span style=\"font-family:Calibri,sans-serif\"><span style=\"color:#000000\"><span style=\"font-weight:700\"><span style=\"font-style:normal\"><span style=\"text-decoration:none\">Facebook:<\/span><\/span><\/span><\/span><\/span><\/span><span style=\"font-size:11pt; font-variant:normal; white-space:pre-wrap\"><span style=\"font-family:Calibri,sans-serif\"><span style=\"color:#000000\"><span style=\"font-weight:400\"><span style=\"font-style:normal\"><span style=\"text-decoration:none\"> <\/span><\/span><\/span><\/span><\/span><\/span><span style=\"font-size:11pt; font-variant:normal; white-space:pre-wrap\"><span style=\"font-family:Calibri,sans-serif\"><span style=\"color:#1155cc\"><span style=\"font-weight:400\"><span style=\"font-style:normal\"><span style=\"text-decoration:underline\"><span style=\"-webkit-text-decoration-skip:none\"><span style=\"text-decoration-skip-ink:none\">https:\/\/www.facebook.com\/allinloungerj<\/span><\/span><\/span><\/span><\/span><\/span><\/span><\/span><\/p>\n<p style=\"line-height:1.38; text-align:justify\"><span style=\"font-size:11pt; font-variant:normal; white-space:pre-wrap\"><span style=\"font-family:Calibri,sans-serif\"><span style=\"color:#000000\"><span style=\"font-weight:700\"><span style=\"font-style:normal\"><span style=\"text-decoration:none\">Site:<\/span><\/span><\/span><\/span><\/span><\/span><span style=\"font-size:11pt; font-variant:normal; white-space:pre-wrap\"><span style=\"font-family:Calibri,sans-serif\"><span style=\"color:#000000\"><span style=\"font-weight:400\"><span style=\"font-style:normal\"><span style=\"text-decoration:none\"> <\/span><\/span><\/span><\/span><\/span><\/span><span style=\"font-size:11pt; font-variant:normal; white-space:pre-wrap\"><span style=\"font-family:Calibri,sans-serif\"><span style=\"color:#1155cc\"><span style=\"font-weight:400\"><span style=\"font-style:normal\"><span style=\"text-decoration:underline\"><span style=\"-webkit-text-decoration-skip:none\"><span style=\"text-decoration-skip-ink:none\">http:\/\/www.allinlounge-rio.com.br\/<\/span><\/span><\/span><\/span><\/span><\/span><\/span><\/span><\/p>\n<p>\n\u00a0<\/p>\n<p style=\"font-size: 11px; padding:7px; border:1px solid rgba(0,0,0,0.15); border-radius:3px; width:100%; display:block; float:left; margin-top:10px;\">\nEste conte\u00fado foi distribu\u00eddo pela plataforma SALA DA NOT\u00cdCIA e elaborado\/criado pelo Assessor(a):<br \/>U | U<br \/>U<\/p>\n<p>\n<\/div>\n<p><script async defer src=\"https:\/\/platform.instagram.com\/en_US\/embeds.js\"><\/script><br \/>\n<br \/> <\/a><\/p>\n","protected":false},"excerpt":{"rendered":"<p>Pr\u00e9-Reveill\u00f3n Weekend &#8211; All In Lounge (Divulga\u00e7\u00e3o) \u00a0 A All In Lounge anuncia um \u00a0line-up estrelado para a sua tradicional programa\u00e7\u00e3o de pr\u00e9-r\u00e9veillon. Dos dias 27 a 30 de dezembro, a casa promover\u00e1 quatro shows exclusivos com artistas consagrados que s\u00e3o refer\u00eancia no cen\u00e1rio musical brasileiro. Chefin, Orochi, MC Daniel e Paulin da Capital j\u00e1 [&hellip;]<\/p>\n","protected":false},"author":1,"featured_media":82350,"comment_status":"open","ping_status":"open","sticky":false,"template":"","format":"standard","meta":{"footnotes":""},"categories":[372],"tags":[],"class_list":["post-82349","post","type-post","status-publish","format-standard","has-post-thumbnail","hentry","category-futebol"],"_links":{"self":[{"href":"https:\/\/wiy.com.br\/noticias\/wp-json\/wp\/v2\/posts\/82349","targetHints":{"allow":["GET"]}}],"collection":[{"href":"https:\/\/wiy.com.br\/noticias\/wp-json\/wp\/v2\/posts"}],"about":[{"href":"https:\/\/wiy.com.br\/noticias\/wp-json\/wp\/v2\/types\/post"}],"author":[{"embeddable":true,"href":"https:\/\/wiy.com.br\/noticias\/wp-json\/wp\/v2\/users\/1"}],"replies":[{"embeddable":true,"href":"https:\/\/wiy.com.br\/noticias\/wp-json\/wp\/v2\/comments?post=82349"}],"version-history":[{"count":0,"href":"https:\/\/wiy.com.br\/noticias\/wp-json\/wp\/v2\/posts\/82349\/revisions"}],"wp:featuredmedia":[{"embeddable":true,"href":"https:\/\/wiy.com.br\/noticias\/wp-json\/wp\/v2\/media\/82350"}],"wp:attachment":[{"href":"https:\/\/wiy.com.br\/noticias\/wp-json\/wp\/v2\/media?parent=82349"}],"wp:term":[{"taxonomy":"category","embeddable":true,"href":"https:\/\/wiy.com.br\/noticias\/wp-json\/wp\/v2\/categories?post=82349"},{"taxonomy":"post_tag","embeddable":true,"href":"https:\/\/wiy.com.br\/noticias\/wp-json\/wp\/v2\/tags?post=82349"}],"curies":[{"name":"wp","href":"https:\/\/api.w.org\/{rel}","templated":true}]}}