{"id":82228,"date":"2024-01-15T03:13:03","date_gmt":"2024-01-15T06:13:03","guid":{"rendered":"https:\/\/wiy.com.br\/noticias\/policia-investiga-mortes-de-clientes-de-doceria-em-goiania\/"},"modified":"2024-01-15T03:13:03","modified_gmt":"2024-01-15T06:13:03","slug":"policia-investiga-mortes-de-clientes-de-doceria-em-goiania","status":"publish","type":"post","link":"https:\/\/wiy.com.br\/noticias\/policia-investiga-mortes-de-clientes-de-doceria-em-goiania\/","title":{"rendered":"Pol\u00edcia investiga mortes de clientes de doceria em Goi\u00e2nia"},"content":{"rendered":"<p><\/p>\n<div data-v-46f5e4c3=\"\"><!----><\/p>\n<figure credit=\"Imagem: Reprodu\u00e7\u00e3o\/Instagram\/@mariapaulaap\" class=\"solar-photo-content featured-image featured-image-vertical featured-image-right\" data-v-ed79f3d8=\"\" data-v-46f5e4c3=\"\">\n<figure class=\"solar-responsive-image m-0 responsive-image pb-100\" data-v-435ecf33=\"\" data-v-ed79f3d8=\"\"><picture class=\"photo-image\" data-v-435ecf33=\"\"><source srcset=\"https:\/\/conteudo.imguol.com.br\/c\/noticias\/5b\/2023\/12\/18\/leonardo-alves-ferreira-de-58-anos-morreu-apos-consumir-sobremesa-na-doceria-1702927262181_v2_300x400.png.webp\" media=\"(max-width: 969px)\" type=\"image\/webp\" data-v-435ecf33=\"\"><source srcset=\"https:\/\/conteudo.imguol.com.br\/c\/noticias\/5b\/2023\/12\/18\/leonardo-alves-ferreira-de-58-anos-morreu-apos-consumir-sobremesa-na-doceria-1702927262181_v2_300x400.png\" media=\"(max-width: 969px)\" type=\"image\/jpeg\" data-v-435ecf33=\"\"><source srcset=\"https:\/\/conteudo.imguol.com.br\/c\/noticias\/5b\/2023\/12\/18\/leonardo-alves-ferreira-de-58-anos-morreu-apos-consumir-sobremesa-na-doceria-1702927262181_v2_360x480.png.webp\" media=\"(min-width: 970px)\" type=\"image\/webp\" data-v-435ecf33=\"\"><source srcset=\"https:\/\/conteudo.imguol.com.br\/c\/noticias\/5b\/2023\/12\/18\/leonardo-alves-ferreira-de-58-anos-morreu-apos-consumir-sobremesa-na-doceria-1702927262181_v2_360x480.png\" media=\"(min-width: 970px)\" type=\"image\/jpeg\" data-v-435ecf33=\"\"><\/source><\/source><\/source><\/source><\/picture><\/figure><figcaption class=\"solar-caption regular-subtext\" data-v-e94be6e9=\"\" data-v-ed79f3d8=\"\"> Filha de Leonardo Pereira Alves, uma das v\u00edtimas, diz que o pai morreu ap\u00f3s vomitar &#8220;por v\u00e1rias horas&#8221; <span data-v-e94be6e9=\"\">Imagem: Reprodu\u00e7\u00e3o\/Instagram\/@mariapaulaap<\/span><\/figcaption><\/figure>\n<p><!----><!----><\/p>\n<div class=\"jupiter-paragraph-fragment\" data-v-16434e43=\"\" data-v-46f5e4c3=\"\"><!----><\/p>\n<p class=\"bullet mt-0\" data-v-16434e43=\"\">A Pol\u00edcia Civil de Goi\u00e1s investiga as mortes de duas pessoas que consumiram um produto de uma doceria famosa de Goi\u00e2nia. A causa das mortes ainda n\u00e3o foi confirmada, mas a pol\u00edcia descartou a culpa do estabelecimento no caso.<\/p>\n<p><!----><\/p>\n<h2 class=\"bullet\" data-v-16434e43=\"\">O que aconteceu<\/h2>\n<p><!----><\/p>\n<p class=\"bullet\" data-v-16434e43=\"\"><span class=\"topicText\"><strong>V\u00edtimas eram m\u00e3e e filho.<\/strong> Leonardo Alves Ferreira, de 58 anos, morreu ontem. A m\u00e3e dele, que n\u00e3o teve nome e idade divulgados, faleceu na madrugada de hoje. O caso foi divulgado pela filha de Leonardo, a m\u00e9dica Maria Paula Alves, em suas redes sociais.<\/span><\/p>\n<p><!----><\/p>\n<p class=\"bullet\" data-v-16434e43=\"\"><span class=\"topicText\"><strong>Leonardo Pereira Alves morreu apenas 12 horas ap\u00f3s o primeiro sintoma.<\/strong> Segundo Maria Paula, ele acordou bem, mas &#8220;vomitou sem parar por horas&#8221;.<\/span><\/p>\n<p><!----><\/div>\n<p><!----><\/div>\n<p><script>!function(f,b,e,v,n,t,s)\n          {if(f.fbq)return;n=f.fbq=function()\n          {n.callMethod? n.callMethod.apply(n,arguments):n.queue.push(arguments)};\n          if(!f._fbq)f._fbq=n;n.push=n;n.loaded=!0;n.version='2.0';\n          n.queue=[];t=b.createElement(e);t.async=!0;\n          t.src=v;s=b.getElementsByTagName(e)[0];\n          s.parentNode.insertBefore(t,s)}(window, document,'script',\n          'https:\/\/connect.facebook.net\/en_US\/fbevents.js');\n          fbq('init', '1425099884432564');\n          fbq('track', 'PageView');<\/script><br \/>\n<br \/> <\/a><\/p>\n","protected":false},"excerpt":{"rendered":"<p>Filha de Leonardo Pereira Alves, uma das v\u00edtimas, diz que o pai morreu ap\u00f3s vomitar &#8220;por v\u00e1rias horas&#8221; Imagem: Reprodu\u00e7\u00e3o\/Instagram\/@mariapaulaap A Pol\u00edcia Civil de Goi\u00e1s investiga as mortes de duas pessoas que consumiram um produto de uma doceria famosa de Goi\u00e2nia. A causa das mortes ainda n\u00e3o foi confirmada, mas a pol\u00edcia descartou a culpa [&hellip;]<\/p>\n","protected":false},"author":1,"featured_media":82229,"comment_status":"open","ping_status":"open","sticky":false,"template":"","format":"standard","meta":{"footnotes":""},"categories":[372],"tags":[],"class_list":["post-82228","post","type-post","status-publish","format-standard","has-post-thumbnail","hentry","category-futebol"],"_links":{"self":[{"href":"https:\/\/wiy.com.br\/noticias\/wp-json\/wp\/v2\/posts\/82228","targetHints":{"allow":["GET"]}}],"collection":[{"href":"https:\/\/wiy.com.br\/noticias\/wp-json\/wp\/v2\/posts"}],"about":[{"href":"https:\/\/wiy.com.br\/noticias\/wp-json\/wp\/v2\/types\/post"}],"author":[{"embeddable":true,"href":"https:\/\/wiy.com.br\/noticias\/wp-json\/wp\/v2\/users\/1"}],"replies":[{"embeddable":true,"href":"https:\/\/wiy.com.br\/noticias\/wp-json\/wp\/v2\/comments?post=82228"}],"version-history":[{"count":0,"href":"https:\/\/wiy.com.br\/noticias\/wp-json\/wp\/v2\/posts\/82228\/revisions"}],"wp:featuredmedia":[{"embeddable":true,"href":"https:\/\/wiy.com.br\/noticias\/wp-json\/wp\/v2\/media\/82229"}],"wp:attachment":[{"href":"https:\/\/wiy.com.br\/noticias\/wp-json\/wp\/v2\/media?parent=82228"}],"wp:term":[{"taxonomy":"category","embeddable":true,"href":"https:\/\/wiy.com.br\/noticias\/wp-json\/wp\/v2\/categories?post=82228"},{"taxonomy":"post_tag","embeddable":true,"href":"https:\/\/wiy.com.br\/noticias\/wp-json\/wp\/v2\/tags?post=82228"}],"curies":[{"name":"wp","href":"https:\/\/api.w.org\/{rel}","templated":true}]}}