{"id":81668,"date":"2023-12-07T17:29:59","date_gmt":"2023-12-07T20:29:59","guid":{"rendered":"https:\/\/wiy.com.br\/noticias\/gramado-summit-tera-batalha-entre-startups-para-captacao-de-investimento\/"},"modified":"2023-12-07T17:29:59","modified_gmt":"2023-12-07T20:29:59","slug":"gramado-summit-tera-batalha-entre-startups-para-captacao-de-investimento","status":"publish","type":"post","link":"https:\/\/wiy.com.br\/noticias\/gramado-summit-tera-batalha-entre-startups-para-captacao-de-investimento\/","title":{"rendered":"Gramado Summit ter\u00e1 batalha entre startups para capta\u00e7\u00e3o de investimento"},"content":{"rendered":"<p> <br \/>\n<\/p>\n<p>Em mais uma edi\u00e7\u00e3o, a confer\u00eancia de inova\u00e7\u00e3o Gramado Summit promover\u00e1 um concurso voltado para startups. A vencedora da competi\u00e7\u00e3o receber\u00e1 um aporte de R$ 200 mil da aceleradora Ventiur, com possibilidade de chegar em at\u00e9 R$ 1 milh\u00e3o por meio de co-investimento. As inscri\u00e7\u00f5es para participar abrem no dia 15 de janeiro. O evento ocorre em Gramado\/RS, de 10 a 12 de abril.<\/p>\n<p>Para concorrer, basta ser expositora do evento, ter um modelo que resolva problemas reais e relevantes do setor de atua\u00e7\u00e3o, estar em est\u00e1gio operacional ou pr\u00e9-operacional; ser escal\u00e1vel, baseada em tecnologia, ter diferenciais estrat\u00e9gicos e mercado amplo, ter dois ou mais s\u00f3cios, sendo pelo menos um com dedica\u00e7\u00e3o exclusiva e um s\u00f3cio t\u00e9cnico. As interessadas devem entrar em contato com a organiza\u00e7\u00e3o da Gramado Summit para realizar a inscri\u00e7\u00e3o, preenchendo um formul\u00e1rio com informa\u00e7\u00f5es sobre a startup.<\/p>\n<p><strong>Leia mais:<\/strong><\/p>\n<ul>\n<li>Web Summit Lisboa: projeto na Amaz\u00f4nia ganha destaque internacional<\/li>\n<li>Web Summit Lisboa: campe\u00f5es da Copa lan\u00e7am app social para futebol<\/li>\n<li>Futuro da IA ser\u00e1 em c\u00f3digo aberto? L\u00edderes da tecnologia discordam<\/li>\n<\/ul>\n<p>De 15 a 22 de mar\u00e7o ser\u00e1 o per\u00edodo de avalia\u00e7\u00e3o dos projetos pelo corpo de jurados, momento em que ser\u00e3o escolhidas at\u00e9 20 startups para a fase presencial do concurso. A listagem com as startups ser\u00e1 divulgada pela organiza\u00e7\u00e3o do evento no dia 19 de mar\u00e7o.<\/p>\n<p>Durante os tr\u00eas dias de evento ocorre a fase presencial da competi\u00e7\u00e3o, na qual as selecionadas participar\u00e3o de uma peneira com avalia\u00e7\u00e3o do corpo de jurados da Ventiur. As startups receber\u00e3o conte\u00fado pr\u00e9vio para treinamento de pitch com videoaulas para que os empreendedores possam assistir e ajustar suas apresenta\u00e7\u00f5es, al\u00e9m de um treinamento coletivo ao vivo para tirar d\u00favidas e revisar os pitches.<\/p>\n<p>Cada startup ter\u00e1 no m\u00e1ximo 10 minutos para apresenta\u00e7\u00e3o, sendo cinco minutos para apresenta\u00e7\u00e3o do pitch e cinco minutos para perguntas do corpo de jurados. As tr\u00eas finalistas apresentar\u00e3o seu pitch para o p\u00fablico no \u00faltimo dia de Gramado Summit, no palco principal. Mais informa\u00e7\u00f5es podem ser conferidas no regulamento, dispon\u00edvel no site.<\/p>\n<p>Este ser\u00e1 o s\u00e9timo ano de Gramado Summit e, tamb\u00e9m, o s\u00e9timo ano de Batalha de Startups. Conforme explica o CEO do evento, Marcus Rossi, um dos grandes prop\u00f3sitos do evento \u00e9 dar visibilidade para ideias disruptivas e pequenos empreendedores. <\/p>\n<p>\u201cQueremos colocar em evid\u00eancia solu\u00e7\u00f5es que contribuir\u00e3o para transformarmos o mundo em um lugar melhor. Somos um evento que se preocupa com o futuro, e nada mais justo do que dar voz aos neg\u00f3cios que querem mudar o futuro\u201d, salienta.<\/p>\n<h2 id=\"h-o-que-esperar-do-gramado-summit-2024\">O que esperar do Gramado Summit 2024?<\/h2>\n<p>Para 2024, s\u00e3o esperados 500 palestrantes, 500 empresas expositoras e 15 mil participantes. Al\u00e9m dos nomes anunciados para o palco de Marketing, est\u00e3o confirmados outros nomes como Marcos Piangers (Papai \u00e9 Pop), Veronica Oliveira (Faxina Boa), Gilberto Silva (mentor de alta performance), Den\u00edlson Show (pentacampe\u00e3o mundial), Romero Rodrigues (Headline), Natalia Beauty (NB Group), Christiano Faig (Microsoft), Jandaraci Araujo (Conselheira 101), Icaro de Abreu (IBM) e Yuri Mussoly (Tiktok).<\/p>\n<p>O post Gramado Summit ter\u00e1 batalha entre startups para capta\u00e7\u00e3o de investimento apareceu primeiro em Olhar Digital.<\/p>\n<p><br \/>\n<br \/><a href=\"https:\/\/olhardigital.com.br\/2023\/12\/07\/pro\/gramado-summit-tera-batalha-entre-startups-para-captacao-de-investimento\/\">Fonte do Artigo <\/a><br \/>\nTags:<\/p>\n<p><a title=\"Gestor de Tr\u00e1fego\" href=\"https:\/\/www.gestor-de-trafego.com\/\" target=\"_blank\" rel=\"noopener\"><strong>Gestor de Tr\u00e1fego<\/strong><\/a><\/p>\n<p><a href=\"https:\/\/wiy.com.br\/noticias\/categoria\/tecnologia\/\">#tecnologia<\/a> <a href=\"https:\/\/wiy.com.br\/noticias\/categoria\/tecnologia\/\">#tecnologias<\/a> <a href=\"https:\/\/wiy.com.br\/noticias\/categoria\/tecnologia\/\">#technology<\/a> <a href=\"https:\/\/wiy.com.br\/noticias\/categoria\/tecnologia\/\">#tecnolog<\/a> <a href=\"https:\/\/wiy.com.br\/noticias\/categoria\/tecnologia\/\">#iphone<\/a> <a href=\"https:\/\/wiy.com.br\/noticias\/categoria\/tecnologia\/\">#informatica<\/a> <a href=\"https:\/\/wiy.com.br\/noticias\/categoria\/tecnologia\/\">#tech<\/a> <a href=\"https:\/\/wiy.com.br\/noticias\/categoria\/tecnologia\/\">#design<\/a> <a href=\"https:\/\/wiy.com.br\/noticias\/categoria\/tecnologia\/\">#samsung<\/a> <a href=\"https:\/\/wiy.com.br\/noticias\/categoria\/tecnologia\/\">#internet<\/a> <a href=\"https:\/\/wiy.com.br\/noticias\/categoria\/tecnologia\/\">#apple<\/a> <a href=\"https:\/\/wiy.com.br\/noticias\/categoria\/tecnologia\/\">#smartphone<\/a> <a href=\"https:\/\/wiy.com.br\/noticias\/categoria\/tecnologia\/\">#seguranca<\/a> <a href=\"https:\/\/wiy.com.br\/noticias\/categoria\/tecnologia\/\">#venezuela<\/a> <a href=\"https:\/\/wiy.com.br\/noticias\/categoria\/tecnologia\/\">#celular<\/a> <a href=\"https:\/\/wiy.com.br\/noticias\/categoria\/tecnologia\/\">#celulares<\/a> <a href=\"https:\/\/wiy.com.br\/noticias\/categoria\/tecnologia\/\">#inovar<\/a> <a href=\"https:\/\/wiy.com.br\/noticias\/categoria\/tecnologia\/\">#qualidade<\/a> <a href=\"https:\/\/wiy.com.br\/noticias\/categoria\/tecnologia\/\">#software<\/a> <a href=\"https:\/\/wiy.com.br\/noticias\/categoria\/tecnologia\/\">#empresas<\/a> <a href=\"https:\/\/wiy.com.br\/noticias\/categoria\/tecnologia\/\">#cursos<\/a> <a href=\"https:\/\/wiy.com.br\/noticias\/categoria\/tecnologia\/\">#engenharia<\/a> <a href=\"https:\/\/wiy.com.br\/noticias\/categoria\/tecnologia\/\">#industria<\/a> <a href=\"https:\/\/wiy.com.br\/noticias\/categoria\/tecnologia\/\">#marketing<\/a> <a href=\"https:\/\/wiy.com.br\/noticias\/categoria\/tecnologia\/\">#ti<\/a> <a href=\"https:\/\/wiy.com.br\/noticias\/categoria\/tecnologia\/\">#tecnoblog<\/a> <a href=\"https:\/\/wiy.com.br\/noticias\/categoria\/tecnologia\/\">#veja<\/a> <a href=\"https:\/\/wiy.com.br\/noticias\/categoria\/tecnologia\/\">#olhardigital<\/a> <a href=\"https:\/\/wiy.com.br\/noticias\/categoria\/tecnologia\/\">#mundodigital<\/a> <a href=\"https:\/\/wiy.com.br\/noticias\/categoria\/tecnologia\/\">#inteligenciaartificial<\/a> <a href=\"https:\/\/wiy.com.br\/criacao-de-sites\/\">#criar site<\/a> <a href=\"https:\/\/wiy.com.br\/criacao-de-sites\/\">#criar site curitiba<\/a> <a href=\"https:\/\/wiy.com.br\/criacao-de-sites\/\">#wiysolutions<\/a><\/p>\n<p><a \n#Gramado #Summit #ter\u00e1 #batalha #entre #startups #para #capta\u00e7\u00e3o #investimento\n<\/p>\n","protected":false},"excerpt":{"rendered":"<p>Em mais uma edi\u00e7\u00e3o, a confer\u00eancia de inova\u00e7\u00e3o Gramado Summit promover\u00e1 um concurso voltado para startups. A vencedora da competi\u00e7\u00e3o receber\u00e1 um aporte de R$ 200 mil da aceleradora Ventiur, com possibilidade de chegar em at\u00e9 R$ 1 milh\u00e3o por meio de co-investimento. As inscri\u00e7\u00f5es para participar abrem no dia 15 de janeiro. O evento [&hellip;]<\/p>\n","protected":false},"author":1,"featured_media":0,"comment_status":"open","ping_status":"open","sticky":false,"template":"","format":"standard","meta":{"footnotes":""},"categories":[5],"tags":[],"class_list":["post-81668","post","type-post","status-publish","format-standard","hentry","category-tecnologia"],"_links":{"self":[{"href":"https:\/\/wiy.com.br\/noticias\/wp-json\/wp\/v2\/posts\/81668","targetHints":{"allow":["GET"]}}],"collection":[{"href":"https:\/\/wiy.com.br\/noticias\/wp-json\/wp\/v2\/posts"}],"about":[{"href":"https:\/\/wiy.com.br\/noticias\/wp-json\/wp\/v2\/types\/post"}],"author":[{"embeddable":true,"href":"https:\/\/wiy.com.br\/noticias\/wp-json\/wp\/v2\/users\/1"}],"replies":[{"embeddable":true,"href":"https:\/\/wiy.com.br\/noticias\/wp-json\/wp\/v2\/comments?post=81668"}],"version-history":[{"count":0,"href":"https:\/\/wiy.com.br\/noticias\/wp-json\/wp\/v2\/posts\/81668\/revisions"}],"wp:attachment":[{"href":"https:\/\/wiy.com.br\/noticias\/wp-json\/wp\/v2\/media?parent=81668"}],"wp:term":[{"taxonomy":"category","embeddable":true,"href":"https:\/\/wiy.com.br\/noticias\/wp-json\/wp\/v2\/categories?post=81668"},{"taxonomy":"post_tag","embeddable":true,"href":"https:\/\/wiy.com.br\/noticias\/wp-json\/wp\/v2\/tags?post=81668"}],"curies":[{"name":"wp","href":"https:\/\/api.w.org\/{rel}","templated":true}]}}