{"id":81202,"date":"2023-11-06T18:12:36","date_gmt":"2023-11-06T21:12:36","guid":{"rendered":"https:\/\/wiy.com.br\/noticias\/camara-de-sp-aprova-titulo-de-cidada-paulistana-para-michelle-bolsonaro\/"},"modified":"2023-11-06T18:12:36","modified_gmt":"2023-11-06T21:12:36","slug":"camara-de-sp-aprova-titulo-de-cidada-paulistana-para-michelle-bolsonaro","status":"publish","type":"post","link":"https:\/\/wiy.com.br\/noticias\/camara-de-sp-aprova-titulo-de-cidada-paulistana-para-michelle-bolsonaro\/","title":{"rendered":"C\u00e2mara de SP aprova t\u00edtulo de cidad\u00e3 paulistana para Michelle Bolsonaro"},"content":{"rendered":"<p> <br \/>\n<br \/><img title = \"[Tags]\"alt = \"Michelle-Bolsonaro C\u00e2mara de SP aprova t\u00edtulo de cidad\u00e3 paulistana para Michelle Bolsonaro\"decoding=\"async\" src=\"https:\/\/vejasp.abril.com.br\/wp-content\/uploads\/2023\/11\/Michelle-Bolsonaro.jpg\" \/><\/p>\n<p>A <strong>C\u00e2mara Municipal de S\u00e3o Paulo<\/strong> aprovou nesta quarta-feira (1\u00ba) a proposta que concede o t\u00edtulo de cidad\u00e3 paulistana para a ex-primeira dama <a href=\"https:\/\/vejasp.abril.com.br\/?s=Michelle+Bolsonaro&amp;orderby=date\"><strong>Michelle Bolsonaro<\/strong><\/a>. A medida \u00e9 de autoria dos vereadores <strong>Rinaldi Digilio<\/strong> (Uni\u00e3o Brasil) e <strong>Fernando Holiday<\/strong> (PL).<\/p>\n<div id=\"relacionadas\" class=\"block  three_columns\">\n<ul class=\"block-menu\">\n<li data-tab=\"tab-1\" class=\"active\">Relacionadas<\/li>\n<\/ul>\n<div id=\"tab-1\" class=\"block-content active\">\n<ul class=\"relacionadas-s-img\">\n<li class=\"widget-news-item without-thumb with-border\">\n<div class=\"widget-news-info\"><a href=\"\/cidades\">Cidades<\/a><span class=\"widget-news-item-title\"><a href=\"https:\/\/vejasp.abril.com.br\/cidades\/metralhadoras-exercito-recuperadas-rio-de-janeiro\/\">Duas metralhadoras roubadas do Ex\u00e9rcito s\u00e3o recuperadas no Rio<\/a><\/span><span class=\"widget-news-item-date\">1 nov 2023 &#8211; 11h11<\/span><\/div>\n<\/li>\n<li class=\"widget-news-item without-thumb with-border\">\n<div class=\"widget-news-info\"><a href=\"\/cidades\">Cidades<\/a><span class=\"widget-news-item-title\"><a href=\"https:\/\/vejasp.abril.com.br\/cidades\/tarcisio-de-freitas-nao-planeja-compras-cameras-policiais\/\">Tarc\u00edsio n\u00e3o planeja comprar mais c\u00e2meras para PMs e diz ter outras prioridades<\/a><\/span><span class=\"widget-news-item-date\">30 out 2023 &#8211; 20h10<\/span><\/div>\n<\/li>\n<\/ul>\n<\/div>\n<\/div>\n<p>A homenagem passou com 37 votos favor\u00e1veis dos 55 vereadores, sendo que parlamentares das bancadas do PSOL e PT foram contr\u00e1rios.<\/p>\n<p>O T\u00edtulo de Cidad\u00e3o Paulistano \u00e9 concedido para pessoas n\u00e3o naturais da cidade que realizaram trabalhos ou tiveram trajet\u00f3rias relevantes na capital paulista.<\/p>\n<p>Nas redes sociais, Digilio comemorou a aprova\u00e7\u00e3o: &#8220;Aprovamos hoje na C\u00e2mara Municipal de S\u00e3o Paulo a honraria de cidad\u00e3 paulistana para Michelle Bolsonaro. Mesmo com forte campanha do PT e do PSOL, que tentaram obstruir, vencemos e vamos entregar tal honraria&#8221;, escreveu. Ele ainda justificou a medida afirmando que &#8220;Michelle tem desempenhado um papel not\u00e1vel em nossa na\u00e7\u00e3o, se destacando o seu trabalho voltado para pessoas com defici\u00eancia, doen\u00e7as raras, autismo e inclus\u00e3o de libras&#8221;.<\/p>\n<div class=\"ads post-ads\"><span class=\"title\">Continua ap\u00f3s a publicidade<\/span><\/p>\n<div id=\"abrAD_rectangle2\" class=\"abrAD\" data-ad-sizes=\"300x250\"><\/div>\n<\/div>\n<p>Michelle Bolsonaro \u00e9 natural de Ceil\u00e2ndia, no Distrito Federal, e atua como presidente do PL Mulher.<\/p>\n<div class=\"box-app-phone-share\">\n<div class=\"title-phone-share\">Compartilhe essa mat\u00e9ria via:<\/div>\n<div class=\"buttoms-phone-share\">\n\t\t<a class=\"whatsapp\" id=\"whatsappShare\" target=\"_blank\" href=\"https:\/\/api.whatsapp.com\/send?text=https:\/\/vejasp.abril.com.br\/cidades\/camara-de-sp-aprova-titulo-de-cidada-paulistana-para-michelle-bolsonaro\/?utm_medium=whatsapp&amp;utm_source=shortcode_vejinhas\" rel=\"noopener\"><span>WhatsAPP<\/span><\/a><br \/>\n\t\t<a class=\"telegram\" id=\"telegramShare\" target=\"_blank\" href=\"https:\/\/telegram.me\/share\/url?url=https:\/\/vejasp.abril.com.br\/cidades\/camara-de-sp-aprova-titulo-de-cidada-paulistana-para-michelle-bolsonaro\/?utm_medium=telegram&amp;utm_source=shortcode_vejinhas\" rel=\"noopener\"><span>Telegram<\/span><\/a>\n\t\t<\/div>\n<\/p><\/div>\n<p>&nbsp;<\/p>\n<div class=\"ads fixed-ad\"><span class=\"title\">Publicidade<\/span> <\/p>\n<div id=\"abrAD_leaderboard1\" class=\"abrAD\" data-ad-sizes=\"970x250,970x90,970x150,728x90\"><\/div>\n<\/div>\n<p><br \/>\n<br \/><a href=\"https:\/\/vejasp.abril.com.br\/cidades\/camara-de-sp-aprova-titulo-de-cidada-paulistana-para-michelle-bolsonaro\/\">Fonte do Artigo <\/a><br \/>\nTags:<br \/>\n#loterias #loteriascaixa #megasena #resultadoapostas#noticias #noticiario  #noticia #brasil #noticiascolombia #mundo #esporte #colombia #noticiadeld #ltimasnoticias  #noticiario #noticiasregionales #noticiasdepartamentales #noticiashoy #esportes #noticiaahora #elinformantenoticias #noticiasdeboyac  #esporteinterativo #esportivo #diariodosesportes  #noticiero  #jogodefutebol #jogos #loto #apostas<\/p>\n","protected":false},"excerpt":{"rendered":"<p>A C\u00e2mara Municipal de S\u00e3o Paulo aprovou nesta quarta-feira (1\u00ba) a proposta que concede o t\u00edtulo de cidad\u00e3 paulistana para a ex-primeira dama Michelle Bolsonaro. A medida \u00e9 de autoria dos vereadores Rinaldi Digilio (Uni\u00e3o Brasil) e Fernando Holiday (PL). Relacionadas CidadesDuas metralhadoras roubadas do Ex\u00e9rcito s\u00e3o recuperadas no Rio1 nov 2023 &#8211; 11h11 CidadesTarc\u00edsio [&hellip;]<\/p>\n","protected":false},"author":1,"featured_media":81203,"comment_status":"open","ping_status":"open","sticky":false,"template":"","format":"standard","meta":{"footnotes":""},"categories":[1],"tags":[],"class_list":["post-81202","post","type-post","status-publish","format-standard","has-post-thumbnail","hentry","category-curso-de-copy"],"_links":{"self":[{"href":"https:\/\/wiy.com.br\/noticias\/wp-json\/wp\/v2\/posts\/81202","targetHints":{"allow":["GET"]}}],"collection":[{"href":"https:\/\/wiy.com.br\/noticias\/wp-json\/wp\/v2\/posts"}],"about":[{"href":"https:\/\/wiy.com.br\/noticias\/wp-json\/wp\/v2\/types\/post"}],"author":[{"embeddable":true,"href":"https:\/\/wiy.com.br\/noticias\/wp-json\/wp\/v2\/users\/1"}],"replies":[{"embeddable":true,"href":"https:\/\/wiy.com.br\/noticias\/wp-json\/wp\/v2\/comments?post=81202"}],"version-history":[{"count":0,"href":"https:\/\/wiy.com.br\/noticias\/wp-json\/wp\/v2\/posts\/81202\/revisions"}],"wp:featuredmedia":[{"embeddable":true,"href":"https:\/\/wiy.com.br\/noticias\/wp-json\/wp\/v2\/media\/81203"}],"wp:attachment":[{"href":"https:\/\/wiy.com.br\/noticias\/wp-json\/wp\/v2\/media?parent=81202"}],"wp:term":[{"taxonomy":"category","embeddable":true,"href":"https:\/\/wiy.com.br\/noticias\/wp-json\/wp\/v2\/categories?post=81202"},{"taxonomy":"post_tag","embeddable":true,"href":"https:\/\/wiy.com.br\/noticias\/wp-json\/wp\/v2\/tags?post=81202"}],"curies":[{"name":"wp","href":"https:\/\/api.w.org\/{rel}","templated":true}]}}