{"id":81172,"date":"2023-11-06T18:08:43","date_gmt":"2023-11-06T21:08:43","guid":{"rendered":"https:\/\/wiy.com.br\/noticias\/celina-locks-e-ronaldo-fenomeno-promovem-bazar-beneficente\/"},"modified":"2023-11-06T18:08:43","modified_gmt":"2023-11-06T21:08:43","slug":"celina-locks-e-ronaldo-fenomeno-promovem-bazar-beneficente","status":"publish","type":"post","link":"https:\/\/wiy.com.br\/noticias\/celina-locks-e-ronaldo-fenomeno-promovem-bazar-beneficente\/","title":{"rendered":"Celina Locks e Ronaldo Fen\u00f4meno promovem bazar beneficente"},"content":{"rendered":"<p> <br \/>\n<br \/><img title = \"[Tags]\"alt = \"WhatsApp-Image-2023-11-03-at-15.52.03 Celina Locks e Ronaldo Fen\u00f4meno promovem bazar beneficente\"decoding=\"async\" src=\"https:\/\/vejasp.abril.com.br\/wp-content\/uploads\/2023\/11\/WhatsApp-Image-2023-11-03-at-15.52.03.jpeg\" \/><\/p>\n<p>O <strong>Bazar da Funda\u00e7\u00e3o Fen\u00f4menos<\/strong>, que arrecada fundos para as a\u00e7\u00f5es beneficentes realizadas pela organiza\u00e7\u00e3o sem fins lucrativos, acontece no pr\u00f3ximo s\u00e1bado (11) no <strong>Clube Pinheiros<\/strong>, no Jardim Europa. A funda\u00e7\u00e3o tocada pelo casal <strong>Celina Locks<\/strong> e <a href=\"https:\/\/vejasp.abril.com.br\/tudo-sobre\/ronaldo-fenomeno\"><strong>Ronaldo Fen\u00f4meno<\/strong><\/a> est\u00e1 na terceira edi\u00e7\u00e3o do evento, que pretende receber seis mil pessoas neste ano.<\/p>\n<div id=\"relacionadas\" class=\"block  three_columns\">\n<ul class=\"block-menu\">\n<li data-tab=\"tab-1\" class=\"active\">Relacionadas<\/li>\n<\/ul>\n<div id=\"tab-1\" class=\"block-content active\">\n<ul class=\"relacionadas-s-img\">\n<li class=\"widget-news-item without-thumb with-border\">\n<div class=\"widget-news-info\"><a href=\"\/cidades\">Cidades<\/a><span class=\"widget-news-item-title\"><a href=\"https:\/\/vejasp.abril.com.br\/cidades\/formula-1-autodromo-interlagos-2030\/\">F\u00f3rmula 1 seguir\u00e1 no Aut\u00f3dromo de Interlagos at\u00e9 2030<\/a><\/span><span class=\"widget-news-item-date\">3 nov 2023 &#8211; 13h11<\/span><\/div>\n<\/li>\n<li class=\"widget-news-item without-thumb with-border\">\n<div class=\"widget-news-info\"><a href=\"\/cultura-lazer\">Cultura &amp; Lazer<\/a><span class=\"widget-news-item-title\"><a href=\"https:\/\/vejasp.abril.com.br\/coluna\/terraco-paulistano\/roteiro-brechos-sp\/\">11 brech\u00f3s de todos os estilos e pre\u00e7os para visitar em S\u00e3o Paulo<\/a><\/span><span class=\"widget-news-item-date\">3 nov 2023 &#8211; 06h11<\/span><\/div>\n<\/li>\n<li class=\"widget-news-item without-thumb with-border\">\n<div class=\"widget-news-info\"><a href=\"\/cultura-lazer\">Cultura &amp; Lazer<\/a><span class=\"widget-news-item-title\"><a href=\"https:\/\/vejasp.abril.com.br\/coluna\/terraco-paulistano\/sao-paulo-mostra-470-anos\/\">Homenagem a S\u00e3o Paulo re\u00fane obras inspiradas em 16 bairros da capital<\/a><\/span><span class=\"widget-news-item-date\">3 nov 2023 &#8211; 06h11<\/span><\/div>\n<\/li>\n<\/ul>\n<\/div>\n<\/div>\n<p>O BFF 23 contou com o apoio de 31 marcas e personalidades na doa\u00e7\u00e3o das pe\u00e7as e ainda est\u00e1 prevista a parceria de outras 70. &#8220;Nosso prop\u00f3sito \u00e9 unir duas pontas, moda e iniciativa social, para potencializar os programas sociais executados pela Funda\u00e7\u00e3o Fen\u00f4menos&#8221;, afirma Celina, presidente da Funda\u00e7\u00e3o Fen\u00f4menos.<\/p>\n<p>A entidade destina os recursos para apoiar iniciativas de incentivo ao esporte, cultura e lazer nas periferias. De acordo com a Funda\u00e7\u00e3o Fen\u00f4menos, mais de 85 mil pessoas e 23 comunidades foram beneficiadas.<\/p>\n<div class=\"ads post-ads\"><span class=\"title\">Continua ap\u00f3s a publicidade<\/span><\/p>\n<div id=\"abrAD_rectangle2\" class=\"abrAD\" data-ad-sizes=\"300x250\"><\/div>\n<\/div>\n<p><em>Clube Pinheiros (sal\u00e3o de festas), R. Tucum\u00e3 &#8211; Jardim Europa, 11\/11 (s\u00e1bado),\u00a0das 10h \u00e0s 18h. R$ 20,00 \/Solid\u00e1rio: R$ 10 + 1kg de alimento n\u00e3o perec\u00edvel. @eusoubff @fundacaofenomenos fenomenos.org.<\/em><\/p>\n<div class=\"box-app-phone-share\">\n<div class=\"title-phone-share\">Compartilhe essa mat\u00e9ria via:<\/div>\n<div class=\"buttoms-phone-share\">\n\t\t<a class=\"whatsapp\" id=\"whatsappShare\" target=\"_blank\" href=\"https:\/\/api.whatsapp.com\/send?text=https:\/\/vejasp.abril.com.br\/cidades\/fundacao-fenomenos-bazar-clube-pinheiros\/?utm_medium=whatsapp&amp;utm_source=shortcode_vejinhas\" rel=\"noopener\"><span>WhatsAPP<\/span><\/a><br \/>\n\t\t<a class=\"telegram\" id=\"telegramShare\" target=\"_blank\" href=\"https:\/\/telegram.me\/share\/url?url=https:\/\/vejasp.abril.com.br\/cidades\/fundacao-fenomenos-bazar-clube-pinheiros\/?utm_medium=telegram&amp;utm_source=shortcode_vejinhas\" rel=\"noopener\"><span>Telegram<\/span><\/a>\n\t\t<\/div>\n<\/p><\/div>\n<div class=\"ads fixed-ad\"><span class=\"title\">Publicidade<\/span> <\/p>\n<div id=\"abrAD_leaderboard1\" class=\"abrAD\" data-ad-sizes=\"970x250,970x90,970x150,728x90\"><\/div>\n<\/div>\n<p><br \/>\n<br \/><a href=\"https:\/\/vejasp.abril.com.br\/cidades\/fundacao-fenomenos-bazar-clube-pinheiros\/\">Fonte do Artigo <\/a><br \/>\nTags:<br \/>\n#loterias #loteriascaixa #megasena #resultadoapostas#noticias #noticiario  #noticia #brasil #noticiascolombia #mundo #esporte #colombia #noticiadeld #ltimasnoticias  #noticiario #noticiasregionales #noticiasdepartamentales #noticiashoy #esportes #noticiaahora #elinformantenoticias #noticiasdeboyac  #esporteinterativo #esportivo #diariodosesportes  #noticiero  #jogodefutebol #jogos #loto #apostas<\/p>\n","protected":false},"excerpt":{"rendered":"<p>O Bazar da Funda\u00e7\u00e3o Fen\u00f4menos, que arrecada fundos para as a\u00e7\u00f5es beneficentes realizadas pela organiza\u00e7\u00e3o sem fins lucrativos, acontece no pr\u00f3ximo s\u00e1bado (11) no Clube Pinheiros, no Jardim Europa. A funda\u00e7\u00e3o tocada pelo casal Celina Locks e Ronaldo Fen\u00f4meno est\u00e1 na terceira edi\u00e7\u00e3o do evento, que pretende receber seis mil pessoas neste ano. Relacionadas CidadesF\u00f3rmula [&hellip;]<\/p>\n","protected":false},"author":1,"featured_media":81173,"comment_status":"open","ping_status":"open","sticky":false,"template":"","format":"standard","meta":{"footnotes":""},"categories":[1],"tags":[],"class_list":["post-81172","post","type-post","status-publish","format-standard","has-post-thumbnail","hentry","category-curso-de-copy"],"_links":{"self":[{"href":"https:\/\/wiy.com.br\/noticias\/wp-json\/wp\/v2\/posts\/81172","targetHints":{"allow":["GET"]}}],"collection":[{"href":"https:\/\/wiy.com.br\/noticias\/wp-json\/wp\/v2\/posts"}],"about":[{"href":"https:\/\/wiy.com.br\/noticias\/wp-json\/wp\/v2\/types\/post"}],"author":[{"embeddable":true,"href":"https:\/\/wiy.com.br\/noticias\/wp-json\/wp\/v2\/users\/1"}],"replies":[{"embeddable":true,"href":"https:\/\/wiy.com.br\/noticias\/wp-json\/wp\/v2\/comments?post=81172"}],"version-history":[{"count":0,"href":"https:\/\/wiy.com.br\/noticias\/wp-json\/wp\/v2\/posts\/81172\/revisions"}],"wp:featuredmedia":[{"embeddable":true,"href":"https:\/\/wiy.com.br\/noticias\/wp-json\/wp\/v2\/media\/81173"}],"wp:attachment":[{"href":"https:\/\/wiy.com.br\/noticias\/wp-json\/wp\/v2\/media?parent=81172"}],"wp:term":[{"taxonomy":"category","embeddable":true,"href":"https:\/\/wiy.com.br\/noticias\/wp-json\/wp\/v2\/categories?post=81172"},{"taxonomy":"post_tag","embeddable":true,"href":"https:\/\/wiy.com.br\/noticias\/wp-json\/wp\/v2\/tags?post=81172"}],"curies":[{"name":"wp","href":"https:\/\/api.w.org\/{rel}","templated":true}]}}