{"id":81147,"date":"2023-11-06T18:05:19","date_gmt":"2023-11-06T21:05:19","guid":{"rendered":"https:\/\/wiy.com.br\/noticias\/pm-mata-homem-que-estava-rendido-com-tiro-no-peito\/"},"modified":"2023-11-06T18:05:19","modified_gmt":"2023-11-06T21:05:19","slug":"pm-mata-homem-que-estava-rendido-com-tiro-no-peito","status":"publish","type":"post","link":"https:\/\/wiy.com.br\/noticias\/pm-mata-homem-que-estava-rendido-com-tiro-no-peito\/","title":{"rendered":"PM mata homem que estava rendido com tiro no peito"},"content":{"rendered":"<p> <br \/>\n<br \/><img title = \"[Tags]\"alt = \"Captura-de-Tela-2023-11-06-as-4.03.57-PM PM mata homem que estava rendido com tiro no peito\"decoding=\"async\" src=\"https:\/\/vejasp.abril.com.br\/wp-content\/uploads\/2023\/11\/Captura-de-Tela-2023-11-06-as-4.03.57-PM.png\" \/><\/p>\n<p>Um policial militar matou um homem que estava rendido, com as m\u00e3os para o alto, com um tiro no peito. O caso aconteceu na manh\u00e3 de domingo (5), no <strong>Morro do Piolho<\/strong>, <a href=\"https:\/\/vejasp.abril.com.br\/tudo-sobre\/capao-redondo\"><strong>Cap\u00e3o Redondo<\/strong><\/a>, Zona Sul da capital.<\/p>\n<div id=\"relacionadas\" class=\"block  three_columns\">\n<ul class=\"block-menu\">\n<li data-tab=\"tab-1\" class=\"active\">Relacionadas<\/li>\n<\/ul>\n<div id=\"tab-1\" class=\"block-content active\">\n<ul class=\"relacionadas-s-img\">\n<li class=\"widget-news-item without-thumb with-border\">\n<div class=\"widget-news-info\"><a href=\"\/cidades\">Cidades<\/a><span class=\"widget-news-item-title\"><a href=\"https:\/\/vejasp.abril.com.br\/cidades\/falta-de-luz-em-sp\/\">500 mil im\u00f3veis seguem sem energia el\u00e9trica na Grande SP<\/a><\/span><span class=\"widget-news-item-date\">6 nov 2023 &#8211; 10h11<\/span><\/div>\n<\/li>\n<li class=\"widget-news-item without-thumb with-border\">\n<div class=\"widget-news-info\"><a href=\"\/cidades\">Cidades<\/a><span class=\"widget-news-item-title\"><a href=\"https:\/\/vejasp.abril.com.br\/cidades\/sol-ou-chuva-confira-a-previsao-do-tempo-para-a-semana\/\">Sol ou chuva? Confira a previs\u00e3o do tempo para a semana<\/a><\/span><span class=\"widget-news-item-date\">5 nov 2023 &#8211; 13h11<\/span><\/div>\n<\/li>\n<li class=\"widget-news-item without-thumb with-border\">\n<div class=\"widget-news-info\"><a href=\"\/cidades\">Cidades<\/a><span class=\"widget-news-item-title\"><a href=\"https:\/\/vejasp.abril.com.br\/cidades\/sobe-para-sete-o-numero-de-mortes-causadas-por-temporal-em-sao-paulo\/\">Sobe para sete o n\u00famero de mortes causadas por temporal em S\u00e3o Paulo<\/a><\/span><span class=\"widget-news-item-date\">5 nov 2023 &#8211; 16h11<\/span><\/div>\n<\/li>\n<\/ul>\n<\/div>\n<\/div>\n<p>Um v\u00eddeo foi publicado nas redes sociais do jornalista Andr\u00e9 Caramante (assista ao final do texto).<\/p>\n<p>O soldado <strong>Dernival Santos Silva<\/strong> de 27 anos, alegou que o disparo que matou o ajudante de pedreiro <strong>Matias Menezes Caviquiole<\/strong>, de 24 anos, foi acidental.<\/p>\n<div class=\"ads post-ads\"><span class=\"title\">Continua ap\u00f3s a publicidade<\/span><\/p>\n<div id=\"abrAD_rectangle2\" class=\"abrAD\" data-ad-sizes=\"300x250\"><\/div>\n<\/div>\n<p>De acordo com a Secretaria de Seguran\u00e7a P\u00fablica (SSP), policiais militares abordavam uma dupla flagrada em uma motocicleta sem placa, quando um outro homem interveio e tentou soltar os suspeitos. &#8220;Ele fugiu em seguida, mas foi alcan\u00e7ado por outro policial. Quando o PM fazia a abordagem, houve um disparo de arma de fogo e o homem foi atingido&#8221;, informou a pasta. &#8220;A ocorr\u00eancia foi encaminhada ao DHPP, onde o delegado, ap\u00f3s ouvir o policial e analisar as imagens da c\u00e2mera corporal, constatou ter se tratado de um disparo acidental, e instaurou inqu\u00e9rito para apurar o crime de homic\u00eddio culposo.&#8221;<\/p>\n<p>Dernival foi autuado e conduzido ao pres\u00eddio Rom\u00e3o Gomes. Um inqu\u00e9rito policial militar foi instaurado para apurar todas as circunst\u00e2ncias do caso, informou a SSP.<\/p>\n<p>Segundo o g1, o corpo de Matias ficou nove horas na rua \u00e0 espera de um transporte das autoridades para remov\u00ea-lo. A SSP afirmou que o policial acionou o resgate, mas que Matias morreu no local.<\/p>\n<div class=\"ads post-ads\"><span class=\"title\">Continua ap\u00f3s a publicidade<\/span><\/p>\n<div id=\"abrAD_rectangle2\" class=\"abrAD\" data-ad-sizes=\"300x250\"><\/div>\n<\/div>\n<p><strong>Aten\u00e7\u00e3o:<\/strong> o v\u00eddeo abaixo cont\u00e9m imagens fortes.<\/p>\n<blockquote class=\"instagram-media\" data-instgrm-captioned data-instgrm-permalink=\"https:\/\/www.instagram.com\/reel\/CzSOq9BtBGd\/?utm_source=ig_embed&amp;utm_campaign=loading\" data-instgrm-version=\"14\">\n<div> <a href=\"https:\/\/www.instagram.com\/reel\/CzSOq9BtBGd\/?utm_source=ig_embed&amp;utm_campaign=loading\" target=\"_blank\" rel=\"noopener\"> <\/p>\n<div>\n<div><\/div>\n<div>\n<div><\/div>\n<div><\/div>\n<\/div>\n<\/div>\n<div><\/div>\n<div><\/div>\n<div>\n<div>View this post on Instagram<\/div>\n<\/div>\n<div><\/div>\n<div>\n<div>\n<div><\/div>\n<div><\/div>\n<div><\/div>\n<\/div>\n<div>\n<div><\/div>\n<div><\/div>\n<\/div>\n<div>\n<div><\/div>\n<div><\/div>\n<div><\/div>\n<\/div>\n<\/div>\n<div>\n<div><\/div>\n<div><\/div>\n<\/div>\n<p><\/a><\/p>\n<p><a href=\"https:\/\/www.instagram.com\/reel\/CzSOq9BtBGd\/?utm_source=ig_embed&amp;utm_campaign=loading\" target=\"_blank\" rel=\"noopener\">A post shared by Andr\u00e9 Caramante (@andrecaramante)<\/a><\/p>\n<\/div>\n<\/blockquote>\n<div class=\"box-app-phone-share\">\n<div class=\"title-phone-share\">Compartilhe essa mat\u00e9ria via:<\/div>\n<div class=\"buttoms-phone-share\">\n\t\t<a class=\"whatsapp\" id=\"whatsappShare\" target=\"_blank\" href=\"https:\/\/api.whatsapp.com\/send?text=https:\/\/vejasp.abril.com.br\/cidades\/pm-mata-homem-rendido-tiro-peito-capao-redondo\/?utm_medium=whatsapp&amp;utm_source=shortcode_vejinhas\" rel=\"noopener\"><span>WhatsAPP<\/span><\/a><br \/>\n\t\t<a class=\"telegram\" id=\"telegramShare\" target=\"_blank\" href=\"https:\/\/telegram.me\/share\/url?url=https:\/\/vejasp.abril.com.br\/cidades\/pm-mata-homem-rendido-tiro-peito-capao-redondo\/?utm_medium=telegram&amp;utm_source=shortcode_vejinhas\" rel=\"noopener\"><span>Telegram<\/span><\/a>\n\t\t<\/div>\n<\/p><\/div>\n<div class=\"ads post-ads\"><span class=\"title\">Continua ap\u00f3s a publicidade<\/span><\/p>\n<div id=\"abrAD_rectangle2\" class=\"abrAD\" data-ad-sizes=\"300x250\"><\/div>\n<\/div>\n<p>&nbsp;<\/p>\n<div class=\"ads fixed-ad\"><span class=\"title\">Publicidade<\/span> <\/p>\n<div id=\"abrAD_leaderboard1\" class=\"abrAD\" data-ad-sizes=\"970x250,970x90,970x150,728x90\"><\/div>\n<\/div>\n<p><script async defer src=\"https:\/\/platform.instagram.com\/en_US\/embeds.js\"><\/script><br \/>\n<br \/><br \/>\n<br \/><a href=\"https:\/\/vejasp.abril.com.br\/cidades\/pm-mata-homem-rendido-tiro-peito-capao-redondo\/\">Fonte do Artigo <\/a><br \/>\nTags:<br \/>\n#loterias #loteriascaixa #megasena #resultadoapostas#noticias #noticiario  #noticia #brasil #noticiascolombia #mundo #esporte #colombia #noticiadeld #ltimasnoticias  #noticiario #noticiasregionales #noticiasdepartamentales #noticiashoy #esportes #noticiaahora #elinformantenoticias #noticiasdeboyac  #esporteinterativo #esportivo #diariodosesportes  #noticiero  #jogodefutebol #jogos #loto #apostas<\/p>\n","protected":false},"excerpt":{"rendered":"<p>Um policial militar matou um homem que estava rendido, com as m\u00e3os para o alto, com um tiro no peito. O caso aconteceu na manh\u00e3 de domingo (5), no Morro do Piolho, Cap\u00e3o Redondo, Zona Sul da capital. Relacionadas Cidades500 mil im\u00f3veis seguem sem energia el\u00e9trica na Grande SP6 nov 2023 &#8211; 10h11 CidadesSol ou [&hellip;]<\/p>\n","protected":false},"author":1,"featured_media":81148,"comment_status":"open","ping_status":"open","sticky":false,"template":"","format":"standard","meta":{"footnotes":""},"categories":[1],"tags":[],"class_list":["post-81147","post","type-post","status-publish","format-standard","has-post-thumbnail","hentry","category-curso-de-copy"],"_links":{"self":[{"href":"https:\/\/wiy.com.br\/noticias\/wp-json\/wp\/v2\/posts\/81147","targetHints":{"allow":["GET"]}}],"collection":[{"href":"https:\/\/wiy.com.br\/noticias\/wp-json\/wp\/v2\/posts"}],"about":[{"href":"https:\/\/wiy.com.br\/noticias\/wp-json\/wp\/v2\/types\/post"}],"author":[{"embeddable":true,"href":"https:\/\/wiy.com.br\/noticias\/wp-json\/wp\/v2\/users\/1"}],"replies":[{"embeddable":true,"href":"https:\/\/wiy.com.br\/noticias\/wp-json\/wp\/v2\/comments?post=81147"}],"version-history":[{"count":0,"href":"https:\/\/wiy.com.br\/noticias\/wp-json\/wp\/v2\/posts\/81147\/revisions"}],"wp:featuredmedia":[{"embeddable":true,"href":"https:\/\/wiy.com.br\/noticias\/wp-json\/wp\/v2\/media\/81148"}],"wp:attachment":[{"href":"https:\/\/wiy.com.br\/noticias\/wp-json\/wp\/v2\/media?parent=81147"}],"wp:term":[{"taxonomy":"category","embeddable":true,"href":"https:\/\/wiy.com.br\/noticias\/wp-json\/wp\/v2\/categories?post=81147"},{"taxonomy":"post_tag","embeddable":true,"href":"https:\/\/wiy.com.br\/noticias\/wp-json\/wp\/v2\/tags?post=81147"}],"curies":[{"name":"wp","href":"https:\/\/api.w.org\/{rel}","templated":true}]}}