{"id":80869,"date":"2023-10-22T17:44:49","date_gmt":"2023-10-22T20:44:49","guid":{"rendered":"https:\/\/wiy.com.br\/noticias\/tesla-registra-marco-de-um-milhao-de-eletricos-vendidos-na-europa\/"},"modified":"2023-10-22T17:44:52","modified_gmt":"2023-10-22T20:44:52","slug":"tesla-registra-marco-de-um-milhao-de-eletricos-vendidos-na-europa","status":"publish","type":"post","link":"https:\/\/wiy.com.br\/noticias\/tesla-registra-marco-de-um-milhao-de-eletricos-vendidos-na-europa\/","title":{"rendered":"Tesla registra marco de um milh\u00e3o de el\u00e9tricos vendidos na Europa\u00a0"},"content":{"rendered":"<p> <br \/>\n<\/p>\n<p>A Tesla comemorou na \u00faltima sexta-feira (20) o marco de um milh\u00e3o de ve\u00edculos el\u00e9tricos vendidos na Europa. Em comunicado, a montadora de Elon Musk contou que foram 14 anos desde que os primeiros\u00a0Roadsters\u00a0foram entregues a clientes\u00a0no continente.\u00a0<\/p>\n<p><strong>O que voc\u00ea precisa saber:\u00a0<\/strong><\/p>\n<ul>\n<li>De acordo com o InsideEVs, depois do Roadster original, a Tesla vendeu o Model S, o Model X, o Model 3 e o Model Y na Europa;\u00a0<\/li>\n<li>O Model 3 e o Model Y representam a maior parte do volume de vendas no territ\u00f3rio;\u00a0<\/li>\n<li>Atualmente, a empresa oferece quatro modelos el\u00e9tricos na Europa \u2014 o Model 3 (importado da China), o Modelo Y (produzido localmente na Alemanha) e a dupla Model S\/Model X (importado da Calif\u00f3rnia).\u00a0<\/li>\n<\/ul>\n<p><strong>Leia mais!\u00a0<\/strong><\/p>\n<ul>\n<li>Tesla lan\u00e7a dispositivo para carregar carros com luz solar<\/li>\n<li>Tesla pressiona para que 69% dos ve\u00edculos vendidos at\u00e9 2032 sejam el\u00e9tricos<\/li>\n<li>Tesla vira barco e atravessa rio profundo na Inglaterra; assista!<\/li>\n<\/ul>\n<blockquote class=\"wp-block-quote\">\n<p>H\u00e1 14 anos, entregamos o primeiro Tesla Roadster a clientes na Europa. Hoje, atingimos 1 milh\u00e3o de ve\u00edculos Tesla nas estradas de toda a Europa. Obrigado aos nossos propriet\u00e1rios e apoiadores por nos ajudarem a acelerar a transi\u00e7\u00e3o para a energia sustent\u00e1vel!\u00a0<\/p>\n<p><cite>Tesla em publica\u00e7\u00e3o no X.\u00a0<\/cite><\/p><\/blockquote>\n<p>Vale lembrar que, recentemente, a Tesla tamb\u00e9m alcan\u00e7ou um marco de 5 milh\u00f5es de unidades vendidas mundialmente. Somado aos n\u00fameros de vendas de 14 anos, a Europa se torna respons\u00e1vel por cerca de um quinto das vendas totais da Tesla.\u00a0<\/p>\n<p>Analistas e f\u00e3s da marca aguardam agora se o Tesla Cybertruck tamb\u00e9m entrar\u00e1 no mercado europeu.\u00a0O mesmo se aplica ao Tesla Semi.\u00a0<\/p>\n<figure class=\"wp-block-embed is-type-rich is-provider-twitter wp-block-embed-twitter\">\n<div class=\"wp-block-embed__wrapper\">\n<blockquote class=\"twitter-tweet\" data-width=\"500\" data-dnt=\"true\">\n<p lang=\"en\" dir=\"ltr\">14 years ago, we delivered the first Tesla Roadster to customers in Europe.<\/p>\n<p>Today, we hit 1 million Tesla vehicles on the road across Europe.<\/p>\n<p>Thanks to our owners &amp; supporters for helping us accelerate the transition to sustainable energy!<\/p>\n<p> <a href=\"https:\/\/t.co\/ewEcRgTZnb\">pic.twitter.com\/ewEcRgTZnb<\/a><\/p>\n<p>&mdash; Tesla Europe (@teslaeurope) <a href=\"https:\/\/twitter.com\/teslaeurope\/status\/1715352875650457777?ref_src=twsrc%5Etfw\">October 20, 2023<\/a><\/p><\/blockquote>\n<\/div>\n<\/figure>\n<p>Ainda segundo avalia\u00e7\u00e3o do portal, especializado em el\u00e9tricos, a expans\u00e3o bem-sucedida da Tesla na Europa \u00e9 uma grande amea\u00e7a para os fabricantes de autom\u00f3veis locais.&nbsp;Estat\u00edsticas de vendas j\u00e1 indicam que a montadora colocou dois modelos no topo da lista dos carros totalmente el\u00e9tricos mais vendidos na Europa.&nbsp;&nbsp;<\/p>\n<p>Al\u00e9m disso, como marca, ela j\u00e1 conquistou mais de 12% do segmento de autom\u00f3veis plug-in (quase 3% do mercado total de autom\u00f3veis).&nbsp;<\/p>\n<p>Importante destacar que, conforme preocupa\u00e7\u00f5es da Uni\u00e3o Europeia sobre a expans\u00e3o chinesa e a exporta\u00e7\u00e3o de carros el\u00e9tricos para o pa\u00eds, a Tesla pode ter uma abertura interessante para fixar a produ\u00e7\u00e3o do Model 3 no continente, assim como fez com o Model Y.\u00a0<\/p>\n<p>Considerando que a posi\u00e7\u00e3o da Tesla na Europa \u00e9 muito forte, tendo uma taxa de vendas superior a 300 mil por ano, n\u00e3o deve demorar muito at\u00e9 que empresa alcance mais um milh\u00e3o de unidades vendidas no mercado europeu.\u00a0<\/p>\n<p>O post Tesla registra marco de um milh\u00e3o de el\u00e9tricos vendidos na Europa\u00a0 apareceu primeiro em Olhar Digital.<\/p>\n<p><script async src=\"https:\/\/platform.twitter.com\/widgets.js\" charset=\"utf-8\"><\/script><br \/>\n<br \/><br \/>\n<br \/><a href=\"https:\/\/olhardigital.com.br\/2023\/10\/22\/carros-e-tecnologia\/tesla-registra-marco-de-um-milhao-de-eletricos-vendidos-na-europa\/\">Fonte do Artigo <\/a><br \/>\nTags:<\/p>\n<p><a title=\"Gestor de Tr\u00e1fego\" href=\"https:\/\/www.gestor-de-trafego.com\/\" target=\"_blank\" rel=\"noopener\"><strong>Gestor de Tr\u00e1fego<\/strong><\/a><\/p>\n<p><a href=\"https:\/\/wiy.com.br\/noticias\/categoria\/tecnologia\/\">#tecnologia<\/a> <a href=\"https:\/\/wiy.com.br\/noticias\/categoria\/tecnologia\/\">#tecnologias<\/a> <a href=\"https:\/\/wiy.com.br\/noticias\/categoria\/tecnologia\/\">#technology<\/a> <a href=\"https:\/\/wiy.com.br\/noticias\/categoria\/tecnologia\/\">#tecnolog<\/a> <a href=\"https:\/\/wiy.com.br\/noticias\/categoria\/tecnologia\/\">#iphone<\/a> <a href=\"https:\/\/wiy.com.br\/noticias\/categoria\/tecnologia\/\">#informatica<\/a> <a href=\"https:\/\/wiy.com.br\/noticias\/categoria\/tecnologia\/\">#tech<\/a> <a href=\"https:\/\/wiy.com.br\/noticias\/categoria\/tecnologia\/\">#design<\/a> <a href=\"https:\/\/wiy.com.br\/noticias\/categoria\/tecnologia\/\">#samsung<\/a> <a href=\"https:\/\/wiy.com.br\/noticias\/categoria\/tecnologia\/\">#internet<\/a> <a href=\"https:\/\/wiy.com.br\/noticias\/categoria\/tecnologia\/\">#apple<\/a> <a href=\"https:\/\/wiy.com.br\/noticias\/categoria\/tecnologia\/\">#smartphone<\/a> <a href=\"https:\/\/wiy.com.br\/noticias\/categoria\/tecnologia\/\">#seguranca<\/a> <a href=\"https:\/\/wiy.com.br\/noticias\/categoria\/tecnologia\/\">#venezuela<\/a> <a href=\"https:\/\/wiy.com.br\/noticias\/categoria\/tecnologia\/\">#celular<\/a> <a href=\"https:\/\/wiy.com.br\/noticias\/categoria\/tecnologia\/\">#celulares<\/a> <a href=\"https:\/\/wiy.com.br\/noticias\/categoria\/tecnologia\/\">#inovar<\/a> <a href=\"https:\/\/wiy.com.br\/noticias\/categoria\/tecnologia\/\">#qualidade<\/a> <a href=\"https:\/\/wiy.com.br\/noticias\/categoria\/tecnologia\/\">#software<\/a> <a href=\"https:\/\/wiy.com.br\/noticias\/categoria\/tecnologia\/\">#empresas<\/a> <a href=\"https:\/\/wiy.com.br\/noticias\/categoria\/tecnologia\/\">#cursos<\/a> <a href=\"https:\/\/wiy.com.br\/noticias\/categoria\/tecnologia\/\">#engenharia<\/a> <a href=\"https:\/\/wiy.com.br\/noticias\/categoria\/tecnologia\/\">#industria<\/a> <a href=\"https:\/\/wiy.com.br\/noticias\/categoria\/tecnologia\/\">#marketing<\/a> <a href=\"https:\/\/wiy.com.br\/noticias\/categoria\/tecnologia\/\">#ti<\/a> <a href=\"https:\/\/wiy.com.br\/noticias\/categoria\/tecnologia\/\">#tecnoblog<\/a> <a href=\"https:\/\/wiy.com.br\/noticias\/categoria\/tecnologia\/\">#veja<\/a> <a href=\"https:\/\/wiy.com.br\/noticias\/categoria\/tecnologia\/\">#olhardigital<\/a> <a href=\"https:\/\/wiy.com.br\/noticias\/categoria\/tecnologia\/\">#mundodigital<\/a> <a href=\"https:\/\/wiy.com.br\/noticias\/categoria\/tecnologia\/\">#inteligenciaartificial<\/a> <a href=\"https:\/\/wiy.com.br\/criacao-de-sites\/\">#criar site<\/a> <a href=\"https:\/\/wiy.com.br\/criacao-de-sites\/\">#criar site curitiba<\/a> <a href=\"https:\/\/wiy.com.br\/criacao-de-sites\/\">#wiysolutions<\/a><\/p>\n<p><a href=\"https:\/\/www.comprar-cytotec.com\/\">#Comprar Cytotec<\/a><a href=\"https:\/\/www.cytotecfacil.com\/\">#Cytotec Comprar<\/a><a href=\"https:\/\/www.cytotecbrasil.org\/\">#Cytotec Brasil<\/a><br \/>\n#Tesla #registra #marco #milh\u00e3o #el\u00e9tricos #vendidos #Europa<\/p>\n","protected":false},"excerpt":{"rendered":"<p>A Tesla comemorou na \u00faltima sexta-feira (20) o marco de um milh\u00e3o de ve\u00edculos el\u00e9tricos vendidos na Europa. Em comunicado, a montadora de Elon Musk contou que foram 14 anos desde que os primeiros\u00a0Roadsters\u00a0foram entregues a clientes\u00a0no continente.\u00a0 O que voc\u00ea precisa saber:\u00a0 De acordo com o InsideEVs, depois do Roadster original, a Tesla vendeu [&hellip;]<\/p>\n","protected":false},"author":1,"featured_media":77057,"comment_status":"open","ping_status":"open","sticky":false,"template":"","format":"standard","meta":{"footnotes":""},"categories":[5],"tags":[],"class_list":["post-80869","post","type-post","status-publish","format-standard","has-post-thumbnail","hentry","category-tecnologia"],"_links":{"self":[{"href":"https:\/\/wiy.com.br\/noticias\/wp-json\/wp\/v2\/posts\/80869","targetHints":{"allow":["GET"]}}],"collection":[{"href":"https:\/\/wiy.com.br\/noticias\/wp-json\/wp\/v2\/posts"}],"about":[{"href":"https:\/\/wiy.com.br\/noticias\/wp-json\/wp\/v2\/types\/post"}],"author":[{"embeddable":true,"href":"https:\/\/wiy.com.br\/noticias\/wp-json\/wp\/v2\/users\/1"}],"replies":[{"embeddable":true,"href":"https:\/\/wiy.com.br\/noticias\/wp-json\/wp\/v2\/comments?post=80869"}],"version-history":[{"count":1,"href":"https:\/\/wiy.com.br\/noticias\/wp-json\/wp\/v2\/posts\/80869\/revisions"}],"predecessor-version":[{"id":80870,"href":"https:\/\/wiy.com.br\/noticias\/wp-json\/wp\/v2\/posts\/80869\/revisions\/80870"}],"wp:featuredmedia":[{"embeddable":true,"href":"https:\/\/wiy.com.br\/noticias\/wp-json\/wp\/v2\/media\/77057"}],"wp:attachment":[{"href":"https:\/\/wiy.com.br\/noticias\/wp-json\/wp\/v2\/media?parent=80869"}],"wp:term":[{"taxonomy":"category","embeddable":true,"href":"https:\/\/wiy.com.br\/noticias\/wp-json\/wp\/v2\/categories?post=80869"},{"taxonomy":"post_tag","embeddable":true,"href":"https:\/\/wiy.com.br\/noticias\/wp-json\/wp\/v2\/tags?post=80869"}],"curies":[{"name":"wp","href":"https:\/\/api.w.org\/{rel}","templated":true}]}}