{"id":80711,"date":"2023-10-15T01:13:07","date_gmt":"2023-10-15T04:13:07","guid":{"rendered":"https:\/\/wiy.com.br\/noticias\/onde-assistir-horario-escalacoes-e-arbitragem\/"},"modified":"2023-10-15T01:13:07","modified_gmt":"2023-10-15T04:13:07","slug":"onde-assistir-horario-escalacoes-e-arbitragem","status":"publish","type":"post","link":"https:\/\/wiy.com.br\/noticias\/onde-assistir-horario-escalacoes-e-arbitragem\/","title":{"rendered":"onde assistir, hor\u00e1rio, escala\u00e7\u00f5es e arbitragem"},"content":{"rendered":"<p><\/p>\n<div>\n<p><strong>Liga dos Campe\u00f5es<\/strong> | <strong>Internazionale x Benfica<\/strong> se enfrentam nesta ter\u00e7a-feira (3), \u00e0s 16h, no San Siro, pelo jogo da 2\u00aa rodada do Grupo D. <strong>Veja abaixo prov\u00e1veis escala\u00e7\u00f5es, ficha t\u00e9cnica e como assistir ao jogo.<\/strong><\/p>\n<\/div>\n<div>\n<p>O <strong>Internazionale <\/strong>empatou com o Real Sociedad, por 1 a 1, pela primeira rodada do Grupo D da Liga dos Campe\u00f5es. Em sua \u00faltima partida, pelo Campeonato Italiano, a equipe goleou o Salernitana, por 4 a 0, no \u00faltimo s\u00e1bado (30).<strong> <\/strong>Davide Frattesi, Marko Arnautovic, Stefano Sensi e Juan Cuadrado, lesionados, ficar\u00e3o de fora.<\/p>\n<\/div>\n<div>\n<p>J\u00e1 o <strong>Benfica <\/strong>perdeu para o RB Salzburg (20) por 2 a 0, tamb\u00e9m na primeira rodada. Em seu \u00faltimo confronto, pela Primeira Liga, a equipe venceu o Porto no cl\u00e1ssico por 1 a 0, na \u00faltima sexta-feira (29). Antonio Silva ser\u00e1 desfalque na partida dessa ter\u00e7a-feira (3), por ter sido expulso no \u00faltimo jogo.<\/p>\n<\/div>\n<div>\n<p><strong>Internazionale x Benfica<\/strong> ter\u00e1 transmiss\u00e3o do TNT Sports.<\/p>\n<\/div>\n<div>\n<p>5 partidas:<br \/>3 vit\u00f3rias de Internazionale<br \/>2 empates<\/p>\n<\/div>\n<div>\n<p><strong>Internazionale: <\/strong>Sommer; Pavard, De Vrij, Bastoni; Dumfries, Barella, \u00c7alhanoglu, Mkhitaryan, Dimarco; Martinez, Thuram.<strong><br \/>T\u00e9cnico:<\/strong> Inzaghi.<\/p>\n<\/div>\n<div>\n<p><strong>Benfica: <\/strong>Trubin; Bah, Otamendi, Morato, Aursnes; Kokcu, Neves; Di Mar\u00eda, Neres, Silva; Musa.<strong><br \/>T\u00e9cnico:<\/strong> Roger Schmidt.<\/p>\n<\/div>\n<div>\n<p><strong>UEFA CHAMPIONS LEAGUE <\/strong><br \/><strong>2\u00aa Rodada &#8211; Grupo <\/strong>D<\/p>\n<\/div>\n<div>\n<p><strong>Local<\/strong>: San Siro, em Mil\u00e3o.<br \/><strong>Data<\/strong>: 03\/10\/2023.<br \/><strong>Hor\u00e1rio<\/strong>: 16h.<br \/><strong>\u00c1rbitro<\/strong>: Danny Makkelie (NED).<br \/><strong>Assistentes<\/strong>: Hessel Steegstra (NED) e Jan de Vries (NED).<br \/><strong>VAR<\/strong>: Rob Dieperink (NED).<\/p>\n<\/div>\n<div>\n<p><strong>Colabora\u00e7\u00e3o:<\/strong><em> Jessica Morais<\/em>.<\/p>\n<\/div>\n<p> <\/a><\/p>\n","protected":false},"excerpt":{"rendered":"<p>Liga dos Campe\u00f5es | Internazionale x Benfica se enfrentam nesta ter\u00e7a-feira (3), \u00e0s 16h, no San Siro, pelo jogo da 2\u00aa rodada do Grupo D. Veja abaixo prov\u00e1veis escala\u00e7\u00f5es, ficha t\u00e9cnica e como assistir ao jogo. O Internazionale empatou com o Real Sociedad, por 1 a 1, pela primeira rodada do Grupo D da Liga [&hellip;]<\/p>\n","protected":false},"author":1,"featured_media":80712,"comment_status":"open","ping_status":"open","sticky":false,"template":"","format":"standard","meta":{"footnotes":""},"categories":[372],"tags":[],"class_list":["post-80711","post","type-post","status-publish","format-standard","has-post-thumbnail","hentry","category-futebol"],"_links":{"self":[{"href":"https:\/\/wiy.com.br\/noticias\/wp-json\/wp\/v2\/posts\/80711","targetHints":{"allow":["GET"]}}],"collection":[{"href":"https:\/\/wiy.com.br\/noticias\/wp-json\/wp\/v2\/posts"}],"about":[{"href":"https:\/\/wiy.com.br\/noticias\/wp-json\/wp\/v2\/types\/post"}],"author":[{"embeddable":true,"href":"https:\/\/wiy.com.br\/noticias\/wp-json\/wp\/v2\/users\/1"}],"replies":[{"embeddable":true,"href":"https:\/\/wiy.com.br\/noticias\/wp-json\/wp\/v2\/comments?post=80711"}],"version-history":[{"count":0,"href":"https:\/\/wiy.com.br\/noticias\/wp-json\/wp\/v2\/posts\/80711\/revisions"}],"wp:featuredmedia":[{"embeddable":true,"href":"https:\/\/wiy.com.br\/noticias\/wp-json\/wp\/v2\/media\/80712"}],"wp:attachment":[{"href":"https:\/\/wiy.com.br\/noticias\/wp-json\/wp\/v2\/media?parent=80711"}],"wp:term":[{"taxonomy":"category","embeddable":true,"href":"https:\/\/wiy.com.br\/noticias\/wp-json\/wp\/v2\/categories?post=80711"},{"taxonomy":"post_tag","embeddable":true,"href":"https:\/\/wiy.com.br\/noticias\/wp-json\/wp\/v2\/tags?post=80711"}],"curies":[{"name":"wp","href":"https:\/\/api.w.org\/{rel}","templated":true}]}}