{"id":79608,"date":"2023-08-27T17:04:30","date_gmt":"2023-08-27T20:04:30","guid":{"rendered":"https:\/\/wiy.com.br\/noticias\/russia-confirma-morte-de-yevgeny-prigozhin-em-queda-de-aviao-apos-analise-de-dna\/"},"modified":"2023-08-27T17:04:40","modified_gmt":"2023-08-27T20:04:40","slug":"russia-confirma-morte-de-yevgeny-prigozhin-em-queda-de-aviao-apos-analise-de-dna","status":"publish","type":"post","link":"https:\/\/wiy.com.br\/noticias\/russia-confirma-morte-de-yevgeny-prigozhin-em-queda-de-aviao-apos-analise-de-dna\/","title":{"rendered":"R\u00fassia confirma morte de Yevgeny Prigozhin em queda de avi\u00e3o ap\u00f3s an\u00e1lise de DNA"},"content":{"rendered":"<p> <br \/>\n<\/p>\n<p>Neste domingo (27), o Comit\u00ea de Investiga\u00e7\u00e3o (SK) da R\u00fassia confirmou oficialmente a morte de Yevgeny Prigozhin, chefe do grupo mercen\u00e1rio Wagner, ap\u00f3s a an\u00e1lise gen\u00e9tico-molecular dos 10 corpos recuperados de um acidente de avi\u00e3o na quarta-feira (23) na regi\u00e3o de Tver, a noroeste de Moscou.<\/p>\n<p>As identidades de todas as v\u00edtimas batem com a lista de passageiros do jato particular do oligarca.<\/p>\n<p><strong>Veja a lista de v\u00edtimas confirmada pelo governo russo:<\/strong><\/p>\n<ul>\n<li>Yevgeny Prigozhin;<\/li>\n<li>Comandante Aleksei Levshin;<\/li>\n<li>Copiloto Rustam Karimov;<\/li>\n<li>Comiss\u00e1ria Kristina Raspopova;<\/li>\n<li>Sergey Propustin;<\/li>\n<li>Evgeniy Makaryan;<\/li>\n<li>Aleksandr Totmin;<\/li>\n<li>Valeriy Chekalov;<\/li>\n<li>Dmitriy Utkin;<\/li>\n<li>Nikolay Matuseev.<\/li>\n<\/ul>\n<p>Conforme noticiado pelo <strong>Olhar Digital<\/strong>, v\u00eddeos divulgados nas redes sociais mostram que a aeronave caiu de forma quase totalmente vertical, deixando um tra\u00e7o de fuma\u00e7a. E relatos de testemunhas apontam que houve um barulho de explos\u00e3o antes da queda.<\/p>\n<p>Abordando as especula\u00e7\u00f5es sobre o envolvimento do presidente Vladimir Putin, as autoridades russas negaram categoricamente qualquer responsabilidade pelo acidente. O SK continua sua investiga\u00e7\u00e3o sobre o epis\u00f3dio.<\/p>\n<figure class=\"wp-block-image size-large\"><figcaption>O jato pertencente ao oligarca Yevgeny Prigozhin, que caiu na quarta-feira (27), era um modelo Embraer Legacy 600, como o da imagem acima. Cr\u00e9dito: Ronnie Macdonald, sob licen\u00e7a Creative Commons <\/figcaption><\/figure>\n<h2 id=\"h-possivel-envolvimento-do-presidente-da-russia-e-uma-mentira-absoluta-diz-porta-voz\"><strong>Poss\u00edvel envolvimento do presidente da R\u00fassia \u00e9 uma \u201cmentira absoluta\u201d, diz porta-voz<\/strong><\/h2>\n<p>Entre as v\u00edtimas do acidente estavam v\u00e1rios membros de alto escal\u00e3o da Wagner, uma organiza\u00e7\u00e3o paramilitar russa criada por Prigozhin que tem estado ativamente envolvido em opera\u00e7\u00f5es na Ucr\u00e2nia, S\u00edria e partes da \u00c1frica.<\/p>\n<p>Segundo o jornal <em>The News<\/em>, as tens\u00f5es aumentaram h\u00e1 dois meses, quando Prigozhin liderou um motim dentro do grupo, tomando a cidade de Rostov e amea\u00e7ando Moscou. Ap\u00f3s negocia\u00e7\u00e3o, o comandante e seus combatentes se mudaram para Belarus.<\/p>\n<p>Isso levou a rela\u00e7\u00f5es tensas com Putin, que rotulou o motim como uma &#8220;facada nas costas&#8221;. No entanto, o porta-voz do Kremlin, Dmitry Peskov, rejeitou firmemente as teorias da conspira\u00e7\u00e3o em torno do acidente como &#8220;mentira absoluta&#8221;.<\/p>\n<p><strong>Leia mais:<\/strong><\/p>\n<ul>\n<li>V\u00eddeo capta acidente impressionante com ca\u00e7a F-35B; piloto teve que ejetar para se salvar<\/li>\n<li>Piloto tem brev\u00ea cassado por causar acidente de avi\u00e3o para ganhar likes; assista ao v\u00eddeo suspeito<\/li>\n<li>Cracas podem revelar onde caiu avi\u00e3o desaparecido desde 2014<\/li>\n<\/ul>\n<h2><strong>Sobre a queda do avi\u00e3o<\/strong><\/h2>\n<ul>\n<li>O jato executivo Legacy 600, da Embraer, fazia a rota entre Moscou e S\u00e3o Petersburgo, na R\u00fassia, e caiu perto de Kuzhenkino, na regi\u00e3o de Tver, a noroeste da capital;<\/li>\n<\/ul>\n<ul>\n<li>Segundo relat\u00f3rio do site de monitoramento de tr\u00e1fego a\u00e9reo\u00a0<em><a href=\"https:\/\/www.flightradar24.com\/\" target=\"_blank\" rel=\"noreferrer noopener nofollow\">Flightradar24<\/a>,<\/em> o avi\u00e3o estava em voo de cruzeiro, a 8,5 km de altitude, quando, de repente, diminuiu para 8,4 km, oscilando para 9,1 km, at\u00e9 desaparecer do radar, \u00e0s 18h20 local (12h20, pelo hor\u00e1rio de Bras\u00edlia);<\/li>\n<\/ul>\n<ul>\n<li>V\u00eddeos divulgados nas redes sociais mostram que a aeronave caiu de forma quase totalmente vertical, deixando um tra\u00e7o de fuma\u00e7a;<\/li>\n<\/ul>\n<ul>\n<li>Relatos de testemunhas apontam que houve um barulho de explos\u00e3o antes da queda;<\/li>\n<\/ul>\n<ul>\n<li>Um canal ligado ao grupo Wagner no\u00a0Telegram\u00a0chegou a afirmar que o avi\u00e3o foi derrubado por um m\u00edssil;<\/li>\n<\/ul>\n<ul>\n<li>De acordo com especialistas, no entanto, as imagens dispon\u00edveis at\u00e9 o momento n\u00e3o deixam claro o que aconteceu, conforme apurado pelo jornal\u00a0<a href=\"https:\/\/www1.folha.uol.com.br\/mundo\/2023\/08\/queda-abrupta-sugere-catastrofe-a-bordo-do-aviao-do-grupo-wagner.shtml\" target=\"_blank\" rel=\"noreferrer noopener nofollow\">Folha de S\u00e3o Paulo<\/a>.<\/li>\n<\/ul>\n<p><strong>J\u00e1 assistiu aos novos v\u00eddeos no&nbsp;<\/strong><a href=\"http:\/\/www.youtube.com\/channel\/UCGV72aVJuWP0QPNGH4YgIww?sub_confirmation=1\" target=\"_blank\" rel=\"noreferrer noopener\"><strong>YouTube<\/strong><\/a><strong>&nbsp;do Olhar Digital? Inscreva-se no canal!<\/strong><\/p>\n<p>O post R\u00fassia confirma morte de Yevgeny Prigozhin em queda de avi\u00e3o ap\u00f3s an\u00e1lise de DNA apareceu primeiro em Olhar Digital.<\/p>\n<p><br \/>\n<br \/><a href=\"https:\/\/olhardigital.com.br\/2023\/08\/27\/carros-e-tecnologia\/morte-de-prigozhin-e-oficializada-pela-russia-apos-analise-de-dna\/\">Fonte do Artigo <\/a><br \/>\nTags:<\/p>\n<p><a title=\"Gestor de Tr\u00e1fego\" href=\"https:\/\/www.gestor-de-trafego.com\/\" target=\"_blank\" rel=\"noopener\"><strong>Gestor de Tr\u00e1fego<\/strong><\/a><\/p>\n<p><a href=\"https:\/\/wiy.com.br\/noticias\/categoria\/tecnologia\/\">#tecnologia<\/a> <a href=\"https:\/\/wiy.com.br\/noticias\/categoria\/tecnologia\/\">#tecnologias<\/a> <a href=\"https:\/\/wiy.com.br\/noticias\/categoria\/tecnologia\/\">#technology<\/a> <a href=\"https:\/\/wiy.com.br\/noticias\/categoria\/tecnologia\/\">#tecnolog<\/a> <a href=\"https:\/\/wiy.com.br\/noticias\/categoria\/tecnologia\/\">#iphone<\/a> <a href=\"https:\/\/wiy.com.br\/noticias\/categoria\/tecnologia\/\">#informatica<\/a> <a href=\"https:\/\/wiy.com.br\/noticias\/categoria\/tecnologia\/\">#tech<\/a> <a href=\"https:\/\/wiy.com.br\/noticias\/categoria\/tecnologia\/\">#design<\/a> <a href=\"https:\/\/wiy.com.br\/noticias\/categoria\/tecnologia\/\">#samsung<\/a> <a href=\"https:\/\/wiy.com.br\/noticias\/categoria\/tecnologia\/\">#internet<\/a> <a href=\"https:\/\/wiy.com.br\/noticias\/categoria\/tecnologia\/\">#apple<\/a> <a href=\"https:\/\/wiy.com.br\/noticias\/categoria\/tecnologia\/\">#smartphone<\/a> <a href=\"https:\/\/wiy.com.br\/noticias\/categoria\/tecnologia\/\">#seguranca<\/a> <a href=\"https:\/\/wiy.com.br\/noticias\/categoria\/tecnologia\/\">#venezuela<\/a> <a href=\"https:\/\/wiy.com.br\/noticias\/categoria\/tecnologia\/\">#celular<\/a> <a href=\"https:\/\/wiy.com.br\/noticias\/categoria\/tecnologia\/\">#celulares<\/a> <a href=\"https:\/\/wiy.com.br\/noticias\/categoria\/tecnologia\/\">#inovar<\/a> <a href=\"https:\/\/wiy.com.br\/noticias\/categoria\/tecnologia\/\">#qualidade<\/a> <a href=\"https:\/\/wiy.com.br\/noticias\/categoria\/tecnologia\/\">#software<\/a> <a href=\"https:\/\/wiy.com.br\/noticias\/categoria\/tecnologia\/\">#empresas<\/a> <a href=\"https:\/\/wiy.com.br\/noticias\/categoria\/tecnologia\/\">#cursos<\/a> <a href=\"https:\/\/wiy.com.br\/noticias\/categoria\/tecnologia\/\">#engenharia<\/a> <a href=\"https:\/\/wiy.com.br\/noticias\/categoria\/tecnologia\/\">#industria<\/a> <a href=\"https:\/\/wiy.com.br\/noticias\/categoria\/tecnologia\/\">#marketing<\/a> <a href=\"https:\/\/wiy.com.br\/noticias\/categoria\/tecnologia\/\">#ti<\/a> <a href=\"https:\/\/wiy.com.br\/noticias\/categoria\/tecnologia\/\">#tecnoblog<\/a> <a href=\"https:\/\/wiy.com.br\/noticias\/categoria\/tecnologia\/\">#veja<\/a> <a href=\"https:\/\/wiy.com.br\/noticias\/categoria\/tecnologia\/\">#olhardigital<\/a> <a href=\"https:\/\/wiy.com.br\/noticias\/categoria\/tecnologia\/\">#mundodigital<\/a> <a href=\"https:\/\/wiy.com.br\/noticias\/categoria\/tecnologia\/\">#inteligenciaartificial<\/a> <a href=\"https:\/\/wiy.com.br\/criacao-de-sites\/\">#criar site<\/a> <a href=\"https:\/\/wiy.com.br\/criacao-de-sites\/\">#criar site curitiba<\/a> <a href=\"https:\/\/wiy.com.br\/criacao-de-sites\/\">#wiysolutions<\/a><\/p>\n<p><a href=\"https:\/\/www.comprar-cytotec.com\/\">#Comprar Cytotec<\/a><a href=\"https:\/\/www.cytotecfacil.com\/\">#Cytotec Comprar<\/a><a href=\"https:\/\/www.cytotecbrasil.org\/\">#Cytotec Brasil<\/a><br \/>\n#R\u00fassia #confirma #morte #Yevgeny #Prigozhin #queda #avi\u00e3o #ap\u00f3s #an\u00e1lise #DNA<\/p>\n","protected":false},"excerpt":{"rendered":"<p>Neste domingo (27), o Comit\u00ea de Investiga\u00e7\u00e3o (SK) da R\u00fassia confirmou oficialmente a morte de Yevgeny Prigozhin, chefe do grupo mercen\u00e1rio Wagner, ap\u00f3s a an\u00e1lise gen\u00e9tico-molecular dos 10 corpos recuperados de um acidente de avi\u00e3o na quarta-feira (23) na regi\u00e3o de Tver, a noroeste de Moscou. As identidades de todas as v\u00edtimas batem com a [&hellip;]<\/p>\n","protected":false},"author":1,"featured_media":79609,"comment_status":"open","ping_status":"open","sticky":false,"template":"","format":"standard","meta":{"footnotes":""},"categories":[5],"tags":[],"class_list":["post-79608","post","type-post","status-publish","format-standard","has-post-thumbnail","hentry","category-tecnologia"],"_links":{"self":[{"href":"https:\/\/wiy.com.br\/noticias\/wp-json\/wp\/v2\/posts\/79608","targetHints":{"allow":["GET"]}}],"collection":[{"href":"https:\/\/wiy.com.br\/noticias\/wp-json\/wp\/v2\/posts"}],"about":[{"href":"https:\/\/wiy.com.br\/noticias\/wp-json\/wp\/v2\/types\/post"}],"author":[{"embeddable":true,"href":"https:\/\/wiy.com.br\/noticias\/wp-json\/wp\/v2\/users\/1"}],"replies":[{"embeddable":true,"href":"https:\/\/wiy.com.br\/noticias\/wp-json\/wp\/v2\/comments?post=79608"}],"version-history":[{"count":1,"href":"https:\/\/wiy.com.br\/noticias\/wp-json\/wp\/v2\/posts\/79608\/revisions"}],"predecessor-version":[{"id":79610,"href":"https:\/\/wiy.com.br\/noticias\/wp-json\/wp\/v2\/posts\/79608\/revisions\/79610"}],"wp:featuredmedia":[{"embeddable":true,"href":"https:\/\/wiy.com.br\/noticias\/wp-json\/wp\/v2\/media\/79609"}],"wp:attachment":[{"href":"https:\/\/wiy.com.br\/noticias\/wp-json\/wp\/v2\/media?parent=79608"}],"wp:term":[{"taxonomy":"category","embeddable":true,"href":"https:\/\/wiy.com.br\/noticias\/wp-json\/wp\/v2\/categories?post=79608"},{"taxonomy":"post_tag","embeddable":true,"href":"https:\/\/wiy.com.br\/noticias\/wp-json\/wp\/v2\/tags?post=79608"}],"curies":[{"name":"wp","href":"https:\/\/api.w.org\/{rel}","templated":true}]}}