{"id":7954,"date":"2023-02-26T15:44:39","date_gmt":"2023-02-26T18:44:39","guid":{"rendered":"https:\/\/wiy.com.br\/noticias\/criticas-sociais-e-arlindo-cruz-sao-destaques-do-primeiro-dia-de-desfiles-em-sao-paulo\/"},"modified":"2019-03-02T07:30:24","modified_gmt":"2019-03-02T10:30:24","slug":"criticas-sociais-e-arlindo-cruz-sao-destaques-do-primeiro-dia-de-desfiles-em-sao-paulo","status":"publish","type":"post","link":"https:\/\/wiy.com.br\/noticias\/criticas-sociais-e-arlindo-cruz-sao-destaques-do-primeiro-dia-de-desfiles-em-sao-paulo\/","title":{"rendered":"Cr\u00edticas sociais e Arlindo Cruz s\u00e3o destaques do primeiro dia de desfiles em S\u00e3o Paulo"},"content":{"rendered":"<p> <br \/>\n<br \/>S\u00c3O PAULO &#8211; As cr\u00edticas sociais e a presen\u00e7a surpresa do sambista Arlindo Cruz foram o destaque da primeira noite de desfiles do Carnaval de S\u00e3o Paulo. Sete escolas passaram pelo Samb\u00f3dromo do Anhembi e as duas que mais levantaram o p\u00fablico, a&#8230;<br \/>\n<br \/><br \/>\n<br \/><a href=\"https:\/\/oglobo.globo.com\/rio\/carnaval\/2019\/criticas-sociais-arlindo-cruz-sao-destaques-do-primeiro-dia-de-desfiles-em-sao-paulo-23494156\">Source link <\/a><\/p>\n","protected":false},"excerpt":{"rendered":"<p>S\u00c3O PAULO &#8211; As cr\u00edticas sociais e a presen\u00e7a surpresa do sambista Arlindo Cruz foram o destaque da primeira noite de desfiles do Carnaval de S\u00e3o Paulo. Sete escolas passaram pelo Samb\u00f3dromo do Anhembi e as duas que mais levantaram o p\u00fablico, a&#8230; Source link<\/p>\n","protected":false},"author":1,"featured_media":0,"comment_status":"open","ping_status":"open","sticky":false,"template":"","format":"standard","meta":{"footnotes":""},"categories":[337],"tags":[],"class_list":["post-7954","post","type-post","status-publish","format-standard","hentry","category-noticias"],"_links":{"self":[{"href":"https:\/\/wiy.com.br\/noticias\/wp-json\/wp\/v2\/posts\/7954","targetHints":{"allow":["GET"]}}],"collection":[{"href":"https:\/\/wiy.com.br\/noticias\/wp-json\/wp\/v2\/posts"}],"about":[{"href":"https:\/\/wiy.com.br\/noticias\/wp-json\/wp\/v2\/types\/post"}],"author":[{"embeddable":true,"href":"https:\/\/wiy.com.br\/noticias\/wp-json\/wp\/v2\/users\/1"}],"replies":[{"embeddable":true,"href":"https:\/\/wiy.com.br\/noticias\/wp-json\/wp\/v2\/comments?post=7954"}],"version-history":[{"count":0,"href":"https:\/\/wiy.com.br\/noticias\/wp-json\/wp\/v2\/posts\/7954\/revisions"}],"wp:attachment":[{"href":"https:\/\/wiy.com.br\/noticias\/wp-json\/wp\/v2\/media?parent=7954"}],"wp:term":[{"taxonomy":"category","embeddable":true,"href":"https:\/\/wiy.com.br\/noticias\/wp-json\/wp\/v2\/categories?post=7954"},{"taxonomy":"post_tag","embeddable":true,"href":"https:\/\/wiy.com.br\/noticias\/wp-json\/wp\/v2\/tags?post=7954"}],"curies":[{"name":"wp","href":"https:\/\/api.w.org\/{rel}","templated":true}]}}