{"id":79387,"date":"2023-08-17T01:13:10","date_gmt":"2023-08-17T04:13:10","guid":{"rendered":"https:\/\/wiy.com.br\/noticias\/river-plate-e-pego-de-surpresa-e-esta-eliminado-antes-de-pegar-o-inter\/"},"modified":"2023-08-17T01:13:10","modified_gmt":"2023-08-17T04:13:10","slug":"river-plate-e-pego-de-surpresa-e-esta-eliminado-antes-de-pegar-o-inter","status":"publish","type":"post","link":"https:\/\/wiy.com.br\/noticias\/river-plate-e-pego-de-surpresa-e-esta-eliminado-antes-de-pegar-o-inter\/","title":{"rendered":"River Plate \u00e9 pego de surpresa e est\u00e1 eliminado antes de pegar o Inter"},"content":{"rendered":"<p><\/p>\n<div>\n<p>Advers\u00e1rio do Internacional nas oitavas de final da Copa Libertadores, o River Plate foi derrotado na noite de quinta-feira (20). A equipe do t\u00e9cnico Mart\u00edn Demichelis perdeu por 1 a 0 para o Talleres e sofreu a elimina\u00e7\u00e3o precoce nos 16 avos de final da Copa Argentina. A comiss\u00e3o t\u00e9cnica do Colorado ficou de olho no enfrentamento e certamente far\u00e1 um estudo sobre.<\/p>\n<div class=\"monsterinsights-inline-popular-posts monsterinsights-inline-popular-posts-india monsterinsights-popular-posts-styled\">\n<div class=\"monsterinsights-inline-popular-posts-text\"><span class=\"monsterinsights-inline-popular-posts-label\">Trending:<\/span><span class=\"monsterinsights-inline-popular-posts-border\"\/><\/p>\n<div class=\"monsterinsights-inline-popular-posts-post\">Ar\u00e1nguiz bate o martelo e quer voltar ao Chile<\/div>\n<\/div>\n<\/div>\n<p>A partida, disputada em campo neutro no Est\u00e1dio Malvinas Argentinas, em Mendonza, contou com a presen\u00e7a dos dois melhores times na atual edi\u00e7\u00e3o do Campeonato Argentino. Campe\u00e3o adiantado na competi\u00e7\u00e3o nacional de pontos corridos, o River Plate foi surpreendido e n\u00e3o conseguiu mostrar superioridade durante o confronto.<\/p>\n<div class=\"monsterinsights-inline-popular-posts monsterinsights-inline-popular-posts-india monsterinsights-popular-posts-styled\">\n<div class=\"monsterinsights-inline-popular-posts-text\"><span class=\"monsterinsights-inline-popular-posts-label\">Trending:<\/span><span class=\"monsterinsights-inline-popular-posts-border\"\/><\/p>\n<div class=\"monsterinsights-inline-popular-posts-post\">Revelado qual deve ser o novo clube de Alisson no futebol<\/div>\n<\/div>\n<\/div>\n<p>Isso porque o Talleres n\u00e3o permitiu que o River Plate executasse seu estilo de jogo. Os advers\u00e1rios anularam a posse de bola ao marcar com press\u00e3o alta, tirando os Millionarios da zona de conforto. Desta forma, o time de C\u00f3rdoba cancelou as principais jogadas do River.<\/p>\n<div class=\"monsterinsights-inline-popular-posts monsterinsights-inline-popular-posts-india monsterinsights-popular-posts-styled\">\n<div class=\"monsterinsights-inline-popular-posts-text\"><span class=\"monsterinsights-inline-popular-posts-label\">Trending:<\/span><span class=\"monsterinsights-inline-popular-posts-border\"\/><\/p>\n<div class=\"monsterinsights-inline-popular-posts-post\">Refor\u00e7o europeu do Internacional j\u00e1 tem data para estrear<\/div>\n<\/div>\n<\/div>\n<p>Al\u00e9m disso, quando o Talleres roubava a bola, conseguia chegar no campo de ataque com velocidade e poucos toques na bola. O River Plate foi pressionado em boa parte da partida e estava conseguindo se defender com o goleiro Armani, por\u00e9m cedeu aos 42 minutos do primeiro tempo, ap\u00f3s cruzamento pelo lado esquerdo.<\/p>\n<div class=\"monsterinsights-inline-popular-posts monsterinsights-inline-popular-posts-india monsterinsights-popular-posts-styled\">\n<div class=\"monsterinsights-inline-popular-posts-text\"><span class=\"monsterinsights-inline-popular-posts-label\">Trending:<\/span><span class=\"monsterinsights-inline-popular-posts-border\"\/><\/p>\n<div class=\"monsterinsights-inline-popular-posts-post\">Hugo Mallo ainda n\u00e3o pode jogar pelo Internacional<\/div>\n<\/div>\n<\/div>\n<p>Durante a partida, o River Plate teve que lidar com a aus\u00eancia da posse da bola. O clube teve a posse em apenas 51% do tempo na primeira etapa (a equipe costuma ter a bola por muito mais tempo). Com isso, o Talleres criou diversas oportunidades e teve v\u00e1rias chances claras de gol.<\/p>\n<div class=\"monsterinsights-inline-popular-posts monsterinsights-inline-popular-posts-india monsterinsights-popular-posts-styled\">\n<div class=\"monsterinsights-inline-popular-posts-text\"><span class=\"monsterinsights-inline-popular-posts-label\">Trending:<\/span><span class=\"monsterinsights-inline-popular-posts-border\"\/><\/p>\n<div class=\"monsterinsights-inline-popular-posts-post\">Hugo Mallo ainda n\u00e3o pode jogar pelo Internacional<\/div>\n<\/div>\n<\/div>\n<h2 class=\"wp-block-heading\">Internacional sabe o caminho para superar o River Plate<\/h2>\n<p>A press\u00e3o do Talleres indicou o caminho que pode ser tomado por Eduardo Coudet para superar os advers\u00e1rios argentinos nas oitavas de final da Copa Libertadores da Am\u00e9rica. A equipe argentina abordou a marca\u00e7\u00e3o alta e executou transi\u00e7\u00f5es r\u00e1pidas para chegar ao gol.<\/p>\n<div class=\"monsterinsights-inline-popular-posts monsterinsights-inline-popular-posts-india monsterinsights-popular-posts-styled\">\n<div class=\"monsterinsights-inline-popular-posts-text\"><span class=\"monsterinsights-inline-popular-posts-label\">Trending:<\/span><span class=\"monsterinsights-inline-popular-posts-border\"\/><\/p>\n<div class=\"monsterinsights-inline-popular-posts-post\">Ar\u00e1nguiz bate o martelo e quer voltar ao Chile<\/div>\n<\/div>\n<\/div>\n<p>O Internacional est\u00e1 em prepara\u00e7\u00e3o para encarar o River Plate e, no momento, foca na adapta\u00e7\u00e3o dos jogadores ao estilo de jogo de Eduardo Coudet. A partida de ida entre as equipes ser\u00e1 realizada em primeiro de agosto, \u00e0s 21h, no Monumental de N\u00fa\u00f1ez. A volta ser\u00e1 no Beira-Rio, no dia 8 do mesmo m\u00eas, tamb\u00e9m \u00e0s 21h.<\/p>\n<\/div>\n<p><script>!function(f,b,e,v,n,t,s)\n{if(f.fbq)return;n=f.fbq=function(){n.callMethod?\nn.callMethod.apply(n,arguments):n.queue.push(arguments)};\nif(!f._fbq)f._fbq=n;n.push=n;n.loaded=!0;n.version='2.0';\nn.queue=[];t=b.createElement(e);t.async=!0;\nt.src=v;s=b.getElementsByTagName(e)[0];\ns.parentNode.insertBefore(t,s)}(window, document,'script',\n'https:\/\/connect.facebook.net\/en_US\/fbevents.js');\nfbq('init', '238864261618526');\nfbq('track', 'PageView');<\/script><br \/>\n<br \/> <\/a><\/p>\n","protected":false},"excerpt":{"rendered":"<p>Advers\u00e1rio do Internacional nas oitavas de final da Copa Libertadores, o River Plate foi derrotado na noite de quinta-feira (20). A equipe do t\u00e9cnico Mart\u00edn Demichelis perdeu por 1 a 0 para o Talleres e sofreu a elimina\u00e7\u00e3o precoce nos 16 avos de final da Copa Argentina. A comiss\u00e3o t\u00e9cnica do Colorado ficou de olho [&hellip;]<\/p>\n","protected":false},"author":1,"featured_media":79388,"comment_status":"open","ping_status":"open","sticky":false,"template":"","format":"standard","meta":{"footnotes":""},"categories":[372],"tags":[],"class_list":["post-79387","post","type-post","status-publish","format-standard","has-post-thumbnail","hentry","category-futebol"],"_links":{"self":[{"href":"https:\/\/wiy.com.br\/noticias\/wp-json\/wp\/v2\/posts\/79387","targetHints":{"allow":["GET"]}}],"collection":[{"href":"https:\/\/wiy.com.br\/noticias\/wp-json\/wp\/v2\/posts"}],"about":[{"href":"https:\/\/wiy.com.br\/noticias\/wp-json\/wp\/v2\/types\/post"}],"author":[{"embeddable":true,"href":"https:\/\/wiy.com.br\/noticias\/wp-json\/wp\/v2\/users\/1"}],"replies":[{"embeddable":true,"href":"https:\/\/wiy.com.br\/noticias\/wp-json\/wp\/v2\/comments?post=79387"}],"version-history":[{"count":0,"href":"https:\/\/wiy.com.br\/noticias\/wp-json\/wp\/v2\/posts\/79387\/revisions"}],"wp:featuredmedia":[{"embeddable":true,"href":"https:\/\/wiy.com.br\/noticias\/wp-json\/wp\/v2\/media\/79388"}],"wp:attachment":[{"href":"https:\/\/wiy.com.br\/noticias\/wp-json\/wp\/v2\/media?parent=79387"}],"wp:term":[{"taxonomy":"category","embeddable":true,"href":"https:\/\/wiy.com.br\/noticias\/wp-json\/wp\/v2\/categories?post=79387"},{"taxonomy":"post_tag","embeddable":true,"href":"https:\/\/wiy.com.br\/noticias\/wp-json\/wp\/v2\/tags?post=79387"}],"curies":[{"name":"wp","href":"https:\/\/api.w.org\/{rel}","templated":true}]}}