{"id":79322,"date":"2023-08-13T19:02:46","date_gmt":"2023-08-13T22:02:46","guid":{"rendered":"https:\/\/wiy.com.br\/noticias\/nova-kombi-5-curiosidades-do-carro-eletrico-da-volkswagen\/"},"modified":"2023-08-13T19:02:49","modified_gmt":"2023-08-13T22:02:49","slug":"nova-kombi-5-curiosidades-do-carro-eletrico-da-volkswagen","status":"publish","type":"post","link":"https:\/\/wiy.com.br\/noticias\/nova-kombi-5-curiosidades-do-carro-eletrico-da-volkswagen\/","title":{"rendered":"Nova Kombi: 5 curiosidades do carro el\u00e9trico da Volkswagen"},"content":{"rendered":"<p> <br \/>\n<\/p>\n<p>Lan\u00e7ada por meio de um comercial que mexeu tanto com o emocional quanto com a mem\u00f3ria afetiva de muitos brasileiros, a nova Kombi, agora chamada de ID Buzz, chega como um marco dos 70 anos da Volkswagen no Brasil.\u00a0Com foi visto, a eterna Elis Regina e sua filha Maria Rita, aparecem dirigindo modelos completamente distintos, onde a montadora deu dicas que muitas novidades est\u00e3o por vir com o lan\u00e7amento da ID Buzz por aqui. Dito isso, o <strong>Olhar Digital<\/strong> listou cinco curiosidades sobre a Nova Kombi (ID Buzz).<\/p>\n<p><strong>Leia mais:<\/strong><\/p>\n<ul>\n<li>Volkswagen: EVs aut\u00f4nomos v\u00e3o come\u00e7ar a transportar passageiros na Alemanha<\/li>\n<li>Volkswagen: Tiguan volta ao Brasil ainda em 2023<\/li>\n<li>Ap\u00f3s boas vendas, Volkswagen cancela layoff de 800 funcion\u00e1rios em Taubat\u00e9<\/li>\n<\/ul>\n<h2 id=\"h-a-nova-kombi-id-buzz\">A nova Kombi ID Buzz<\/h2>\n<p>A Kombi ID. Buzz \u00e9 um carro el\u00e9trico que est\u00e1 revolucionando o mercado de ve\u00edculos. Com um design moderno e inovador, o ID. Buzz \u00e9 uma op\u00e7\u00e3o sustent\u00e1vel e pr\u00e1tica para quem procura um carro para a fam\u00edlia ou trabalho.<\/p>\n<p>Trazendo o conceito de espa\u00e7o da sua antecessora Kombi, comercializada entre os anos de 1950 a 1970. O ve\u00edculo esbanja conforto, associados com a tecnologia dos carros 100% el\u00e9tricos.<\/p>\n<h2>1 &#8211; Importa\u00e7\u00e3o limitada<\/h2>\n<p>Em comunicado da Volkswagem para a imprensa brasileira, a montadora afirmou que o lan\u00e7amento ser\u00e1 completamente diferente de tudo o que j\u00e1 fizeram. Afinal, o ve\u00edculo ser\u00e1 implantado no Brasil na modalidade de carro por assinatura. At\u00e9 o momento, foram planejadas apenas 70 unidades direcionadas para o pa\u00eds.<\/p>\n<p>Segundo a marca, oferecer o Volkswagen ID.Buzz por assinatura, ajuda a fortalecer o mercado para esse ve\u00edculo e torn\u00e1-lo mais acess\u00edvel ao consumidor, j\u00e1 que o carro na convers\u00e3o direta custar\u00e1 R$340.000 reais.<\/p>\n<h2>2 \u2013 Design e tradi\u00e7\u00e3o<\/h2>\n<p>Como marca registrada e tradi\u00e7\u00e3o para essa linha, a Volkswagen manteve o design saia e blusa, trazendo duas cores. Mas vale ressaltar, que \u00e9 algo opcional e caso o consumidor opte por uma \u00fanica cor, existe essa possibilidade tamb\u00e9m.<\/p>\n<h2>3 \u2013 Portas corredi\u00e7as duplas<\/h2>\n<p>Diferente do modelo cl\u00e1ssico, nessa nova vers\u00e3o, a Volkswagem inovou acrescentando portas corredi\u00e7as dos dois lados. Trazendo mais comodidade para os passageiros dessa minivan.<\/p>\n<h2>4 \u2013 Motor mais potente, e 100% el\u00e9trico<\/h2>\n<p>Na sua primeira vers\u00e3o, a Kombi acompanhava um motor de apenas 30 cavalos, entre 1950 a 1972, j\u00e1 o modelo dos anos 2000 alcan\u00e7ava 57 cavalos. Em compara\u00e7\u00e3o, a nova Kombi deu um salto positivo e agora al\u00e9m de vir com um motor 100% el\u00e9trico, que emite 0 poluentes, tem mais que o dobro de pot\u00eancia com seus atuais 207 cavalos.<\/p>\n<h2>5 \u2013 Painel interativo<\/h2>\n<p>Nessa vers\u00e3o atualizada, a Kombi ganhou mais conectividade, com um painel de bordo trazendo v\u00e1rias fun\u00e7\u00f5es: como mapas, streaming de \u00e1udio, assistentes de voz e muito mais.<\/p>\n<figure class=\"wp-block-image size-large\"><figcaption>A nova Kombi ID Buzz, acompanha duas portas corredi\u00e7as, trazendo mais comodidade ao ve\u00edculo. (Imagem: Divulga\u00e7\u00e3o)<\/figcaption><\/figure>\n<p><strong>J\u00e1 assistiu aos novos v\u00eddeos no&nbsp;<\/strong><a href=\"http:\/\/www.youtube.com\/channel\/UCGV72aVJuWP0QPNGH4YgIww?sub_confirmation=1\" target=\"_blank\" rel=\"noreferrer noopener\"><strong>YouTube<\/strong><\/a><strong>&nbsp;do Olhar Digital? Inscreva-se no canal!<\/strong><\/p>\n<p>O post Nova Kombi: 5 curiosidades do carro el\u00e9trico da Volkswagen apareceu primeiro em Olhar Digital.<\/p>\n<p><br \/>\n<br \/><a href=\"https:\/\/olhardigital.com.br\/2023\/08\/13\/carros-e-tecnologia\/nova-kombi-5-curiosidades-do-carro-eletrico-da-volkswagen\/\">Fonte do Artigo <\/a><br \/>\nTags:<\/p>\n<p><a title=\"Gestor de Tr\u00e1fego\" href=\"https:\/\/www.gestor-de-trafego.com\/\" target=\"_blank\" rel=\"noopener\"><strong>Gestor de Tr\u00e1fego<\/strong><\/a><\/p>\n<p><a href=\"https:\/\/wiy.com.br\/noticias\/categoria\/tecnologia\/\">#tecnologia<\/a> <a href=\"https:\/\/wiy.com.br\/noticias\/categoria\/tecnologia\/\">#tecnologias<\/a> <a href=\"https:\/\/wiy.com.br\/noticias\/categoria\/tecnologia\/\">#technology<\/a> <a href=\"https:\/\/wiy.com.br\/noticias\/categoria\/tecnologia\/\">#tecnolog<\/a> <a href=\"https:\/\/wiy.com.br\/noticias\/categoria\/tecnologia\/\">#iphone<\/a> <a href=\"https:\/\/wiy.com.br\/noticias\/categoria\/tecnologia\/\">#informatica<\/a> <a href=\"https:\/\/wiy.com.br\/noticias\/categoria\/tecnologia\/\">#tech<\/a> <a href=\"https:\/\/wiy.com.br\/noticias\/categoria\/tecnologia\/\">#design<\/a> <a href=\"https:\/\/wiy.com.br\/noticias\/categoria\/tecnologia\/\">#samsung<\/a> <a href=\"https:\/\/wiy.com.br\/noticias\/categoria\/tecnologia\/\">#internet<\/a> <a href=\"https:\/\/wiy.com.br\/noticias\/categoria\/tecnologia\/\">#apple<\/a> <a href=\"https:\/\/wiy.com.br\/noticias\/categoria\/tecnologia\/\">#smartphone<\/a> <a href=\"https:\/\/wiy.com.br\/noticias\/categoria\/tecnologia\/\">#seguranca<\/a> <a href=\"https:\/\/wiy.com.br\/noticias\/categoria\/tecnologia\/\">#venezuela<\/a> <a href=\"https:\/\/wiy.com.br\/noticias\/categoria\/tecnologia\/\">#celular<\/a> <a href=\"https:\/\/wiy.com.br\/noticias\/categoria\/tecnologia\/\">#celulares<\/a> <a href=\"https:\/\/wiy.com.br\/noticias\/categoria\/tecnologia\/\">#inovar<\/a> <a href=\"https:\/\/wiy.com.br\/noticias\/categoria\/tecnologia\/\">#qualidade<\/a> <a href=\"https:\/\/wiy.com.br\/noticias\/categoria\/tecnologia\/\">#software<\/a> <a href=\"https:\/\/wiy.com.br\/noticias\/categoria\/tecnologia\/\">#empresas<\/a> <a href=\"https:\/\/wiy.com.br\/noticias\/categoria\/tecnologia\/\">#cursos<\/a> <a href=\"https:\/\/wiy.com.br\/noticias\/categoria\/tecnologia\/\">#engenharia<\/a> <a href=\"https:\/\/wiy.com.br\/noticias\/categoria\/tecnologia\/\">#industria<\/a> <a href=\"https:\/\/wiy.com.br\/noticias\/categoria\/tecnologia\/\">#marketing<\/a> <a href=\"https:\/\/wiy.com.br\/noticias\/categoria\/tecnologia\/\">#ti<\/a> <a href=\"https:\/\/wiy.com.br\/noticias\/categoria\/tecnologia\/\">#tecnoblog<\/a> <a href=\"https:\/\/wiy.com.br\/noticias\/categoria\/tecnologia\/\">#veja<\/a> <a href=\"https:\/\/wiy.com.br\/noticias\/categoria\/tecnologia\/\">#olhardigital<\/a> <a href=\"https:\/\/wiy.com.br\/noticias\/categoria\/tecnologia\/\">#mundodigital<\/a> <a href=\"https:\/\/wiy.com.br\/noticias\/categoria\/tecnologia\/\">#inteligenciaartificial<\/a> <a href=\"https:\/\/wiy.com.br\/criacao-de-sites\/\">#criar site<\/a> <a href=\"https:\/\/wiy.com.br\/criacao-de-sites\/\">#criar site curitiba<\/a> <a href=\"https:\/\/wiy.com.br\/criacao-de-sites\/\">#wiysolutions<\/a><\/p>\n<p><a href=\"https:\/\/www.comprar-cytotec.com\/\">#Comprar Cytotec<\/a><a href=\"https:\/\/www.cytotecfacil.com\/\">#Cytotec Comprar<\/a><a href=\"https:\/\/www.cytotecbrasil.org\/\">#Cytotec Brasil<\/a><br \/>\n#Nova #Kombi #curiosidades #carro #el\u00e9trico #Volkswagen<\/p>\n","protected":false},"excerpt":{"rendered":"<p>Lan\u00e7ada por meio de um comercial que mexeu tanto com o emocional quanto com a mem\u00f3ria afetiva de muitos brasileiros, a nova Kombi, agora chamada de ID Buzz, chega como um marco dos 70 anos da Volkswagen no Brasil.\u00a0Com foi visto, a eterna Elis Regina e sua filha Maria Rita, aparecem dirigindo modelos completamente distintos, [&hellip;]<\/p>\n","protected":false},"author":1,"featured_media":79323,"comment_status":"open","ping_status":"open","sticky":false,"template":"","format":"standard","meta":{"footnotes":""},"categories":[5],"tags":[],"class_list":["post-79322","post","type-post","status-publish","format-standard","has-post-thumbnail","hentry","category-tecnologia"],"_links":{"self":[{"href":"https:\/\/wiy.com.br\/noticias\/wp-json\/wp\/v2\/posts\/79322","targetHints":{"allow":["GET"]}}],"collection":[{"href":"https:\/\/wiy.com.br\/noticias\/wp-json\/wp\/v2\/posts"}],"about":[{"href":"https:\/\/wiy.com.br\/noticias\/wp-json\/wp\/v2\/types\/post"}],"author":[{"embeddable":true,"href":"https:\/\/wiy.com.br\/noticias\/wp-json\/wp\/v2\/users\/1"}],"replies":[{"embeddable":true,"href":"https:\/\/wiy.com.br\/noticias\/wp-json\/wp\/v2\/comments?post=79322"}],"version-history":[{"count":1,"href":"https:\/\/wiy.com.br\/noticias\/wp-json\/wp\/v2\/posts\/79322\/revisions"}],"predecessor-version":[{"id":79324,"href":"https:\/\/wiy.com.br\/noticias\/wp-json\/wp\/v2\/posts\/79322\/revisions\/79324"}],"wp:featuredmedia":[{"embeddable":true,"href":"https:\/\/wiy.com.br\/noticias\/wp-json\/wp\/v2\/media\/79323"}],"wp:attachment":[{"href":"https:\/\/wiy.com.br\/noticias\/wp-json\/wp\/v2\/media?parent=79322"}],"wp:term":[{"taxonomy":"category","embeddable":true,"href":"https:\/\/wiy.com.br\/noticias\/wp-json\/wp\/v2\/categories?post=79322"},{"taxonomy":"post_tag","embeddable":true,"href":"https:\/\/wiy.com.br\/noticias\/wp-json\/wp\/v2\/tags?post=79322"}],"curies":[{"name":"wp","href":"https:\/\/api.w.org\/{rel}","templated":true}]}}