{"id":78688,"date":"2023-07-13T17:35:48","date_gmt":"2023-07-13T20:35:48","guid":{"rendered":"https:\/\/wiy.com.br\/noticias\/com-recorde-de-vendas-no-prime-day-acoes-da-amazon-sobem\/"},"modified":"2023-07-13T17:35:48","modified_gmt":"2023-07-13T20:35:48","slug":"com-recorde-de-vendas-no-prime-day-acoes-da-amazon-sobem","status":"publish","type":"post","link":"https:\/\/wiy.com.br\/noticias\/com-recorde-de-vendas-no-prime-day-acoes-da-amazon-sobem\/","title":{"rendered":"Com recorde de vendas no Prime Day, a\u00e7\u00f5es da Amazon sobem"},"content":{"rendered":"<p> <br \/>\n<\/p>\n<p>As a\u00e7\u00f5es da <a href=\"https:\/\/olhardigital.com.br\/tag\/amazon\/\" target=\"_blank\" rel=\"noreferrer noopener\">Amazon<\/a> subiram quase 3% nesta quinta-feira (13) impulsionadas pelas vendas recordes durante o <a href=\"https:\/\/olhardigital.com.br\/tag\/prime-day\/\" target=\"_blank\" rel=\"noreferrer noopener\">Prime Day<\/a>. Segundo a gigante do varejo, as primeiras 24 horas do evento marcaram o \u201cmaior dia de vendas na hist\u00f3ria da empresa\u201d. Se considerados os dois dias, esse foi o \u201cmaior Prime Day de todos os tempos\u201d. <\/p>\n<p><strong>Leia mais<\/strong><\/p>\n<ul>\n<li><a href=\"https:\/\/olhardigital.com.br\/2023\/07\/06\/reviews\/vem-ai-o-prime-day-saiba-tudo-sobre-o-amazon-prime\/\" target=\"_blank\" rel=\"noreferrer noopener\">Vem a\u00ed o Prime Day! Saiba tudo sobre o Amazon Prime<\/a><\/li>\n<li><a href=\"https:\/\/olhardigital.com.br\/2023\/06\/25\/dicas-e-tutoriais\/como-entrar-em-contato-com-a-amazon\/\" target=\"_blank\" rel=\"noreferrer noopener\">Como entrar em contato com a Amazon<\/a><\/li>\n<li><a href=\"https:\/\/olhardigital.com.br\/2023\/07\/08\/pro\/shein-quer-superar-amazon-como-plataforma-que-vende-de-tudo\/\" target=\"_blank\" rel=\"noreferrer noopener\">Shein quer superar Amazon como plataforma que vende de tudo<\/a><\/li>\n<\/ul>\n<h2><strong>Recorde de vendas<\/strong><\/h2>\n<ul>\n<li>No total, foram mais de 375 milh\u00f5es de itens vendidos nos dias 11 e 12 de julho deste ano, n\u00famero acima dos 300 milh\u00f5es do ano passado.<\/li>\n<li>Apenas na ter\u00e7a (11), as vendas nos Estados Unidos aumentaram quase 6% , atingindo o patamar de US$ 6,4 bilh\u00f5es, de acordo com dados da Adobe Analytics. <\/li>\n<li>J\u00e1 na quarta (12), os consumidores gastaram US$ 6,3 bilh\u00f5es, crescimento de 6,4% em rela\u00e7\u00e3o ao ano anterior.<\/li>\n<li>O aumento nas vendas foi de 6,1% em rela\u00e7\u00e3o ao ano anterior, mas ficou abaixo das expectativas de crescimento de 9,5%.<\/li>\n<li>Os clientes gastaram mais por pedido neste ano, US$ 54,05 contra US$ 52,26 de 2022, de acordo com a empresa de dados Numerator.<\/li>\n<li>Segundo a Amazon, os membros do Prime economizaram mais do que qualquer outro evento do tipo: foram mais de US$ 2,5 bilh\u00f5es de economia. <\/li>\n<li>De acordo com a Adobe, as vendas foram impulsionadas pela categoria dos eletrodom\u00e9sticos, com alta de 52% em rela\u00e7\u00e3o \u00e0 m\u00e9dia di\u00e1ria de vendas em junho. <\/li>\n<li>J\u00e1 as vendas de utens\u00edlios dom\u00e9sticos subiram 27%, enquanto as de eletr\u00f4nicos 15%. <\/li>\n<li>Vestu\u00e1rio, 24%, e material de escrit\u00f3rio, 76%, impulsionado em parte pelos compradores de volta \u00e0s aulas, tamb\u00e9m tiveram n\u00fameros de destaque.<\/li>\n<\/ul>\n<h2><strong>Compre agora, pague depois<\/strong><\/h2>\n<ul>\n<li>No Prime Day deste ano, uma parcela expressiva (6,5%) dos clientes usou os servi\u00e7os de &#8220;compre agora, pague depois&#8221;, gerando US$ 927 milh\u00f5es em receita, um aumento de 20% em rela\u00e7\u00e3o ao ano anterior.<\/li>\n<li>\u201cDurante meses, os consumidores sentiram os efeitos da infla\u00e7\u00e3o persistente e de um ambiente econ\u00f4mico incerto, e isso levou os compradores a adotar maneiras mais flex\u00edveis de gerenciar seus gastos em torno do evento Prime Day. O crescimento da receita atribu\u00eddo ao Compre agora, pague depois \u00e9 uma pr\u00e9via do que podemos esperar nos pr\u00f3ximos meses, especialmente quando nos aproximamos da temporada de compras natalinas\u201d, afirmou Vivek Pandya, analista l\u00edder da Adobe.<\/li>\n<\/ul>\n<h2 id=\"h-o-que-e-o-prime-day\"><strong>O que \u00e9 o Prime Day<\/strong><\/h2>\n<ul>\n<li>A Amazon realizou o primeiro Prime Day em 2015, e desde ent\u00e3o promove o evento anualmente.<\/li>\n<li>O objetivo \u00e9 atrair novos assinantes, que pagam US$ 139 por ano por descontos de frete, streaming de v\u00eddeo e outros benef\u00edcios.<\/li>\n<li>Em 2022, a Amazon realizou duas edi\u00e7\u00f5es do Prime Day, em 12 e 13 de julho, e 11 e 12 de outubro. <\/li>\n<li>N\u00e3o h\u00e1 confirma\u00e7\u00e3o se isso se repetir\u00e1 neste ano.<\/li>\n<\/ul>\n<p>Com informa\u00e7\u00f5es de <a href=\"https:\/\/www.bloomberg.com\/news\/articles\/2023-07-13\/amazon-shares-jump-2-after-reporting-record-prime-day-sales\" target=\"_blank\" rel=\"noreferrer noopener\">Bloomberg<\/a>.<\/p>\n<p><strong>J\u00e1 assistiu aos novos v\u00eddeos no&nbsp;<a href=\"http:\/\/www.youtube.com\/channel\/UCGV72aVJuWP0QPNGH4YgIww?sub_confirmation=1\">YouTube<\/a>&nbsp;do Olhar Digital? Inscreva-se no canal!<\/strong><\/p>\n<p>O post <a rel=\"nofollow\" href=\"https:\/\/olhardigital.com.br\/2023\/07\/13\/pro\/com-recorde-de-vendas-no-prime-day-acoes-da-amazon-sobem\/\">Com recorde de vendas no Prime Day, a\u00e7\u00f5es da Amazon sobem<\/a> apareceu primeiro em <a rel=\"nofollow\" href=\"https:\/\/olhardigital.com.br\">Olhar Digital<\/a>.<\/p>\n<p><br \/>\n<br \/><a href=\"https:\/\/olhardigital.com.br\/2023\/07\/13\/pro\/com-recorde-de-vendas-no-prime-day-acoes-da-amazon-sobem\/\">Fonte do Artigo <\/a><br \/>\nTags:<\/p>\n<p><a title=\"Gestor de Tr\u00e1fego\" href=\"https:\/\/www.gestor-de-trafego.com\/\" target=\"_blank\" rel=\"noopener\"><strong>Gestor de Tr\u00e1fego<\/strong><\/a><\/p>\n<p><a href=\"https:\/\/wiy.com.br\/noticias\/categoria\/tecnologia\/\">#tecnologia<\/a> <a href=\"https:\/\/wiy.com.br\/noticias\/categoria\/tecnologia\/\">#tecnologias<\/a> <a href=\"https:\/\/wiy.com.br\/noticias\/categoria\/tecnologia\/\">#technology<\/a> <a href=\"https:\/\/wiy.com.br\/noticias\/categoria\/tecnologia\/\">#tecnolog<\/a> <a href=\"https:\/\/wiy.com.br\/noticias\/categoria\/tecnologia\/\">#iphone<\/a> <a href=\"https:\/\/wiy.com.br\/noticias\/categoria\/tecnologia\/\">#informatica<\/a> <a href=\"https:\/\/wiy.com.br\/noticias\/categoria\/tecnologia\/\">#tech<\/a> <a href=\"https:\/\/wiy.com.br\/noticias\/categoria\/tecnologia\/\">#design<\/a> <a href=\"https:\/\/wiy.com.br\/noticias\/categoria\/tecnologia\/\">#samsung<\/a> <a href=\"https:\/\/wiy.com.br\/noticias\/categoria\/tecnologia\/\">#internet<\/a> <a href=\"https:\/\/wiy.com.br\/noticias\/categoria\/tecnologia\/\">#apple<\/a> <a href=\"https:\/\/wiy.com.br\/noticias\/categoria\/tecnologia\/\">#smartphone<\/a> <a href=\"https:\/\/wiy.com.br\/noticias\/categoria\/tecnologia\/\">#seguranca<\/a> <a href=\"https:\/\/wiy.com.br\/noticias\/categoria\/tecnologia\/\">#venezuela<\/a> <a href=\"https:\/\/wiy.com.br\/noticias\/categoria\/tecnologia\/\">#celular<\/a> <a href=\"https:\/\/wiy.com.br\/noticias\/categoria\/tecnologia\/\">#celulares<\/a> <a href=\"https:\/\/wiy.com.br\/noticias\/categoria\/tecnologia\/\">#inovar<\/a> <a href=\"https:\/\/wiy.com.br\/noticias\/categoria\/tecnologia\/\">#qualidade<\/a> <a href=\"https:\/\/wiy.com.br\/noticias\/categoria\/tecnologia\/\">#software<\/a> <a href=\"https:\/\/wiy.com.br\/noticias\/categoria\/tecnologia\/\">#empresas<\/a> <a href=\"https:\/\/wiy.com.br\/noticias\/categoria\/tecnologia\/\">#cursos<\/a> <a href=\"https:\/\/wiy.com.br\/noticias\/categoria\/tecnologia\/\">#engenharia<\/a> <a href=\"https:\/\/wiy.com.br\/noticias\/categoria\/tecnologia\/\">#industria<\/a> <a href=\"https:\/\/wiy.com.br\/noticias\/categoria\/tecnologia\/\">#marketing<\/a> <a href=\"https:\/\/wiy.com.br\/noticias\/categoria\/tecnologia\/\">#ti<\/a> <a href=\"https:\/\/wiy.com.br\/noticias\/categoria\/tecnologia\/\">#tecnoblog<\/a> <a href=\"https:\/\/wiy.com.br\/noticias\/categoria\/tecnologia\/\">#veja<\/a> <a href=\"https:\/\/wiy.com.br\/noticias\/categoria\/tecnologia\/\">#olhardigital<\/a> <a href=\"https:\/\/wiy.com.br\/noticias\/categoria\/tecnologia\/\">#mundodigital<\/a> <a href=\"https:\/\/wiy.com.br\/noticias\/categoria\/tecnologia\/\">#inteligenciaartificial<\/a> <a href=\"https:\/\/wiy.com.br\/criacao-de-sites\/\">#criar site<\/a> <a href=\"https:\/\/wiy.com.br\/criacao-de-sites\/\">#criar site curitiba<\/a> <a href=\"https:\/\/wiy.com.br\/criacao-de-sites\/\">#wiysolutions<\/a><\/p>\n<p><a href=\"https:\/\/www.comprar-cytotec.com\/\">#Comprar Cytotec<\/a><a href=\"https:\/\/www.cytotecfacil.com\/\">#Cytotec Comprar<\/a><a href=\"https:\/\/www.cytotecbrasil.org\/\">#Cytotec Brasil<\/a><br \/>\n#recorde #vendas #Prime #Day #a\u00e7\u00f5es #Amazon #sobem<\/p>\n","protected":false},"excerpt":{"rendered":"<p>As a\u00e7\u00f5es da Amazon subiram quase 3% nesta quinta-feira (13) impulsionadas pelas vendas recordes durante o Prime Day. Segundo a gigante do varejo, as primeiras 24 horas do evento marcaram o \u201cmaior dia de vendas na hist\u00f3ria da empresa\u201d. Se considerados os dois dias, esse foi o \u201cmaior Prime Day de todos os tempos\u201d. Leia [&hellip;]<\/p>\n","protected":false},"author":1,"featured_media":0,"comment_status":"open","ping_status":"open","sticky":false,"template":"","format":"standard","meta":{"footnotes":""},"categories":[5],"tags":[],"class_list":["post-78688","post","type-post","status-publish","format-standard","hentry","category-tecnologia"],"_links":{"self":[{"href":"https:\/\/wiy.com.br\/noticias\/wp-json\/wp\/v2\/posts\/78688","targetHints":{"allow":["GET"]}}],"collection":[{"href":"https:\/\/wiy.com.br\/noticias\/wp-json\/wp\/v2\/posts"}],"about":[{"href":"https:\/\/wiy.com.br\/noticias\/wp-json\/wp\/v2\/types\/post"}],"author":[{"embeddable":true,"href":"https:\/\/wiy.com.br\/noticias\/wp-json\/wp\/v2\/users\/1"}],"replies":[{"embeddable":true,"href":"https:\/\/wiy.com.br\/noticias\/wp-json\/wp\/v2\/comments?post=78688"}],"version-history":[{"count":0,"href":"https:\/\/wiy.com.br\/noticias\/wp-json\/wp\/v2\/posts\/78688\/revisions"}],"wp:attachment":[{"href":"https:\/\/wiy.com.br\/noticias\/wp-json\/wp\/v2\/media?parent=78688"}],"wp:term":[{"taxonomy":"category","embeddable":true,"href":"https:\/\/wiy.com.br\/noticias\/wp-json\/wp\/v2\/categories?post=78688"},{"taxonomy":"post_tag","embeddable":true,"href":"https:\/\/wiy.com.br\/noticias\/wp-json\/wp\/v2\/tags?post=78688"}],"curies":[{"name":"wp","href":"https:\/\/api.w.org\/{rel}","templated":true}]}}