{"id":78556,"date":"2023-07-05T18:07:47","date_gmt":"2023-07-05T21:07:47","guid":{"rendered":"https:\/\/wiy.com.br\/noticias\/nova-lei-de-transito-esta-valendo-o-que-muda\/"},"modified":"2023-07-05T18:07:47","modified_gmt":"2023-07-05T21:07:47","slug":"nova-lei-de-transito-esta-valendo-o-que-muda","status":"publish","type":"post","link":"https:\/\/wiy.com.br\/noticias\/nova-lei-de-transito-esta-valendo-o-que-muda\/","title":{"rendered":"Nova lei de tr\u00e2nsito est\u00e1 valendo! O que muda?"},"content":{"rendered":"<p> <br \/>\n<\/p>\n<p>A Nova Lei de <a href=\"https:\/\/olhardigital.com.br\/tag\/transito\/\" target=\"_blank\" rel=\"noreferrer noopener\">Tr\u00e2nsito<\/a>, que faz parte do CTB (C\u00f3digo de Tr\u00e2nsito Brasileiro), passou por uma nova atualiza\u00e7\u00e3o &#8211; a <a href=\"https:\/\/olhardigital.com.br\/tag\/legislacao\/\" target=\"_blank\" rel=\"noreferrer noopener\">Lei<\/a> N\u00ba 14.599, de 19 de junho de 2023. Ela passou a valer a partir de 1\u00ba de julho.<\/p>\n<p><strong>Leia mais:<\/strong><\/p>\n<ul>\n<li><a href=\"https:\/\/olhardigital.com.br\/tag\/transito\/\" target=\"_blank\" rel=\"noreferrer noopener\">Brasil tem nova legisla\u00e7\u00e3o para motos el\u00e9tricas; veja detalhes<\/a><\/li>\n<li><a href=\"https:\/\/olhardigital.com.br\/2023\/06\/19\/carros-e-tecnologia\/motociclistas-usam-capacete-bluetooth-e-isso-e-um-problema\/\" target=\"_blank\" rel=\"noreferrer noopener\">Motociclistas usam \u2018capacete Bluetooth\u2019 e isso \u00e9 um problema<\/a><\/li>\n<li><a href=\"https:\/\/olhardigital.com.br\/2023\/06\/12\/carros-e-tecnologia\/5-carros-eletricos-mais-baratos-vendidos-no-brasil\/\" target=\"_blank\" rel=\"noreferrer noopener\">Os 5 carros el\u00e9tricos mais baratos vendidos no Brasil<\/a><\/li>\n<li><a href=\"https:\/\/olhardigital.com.br\/2023\/02\/24\/carros-e-tecnologia\/por-que-os-carros-sao-tao-caros-no-brasil\/\" target=\"_blank\" rel=\"noreferrer noopener\">Por que os carros s\u00e3o t\u00e3o caros no Brasil?<\/a><\/li>\n<\/ul>\n<p>As principais mudan\u00e7as est\u00e3o relacionadas \u00e0 fiscaliza\u00e7\u00e3o do exame toxicol\u00f3gico, aplica\u00e7\u00e3o de multas e a circula\u00e7\u00e3o de ciclomotores, bicicletas el\u00e9tricas e patinetes motorizados.<\/p>\n<div class=\"wp-block-yoast-seo-table-of-contents yoast-table-of-contents\">\n<h2>T\u00f3picos que voc\u00ea vai conhecer:<\/h2>\n<ul>\n<li><a href=\"#h-fiscalizacao-e-aplicacao-de-multas\" data-level=\"2\">Fiscaliza\u00e7\u00e3o e aplica\u00e7\u00e3o de multas<\/a><\/li>\n<li><a href=\"#h-exame-toxicologico\" data-level=\"2\">Exame toxicol\u00f3gico<\/a><\/li>\n<li><a href=\"#h-seguro-de-cargas\" data-level=\"2\">Seguro de cargas<\/a><\/li>\n<li><a href=\"#h-ciclomotores-bicicletas-eletricas-e-patinetes-motorizados\" data-level=\"2\">Ciclomotores, bicicletas el\u00e9tricas e patinetes motorizados<\/a><\/li>\n<li><a href=\"#h-a-nova-lei-de-transito\" data-level=\"2\">A nova lei de tr\u00e2nsito<\/a><\/li>\n<\/ul>\n<\/div>\n<p>Confira abaixo o que muda com a nova lei do CTB:<\/p>\n<h2 id=\"h-fiscalizacao-e-aplicacao-de-multas\">Fiscaliza\u00e7\u00e3o e aplica\u00e7\u00e3o de multas<\/h2>\n<figure class=\"wp-block-image size-large\"><img title = \"[Tags]\"decoding=\"async\" loading=\"lazy\" width=\"1024\" height=\"576\" src=\"https:\/\/proxy.olhardigital.com.br\/wp-content\/uploads\/2023\/07\/Transito-Fiscalizacao-1024x576.jpg\"alt = \"Transito-Fiscalizacao-1024x576 Nova lei de tr\u00e2nsito est\u00e1 valendo! O que muda?\" class=\"wp-image-546026\" \/><figcaption>(Imagem: Ag\u00eancia Brasil)<\/figcaption><\/figure>\n<p>Agora, os \u00f3rg\u00e3os municipais de tr\u00e2nsito passam a ter a compet\u00eancia privativa para fiscalizar e aplicar multas de infra\u00e7\u00f5es. Por exemplo:<\/p>\n<ul>\n<li>Velocidade;<\/li>\n<li>Estacionamento irregular;<\/li>\n<li>Excesso de peso;<\/li>\n<li>Recolhimento de ve\u00edculo acidentado ou abandonado.<\/li>\n<\/ul>\n<p>J\u00e1 os Estados e o Distrito Federal ter\u00e3o a responsabilidade de fiscalizar e multar infra\u00e7\u00f5es relacionadas a:<\/p>\n<ul>\n<li>N\u00e3o realiza\u00e7\u00e3o de exame toxicol\u00f3gico;<\/li>\n<li>Falta de registro do ve\u00edculo;<\/li>\n<li>Falta de baixa de ve\u00edculo irrecuper\u00e1vel;<\/li>\n<li>Cadastro desatualizado;<\/li>\n<li>Falsa declara\u00e7\u00e3o de domic\u00edlio.<\/li>\n<\/ul>\n<p>As demais infra\u00e7\u00f5es ser\u00e3o de compet\u00eancia concorrente. Isto \u00e9, tanto um quanto outro agente poder\u00e3o autuar.<\/p>\n<p>A Pol\u00edcia Militar tamb\u00e9m poder\u00e1 realizar atividades de pol\u00edtica ostensiva de tr\u00e2nsito. Mas respeitando o que compete \u00e0 PRF (Pol\u00edcia Rodovi\u00e1ria Federal).<\/p>\n<p>Essa medida visa a preven\u00e7\u00e3o de acidentes, al\u00e9m de garantir mais seguran\u00e7a p\u00fablica e obedi\u00eancia \u00e0 legisla\u00e7\u00e3o de tr\u00e2nsito.<\/p>\n<h2 id=\"h-exame-toxicologico\">Exame toxicol\u00f3gico<\/h2>\n<figure class=\"wp-block-image size-large\"><img title = \"[Tags]\"decoding=\"async\" loading=\"lazy\" width=\"1024\" height=\"576\" src=\"https:\/\/proxy.olhardigital.com.br\/wp-content\/uploads\/2023\/03\/Carros-em-avenida-1024x576.jpg\"alt = \"Transito-Fiscalizacao-1024x576 Nova lei de tr\u00e2nsito est\u00e1 valendo! O que muda?\" class=\"wp-image-499608\" \/><figcaption>(Imagem: Fernando Fraz\u00e3o\/Ag\u00eancia Brasil)<\/figcaption><\/figure>\n<p>Esse exame, obrigat\u00f3rio para motoristas das categorias C, D e E, \u00e9 uma das altera\u00e7\u00f5es mais comentadas pelos motoristas. Houve duas mudan\u00e7as em rela\u00e7\u00e3o a esse tema.<\/p>\n<p>A primeira diz respeito \u00e0 infra\u00e7\u00e3o descrita no artigo 165-B do CTB: condutor que dirige sem realizar o exame.<\/p>\n<p>Nesse caso, a infra\u00e7\u00e3o segue sendo destinada aos condutores das categorias C, D e E. Mas n\u00e3o somente quando eles estiverem ao volante de ve\u00edculos correspondentes a essas categorias (por exemplo, caminh\u00e3o).<\/p>\n<p>A multa por n\u00e3o realizar o exame ser\u00e1 aplicada a esses condutores independentemente do ve\u00edculo que estiverem conduzindo.<\/p>\n<p>Nesse caso, a infra\u00e7\u00e3o \u00e9 de natureza grav\u00edssima com penalidade de multa multiplicada cinco vezes (R$1.467,35). Em caso de reincid\u00eancia no per\u00edodo de at\u00e9 12 meses, \u00e9 multa multiplicada dez vezes e suspens\u00e3o do direito de dirigir.<\/p>\n<p>A segunda altera\u00e7\u00e3o quanto ao toxicol\u00f3gico foi a cria\u00e7\u00e3o de um novo artigo no CTB: o 165-C.<\/p>\n<p>Ele estabelece as mesmas penalidades descritas acima (artigo 165-B) aos condutores que, mesmo reprovados no exame toxicol\u00f3gico, continuarem dirigindo.<\/p>\n<p>O Contran (Conselho Nacional de Tr\u00e2nsito), por meio da Delibera\u00e7\u00e3o 268\/23, estabeleceu um prazo at\u00e9 28\/12\/2023 para os condutores regularizarem os exames, caso estejam vencidos.<\/p>\n<h2 id=\"h-seguro-de-cargas\">Seguro de cargas<\/h2>\n<figure class=\"wp-block-image size-large\"><img title = \"[Tags]\"decoding=\"async\" loading=\"lazy\" width=\"1024\" height=\"576\" src=\"https:\/\/proxy.olhardigital.com.br\/wp-content\/uploads\/2023\/07\/Transito-Transportadoras-1024x576.jpg\"alt = \"Transito-Fiscalizacao-1024x576 Nova lei de tr\u00e2nsito est\u00e1 valendo! O que muda?\" class=\"wp-image-546016\" \/><figcaption>(Imagem: Marcelo Camargo\/Ag\u00eancia Brasil)<\/figcaption><\/figure>\n<p>A partir de agora, os transportadores, tanto pessoa f\u00edsica quanto jur\u00eddica, dever\u00e3o contratar, obrigatoriamente, tr\u00eas tipos de seguros de cargas:<\/p>\n<ul>\n<li>Responsabilidade civil para cobertura de perdas ou danos causados por colis\u00e3o, tombamento, capotamento, inc\u00eandio ou explos\u00e3o;<\/li>\n<li>Responsabilidade civil para cobertura de roubo, furto simples ou qualificado, apropria\u00e7\u00e3o ind\u00e9bita, estelionato e extors\u00e3o simples ou mediante sequestro afetando a carga durante o transporte;<\/li>\n<li>Responsabilidade civil para cobrir danos corporais e materiais causados a terceiros pelo ve\u00edculo utilizado no transporte rodovi\u00e1rio de cargas.<\/li>\n<\/ul>\n<p>Importante: tanto o seguro de perdas por acidentes quanto de roubo dever\u00e3o estar vinculados a PGR (Planos de Gerenciamento de Riscos) estabelecidos de comum acordo entre o transportador e a sua seguradora.<\/p>\n<p>Em contrapartida, o transportador e o propriet\u00e1rio da mercadoria poder\u00e3o contratar outros seguros.<\/p>\n<p>O propriet\u00e1rio tamb\u00e9m poder\u00e1 exigir do transportador uma c\u00f3pia da ap\u00f3lice de seguro com as condi\u00e7\u00f5es, pr\u00eamio e gerenciamento de risco contratados.<\/p>\n<h2 id=\"h-ciclomotores-bicicletas-eletricas-e-patinetes-motorizados\">Ciclomotores, bicicletas el\u00e9tricas e patinetes motorizados<\/h2>\n<figure class=\"wp-block-image size-large\"><img title = \"[Tags]\"decoding=\"async\" loading=\"lazy\" width=\"1024\" height=\"576\" src=\"https:\/\/proxy.olhardigital.com.br\/wp-content\/uploads\/2023\/07\/Transito-patinete-eletrico-1024x576.jpg\"alt = \"Transito-Fiscalizacao-1024x576 Nova lei de tr\u00e2nsito est\u00e1 valendo! O que muda?\" class=\"wp-image-546020\" \/><figcaption>(Imagem: Tomaz Silva\/Ag\u00eancia Brasil)<\/figcaption><\/figure>\n<p>O crescimento de circula\u00e7\u00e3o de ve\u00edculos ciclomotores, bicicletas el\u00e9tricas e patinetes motorizados levou o Contran a estabelecer normas quanto ao seu uso, por meio da Resolu\u00e7\u00e3o 996\/2023.<\/p>\n<p>Os ciclomotores, que devem ser conduzidos por pessoas habilitadas nas categorias A ou ACC (Autoriza\u00e7\u00e3o para Conduzir Ciclomotores), precisam ser registrados e licenciados como os demais ve\u00edculos.<\/p>\n<p>Al\u00e9m disso, devem possuir todos os equipamentos obrigat\u00f3rios previstos pelo Contran (por exemplo: capacete com viseira) e transitar com a luz baixa acesa durante o dia.<\/p>\n<p>J\u00e1 as bicicletas el\u00e9tricas n\u00e3o precisam de registro e licenciamento. Mas devem conter equipamentos, por exemplo:<\/p>\n<ul>\n<li>Campainha (buzina);<\/li>\n<li>Dispositivo limitador de velocidade;<\/li>\n<li>Sinaliza\u00e7\u00e3o noturna (dianteira, traseira e lateral);<\/li>\n<li>Espelho retrovisor do lado esquerdo;<\/li>\n<li>Pneus em boas condi\u00e7\u00f5es.<\/li>\n<\/ul>\n<p>Por fim, em rela\u00e7\u00e3o aos patinetes el\u00e9tricos, esses tamb\u00e9m n\u00e3o precisam de habilita\u00e7\u00e3o para sua condu\u00e7\u00e3o, nem de registro e licenciamento.<\/p>\n<p>Capacete e demais itens de seguran\u00e7a, embora sejam indispens\u00e1veis para a preven\u00e7\u00e3o de les\u00f5es por acidente, devem permanecer a crit\u00e9rio do condutor.<\/p>\n<h2 id=\"h-a-nova-lei-de-transito\">A nova lei de tr\u00e2nsito<\/h2>\n<p>Nos \u00faltimos anos, o CTB j\u00e1 passou por uma s\u00e9rie de altera\u00e7\u00f5es. Uma das mais significativas aconteceu em 2021, com a chamada Nova Lei de Tr\u00e2nsito.<\/p>\n<p>Na \u00e9poca, essa nova lei modificou e acrescentou v\u00e1rias normas ao C\u00f3digo. Dois anos depois, ela passou por uma nova atualiza\u00e7\u00e3o.<\/p>\n<p>Todas as altera\u00e7\u00f5es estipuladas pela nova lei j\u00e1 passaram a valer para os motoristas e foram devidamente adicionadas ao CTB.<\/p>\n<p>O post <a rel=\"nofollow\" href=\"https:\/\/olhardigital.com.br\/2023\/07\/05\/carros-e-tecnologia\/veja-o-que-muda-na-nova-lei-de-transito-que-esta-valendo\/\">Nova lei de tr\u00e2nsito est\u00e1 valendo! O que muda?<\/a> apareceu primeiro em <a rel=\"nofollow\" href=\"https:\/\/olhardigital.com.br\">Olhar Digital<\/a>.<\/p>\n<p><br \/>\n<br \/><a href=\"https:\/\/olhardigital.com.br\/2023\/07\/05\/carros-e-tecnologia\/veja-o-que-muda-na-nova-lei-de-transito-que-esta-valendo\/\">Fonte do Artigo <\/a><br \/>\nTags:<\/p>\n<p><a title=\"Gestor de Tr\u00e1fego\" href=\"https:\/\/www.gestor-de-trafego.com\/\" target=\"_blank\" rel=\"noopener\"><strong>Gestor de Tr\u00e1fego<\/strong><\/a><\/p>\n<p><a href=\"https:\/\/wiy.com.br\/noticias\/categoria\/tecnologia\/\">#tecnologia<\/a> <a href=\"https:\/\/wiy.com.br\/noticias\/categoria\/tecnologia\/\">#tecnologias<\/a> <a href=\"https:\/\/wiy.com.br\/noticias\/categoria\/tecnologia\/\">#technology<\/a> <a href=\"https:\/\/wiy.com.br\/noticias\/categoria\/tecnologia\/\">#tecnolog<\/a> <a href=\"https:\/\/wiy.com.br\/noticias\/categoria\/tecnologia\/\">#iphone<\/a> <a href=\"https:\/\/wiy.com.br\/noticias\/categoria\/tecnologia\/\">#informatica<\/a> <a href=\"https:\/\/wiy.com.br\/noticias\/categoria\/tecnologia\/\">#tech<\/a> <a href=\"https:\/\/wiy.com.br\/noticias\/categoria\/tecnologia\/\">#design<\/a> <a href=\"https:\/\/wiy.com.br\/noticias\/categoria\/tecnologia\/\">#samsung<\/a> <a href=\"https:\/\/wiy.com.br\/noticias\/categoria\/tecnologia\/\">#internet<\/a> <a href=\"https:\/\/wiy.com.br\/noticias\/categoria\/tecnologia\/\">#apple<\/a> <a href=\"https:\/\/wiy.com.br\/noticias\/categoria\/tecnologia\/\">#smartphone<\/a> <a href=\"https:\/\/wiy.com.br\/noticias\/categoria\/tecnologia\/\">#seguranca<\/a> <a href=\"https:\/\/wiy.com.br\/noticias\/categoria\/tecnologia\/\">#venezuela<\/a> <a href=\"https:\/\/wiy.com.br\/noticias\/categoria\/tecnologia\/\">#celular<\/a> <a href=\"https:\/\/wiy.com.br\/noticias\/categoria\/tecnologia\/\">#celulares<\/a> <a href=\"https:\/\/wiy.com.br\/noticias\/categoria\/tecnologia\/\">#inovar<\/a> <a href=\"https:\/\/wiy.com.br\/noticias\/categoria\/tecnologia\/\">#qualidade<\/a> <a href=\"https:\/\/wiy.com.br\/noticias\/categoria\/tecnologia\/\">#software<\/a> <a href=\"https:\/\/wiy.com.br\/noticias\/categoria\/tecnologia\/\">#empresas<\/a> <a href=\"https:\/\/wiy.com.br\/noticias\/categoria\/tecnologia\/\">#cursos<\/a> <a href=\"https:\/\/wiy.com.br\/noticias\/categoria\/tecnologia\/\">#engenharia<\/a> <a href=\"https:\/\/wiy.com.br\/noticias\/categoria\/tecnologia\/\">#industria<\/a> <a href=\"https:\/\/wiy.com.br\/noticias\/categoria\/tecnologia\/\">#marketing<\/a> <a href=\"https:\/\/wiy.com.br\/noticias\/categoria\/tecnologia\/\">#ti<\/a> <a href=\"https:\/\/wiy.com.br\/noticias\/categoria\/tecnologia\/\">#tecnoblog<\/a> <a href=\"https:\/\/wiy.com.br\/noticias\/categoria\/tecnologia\/\">#veja<\/a> <a href=\"https:\/\/wiy.com.br\/noticias\/categoria\/tecnologia\/\">#olhardigital<\/a> <a href=\"https:\/\/wiy.com.br\/noticias\/categoria\/tecnologia\/\">#mundodigital<\/a> <a href=\"https:\/\/wiy.com.br\/noticias\/categoria\/tecnologia\/\">#inteligenciaartificial<\/a> <a href=\"https:\/\/wiy.com.br\/criacao-de-sites\/\">#criar site<\/a> <a href=\"https:\/\/wiy.com.br\/criacao-de-sites\/\">#criar site curitiba<\/a> <a href=\"https:\/\/wiy.com.br\/criacao-de-sites\/\">#wiysolutions<\/a><\/p>\n<p><a href=\"https:\/\/www.comprar-cytotec.com\/\">#Comprar Cytotec<\/a><a href=\"https:\/\/www.cytotecfacil.com\/\">#Cytotec Comprar<\/a><a href=\"https:\/\/www.cytotecbrasil.org\/\">#Cytotec Brasil<\/a><br \/>\n#Nova #lei #tr\u00e2nsito #est\u00e1 #valendo #muda<\/p>\n","protected":false},"excerpt":{"rendered":"<p>A Nova Lei de Tr\u00e2nsito, que faz parte do CTB (C\u00f3digo de Tr\u00e2nsito Brasileiro), passou por uma nova atualiza\u00e7\u00e3o &#8211; a Lei N\u00ba 14.599, de 19 de junho de 2023. Ela passou a valer a partir de 1\u00ba de julho. Leia mais: Brasil tem nova legisla\u00e7\u00e3o para motos el\u00e9tricas; veja detalhes Motociclistas usam \u2018capacete Bluetooth\u2019 [&hellip;]<\/p>\n","protected":false},"author":1,"featured_media":78557,"comment_status":"open","ping_status":"open","sticky":false,"template":"","format":"standard","meta":{"footnotes":""},"categories":[5],"tags":[],"class_list":["post-78556","post","type-post","status-publish","format-standard","has-post-thumbnail","hentry","category-tecnologia"],"_links":{"self":[{"href":"https:\/\/wiy.com.br\/noticias\/wp-json\/wp\/v2\/posts\/78556","targetHints":{"allow":["GET"]}}],"collection":[{"href":"https:\/\/wiy.com.br\/noticias\/wp-json\/wp\/v2\/posts"}],"about":[{"href":"https:\/\/wiy.com.br\/noticias\/wp-json\/wp\/v2\/types\/post"}],"author":[{"embeddable":true,"href":"https:\/\/wiy.com.br\/noticias\/wp-json\/wp\/v2\/users\/1"}],"replies":[{"embeddable":true,"href":"https:\/\/wiy.com.br\/noticias\/wp-json\/wp\/v2\/comments?post=78556"}],"version-history":[{"count":0,"href":"https:\/\/wiy.com.br\/noticias\/wp-json\/wp\/v2\/posts\/78556\/revisions"}],"wp:featuredmedia":[{"embeddable":true,"href":"https:\/\/wiy.com.br\/noticias\/wp-json\/wp\/v2\/media\/78557"}],"wp:attachment":[{"href":"https:\/\/wiy.com.br\/noticias\/wp-json\/wp\/v2\/media?parent=78556"}],"wp:term":[{"taxonomy":"category","embeddable":true,"href":"https:\/\/wiy.com.br\/noticias\/wp-json\/wp\/v2\/categories?post=78556"},{"taxonomy":"post_tag","embeddable":true,"href":"https:\/\/wiy.com.br\/noticias\/wp-json\/wp\/v2\/tags?post=78556"}],"curies":[{"name":"wp","href":"https:\/\/api.w.org\/{rel}","templated":true}]}}