{"id":78448,"date":"2023-06-27T17:31:17","date_gmt":"2023-06-27T20:31:17","guid":{"rendered":"https:\/\/wiy.com.br\/noticias\/qual-a-relacao-entre-tipo-sanguineo-e-infeccao-por-covid-estudo-explica\/"},"modified":"2023-06-27T17:31:17","modified_gmt":"2023-06-27T20:31:17","slug":"qual-a-relacao-entre-tipo-sanguineo-e-infeccao-por-covid-estudo-explica","status":"publish","type":"post","link":"https:\/\/wiy.com.br\/noticias\/qual-a-relacao-entre-tipo-sanguineo-e-infeccao-por-covid-estudo-explica\/","title":{"rendered":"Qual a rela\u00e7\u00e3o entre tipo sangu\u00edneo e infec\u00e7\u00e3o por Covid? Estudo explica"},"content":{"rendered":"<p> <br \/>\n<\/p>\n<p>Logo nos primeiros dias da pandemia de <a href=\"https:\/\/olhardigital.com.br\/tag\/covid-19\/\" target=\"_blank\" rel=\"noreferrer noopener\">Covid-19<\/a>, resultados publicados na revista cient\u00edfica Blood Advances sugeriram que pessoas do grupo sangu\u00edneo A eram mais vulner\u00e1veis \u200b\u200b\u00e0 infec\u00e7\u00e3o pelo novo coronav\u00edrus. No entanto, nenhum <a href=\"https:\/\/olhardigital.com.br\/tag\/estudos\/\" target=\"_blank\" rel=\"noreferrer noopener\">estudo<\/a> havia identificado um mecanismo que poderia explicar esse aparente desequil\u00edbrio de risco. At\u00e9 agora.<\/p>\n<h2 id=\"h-para-quem-tem-pressa\">Para quem tem pressa:<\/h2>\n<ul>\n<li>Um grupo de pesquisadores demonstrou que o SARS-CoV-2, o v\u00edrus que causa a Covid-19, infecta preferencialmente as c\u00e9lulas do grupo sangu\u00edneo A;<\/li>\n<li>Isso proporciona uma liga\u00e7\u00e3o direta entre esse grupo sangu\u00edneo e uma taxa de infec\u00e7\u00e3o maior pelo v\u00edrus;<\/li>\n<li>Outros experimentos mostraram que a cepa Omicron tinha uma prefer\u00eancia ainda mais forte em infectar c\u00e9lulas do grupo sangu\u00edneo A;<\/li>\n<li>Embora as descobertas apontam o desequil\u00edbrio de risco, um dos pesquisadores alertou que todos precisam tomar precau\u00e7\u00f5es contra infec\u00e7\u00e3o pelo v\u00edrus.<\/li>\n<\/ul>\n<p>Um grupo de pesquisadores liderado por Sean Stowell, da Faculdade de Medicina da Universidade de Harvard (EUA), demonstrou que o SARS-CoV-2, o v\u00edrus que causa a Covid-19, infecta preferencialmente as c\u00e9lulas do grupo sangu\u00edneo A. Isso proporciona uma liga\u00e7\u00e3o direta entre esse grupo sangu\u00edneo e uma taxa de infec\u00e7\u00e3o maior pelo v\u00edrus.<\/p>\n<blockquote class=\"wp-block-quote\">\n<p>Mostramos que a parte da prote\u00edna spike do SARS-CoV-2 [novo coronav\u00edrus], que \u00e9 a chave para permitir que o v\u00edrus invada as c\u00e9lulas, exibe afinidade com as c\u00e9lulas do grupo sangu\u00edneo A. E o v\u00edrus, por sua vez, tamb\u00e9m mostra uma capacidade preferencial de infectar as c\u00e9lulas do grupo sangu\u00edneo A.<\/p>\n<p><cite>Sean Stowell, pesquisador da Faculdade de Medicina da Universidade de Harvard (EUA)<\/cite><\/p><\/blockquote>\n<p><strong>Leia mais:<\/strong><\/p>\n<ul>\n<li><a href=\"https:\/\/olhardigital.com.br\/2023\/06\/26\/medicina-e-saude\/descoberta-sobre-pandemia-de-covid-pode-ajudar-nos-proximos-surtos\/\" target=\"_blank\" rel=\"noreferrer noopener\">Descoberta sobre pandemia de Covid pode ajudar nos pr\u00f3ximos surtos<\/a><\/li>\n<li><a href=\"https:\/\/olhardigital.com.br\/2023\/03\/31\/medicina-e-saude\/como-medicos-e-hospitais-usam-a-inteligencia-artificial-em-diagnosticos-e-tratamentos-de-doencas\/\" target=\"_blank\" rel=\"noreferrer noopener\">Como m\u00e9dicos e hospitais usam a Intelig\u00eancia Artificial em diagn\u00f3sticos e tratamentos de doen\u00e7as<\/a><\/li>\n<li><a href=\"https:\/\/olhardigital.com.br\/2023\/03\/27\/medicina-e-saude\/como-o-uso-de-big-data-pode-ajudar-a-identificar-padroes-em-doencas\/\" target=\"_blank\" rel=\"noreferrer noopener\">Como o uso de Big Data pode ajudar a identificar padr\u00f5es em doen\u00e7as<\/a><\/li>\n<\/ul>\n<p>O artigo que descreve os experimentos realizados pelos pesquisadores em laborat\u00f3rio foi publicado nesta ter\u00e7a-feira (27), na revista cient\u00edfica Blood.<\/p>\n<h2>Como o estudo sobre a Covid foi feito<\/h2>\n<figure class=\"wp-block-image size-large\"><img title = \"[Tags]\"loading=\"lazy\" decoding=\"async\" width=\"1024\" height=\"576\" src=\"https:\/\/img.olhardigital.com.br\/wp-content\/uploads\/2023\/06\/Destaque-Covid-dados-1024x576.jpg\"alt = \"Destaque-Covid-dados-1024x576 Qual a rela\u00e7\u00e3o entre tipo sangu\u00edneo e infec\u00e7\u00e3o por Covid? Estudo explica\" class=\"wp-image-539550\" \/><figcaption>(Imagem: Reprodu\u00e7\u00e3o\/United States Data Science Institute)<\/figcaption><\/figure>\n<p>No laborat\u00f3rio, Stowell e seus colegas descobriram que a adi\u00e7\u00e3o de uma prote\u00edna que inibia o SARS-CoV-2 de reconhecer certos ant\u00edgenos de grupos sangu\u00edneos (subst\u00e2ncias que causam uma resposta imune no corpo) bloqueava a prefer\u00eancia do v\u00edrus por infectar grupos sangu\u00edneos A. Mas n\u00e3o teve efeito nas c\u00e9lulas do grupo sangu\u00edneo O.<\/p>\n<p>A adi\u00e7\u00e3o de uma prote\u00edna diferente que n\u00e3o bloqueou o reconhecimento de ant\u00edgenos de grupos sangu\u00edneos n\u00e3o teve efeitos inibidores de infec\u00e7\u00e3o nas c\u00e9lulas A ou O. \u201cAs c\u00e9lulas do grupo sangu\u00edneo A eram mais propensas a serem infectadas com SARS-CoV-2 quando comparadas com as c\u00e9lulas do grupo sangu\u00edneo O\u201d, disse o Dr. Stowell.<\/p>\n<p>Outros experimentos mostraram que a cepa Omicron do SARS-CoV-2 tinha uma prefer\u00eancia ainda mais forte em infectar c\u00e9lulas do grupo sangu\u00edneo A do que o v\u00edrus original.<\/p>\n<h2>Uma ressalva<\/h2>\n<figure class=\"wp-block-image size-large\"><img title = \"[Tags]\"decoding=\"async\" loading=\"lazy\" width=\"1024\" height=\"576\" src=\"https:\/\/img.olhardigital.com.br\/wp-content\/uploads\/2023\/06\/Covid-longa-01-1024x576.jpg\"alt = \"Destaque-Covid-dados-1024x576 Qual a rela\u00e7\u00e3o entre tipo sangu\u00edneo e infec\u00e7\u00e3o por Covid? Estudo explica\" class=\"wp-image-526733\" \/><figcaption>(Imagem: Unsplash)<\/figcaption><\/figure>\n<p>Embora as descobertas forne\u00e7am um mecanismo de como o grupo sangu\u00edneo A pode influenciar diretamente o risco de infec\u00e7\u00e3o por SARS-CoV-2, Stowell alertou que as descobertas n\u00e3o significam que pessoas com grupo sangu\u00edneo O n\u00e3o precisam tomar precau\u00e7\u00f5es contra infec\u00e7\u00e3o pelo novo coronav\u00edrus.<\/p>\n<blockquote class=\"wp-block-quote\">\n<p>Entre um grupo de milhares de pessoas, alguns estudos sugerem que aqueles com grupo sangu\u00edneo A podem ter 20% mais chances de serem infectados ap\u00f3s exposi\u00e7\u00e3o ao SARS-CoV-2 em compara\u00e7\u00e3o com aqueles que t\u00eam grupo sangu\u00edneo O. Mas pessoas com grupo sangu\u00edneo O ainda podem contrair o v\u00edrus e podem transmiti-lo a outras pessoas.<\/p>\n<p><cite>Sean Stowell, pesquisador da Faculdade de Medicina da Universidade de Harvard (EUA)<\/cite><\/p><\/blockquote>\n<p>Al\u00e9m disso, o especialista explicou que fatores como idade e condi\u00e7\u00f5es cr\u00f4nicas &#8211; por exemplo, doen\u00e7as card\u00edacas &#8211; t\u00eam uma classifica\u00e7\u00e3o mais alta do que o tipo sangu\u00edneo na determina\u00e7\u00e3o do risco individual de infec\u00e7\u00e3o grave pelo novo coronav\u00edrus.<\/p>\n<blockquote class=\"wp-block-quote\">\n<p>O grupo sangu\u00edneo \u00e9 uma das muitas vari\u00e1veis \u200b\u200bque influenciam a probabilidade de uma pessoa ser infectada ap\u00f3s a exposi\u00e7\u00e3o ao SARS-CoV-2. Independentemente do seu grupo sangu\u00edneo, os indiv\u00edduos devem ser totalmente vacinados contra a Covid-19 e continuar a tomar outras medidas preventivas adequadas ao seu n\u00edvel de risco.<\/p>\n<p><cite>Sean Stowell, pesquisador da Faculdade de Medicina da Universidade de Harvard (EUA)<\/cite><\/p><\/blockquote>\n<p>Estudos futuros ser\u00e3o necess\u00e1rios para descobrir as caracter\u00edsticas do v\u00edrus que s\u00e3o respons\u00e1veis \u200b\u200bpor envolver o grupo sangu\u00edneo A, al\u00e9m da extens\u00e3o em que essa prefer\u00eancia \u00e9 preservada \u00e0 medida que surgem novas variantes do coronav\u00edrus.<\/p>\n<p>Com informa\u00e7\u00f5es da <a href=\"https:\/\/ashpublications.org\/blood\/article\/doi\/10.1182\/blood.2022018903\/496471\/Blood-Group-A-Enhances-SARS-CoV-2-Infection\" target=\"_blank\" rel=\"noreferrer noopener\">Blood<\/a><\/p>\n<p><strong>J\u00e1 assistiu aos nossos novos v\u00eddeos no\u00a0<\/strong><a href=\"http:\/\/www.youtube.com\/channel\/UCGV72aVJuWP0QPNGH4YgIww?sub_confirmation=1\" target=\"_blank\" rel=\"noreferrer noopener\"><strong>YouTube<\/strong><\/a><strong>? Inscreva-se no nosso canal!<\/strong><\/p>\n<p>O post <a rel=\"nofollow\" href=\"https:\/\/olhardigital.com.br\/2023\/06\/27\/medicina-e-saude\/estudo-explica-relacao-entre-tipo-sanguineo-e-infeccao-por-covid\/\">Qual a rela\u00e7\u00e3o entre tipo sangu\u00edneo e infec\u00e7\u00e3o por Covid? Estudo explica<\/a> apareceu primeiro em <a rel=\"nofollow\" href=\"https:\/\/olhardigital.com.br\">Olhar Digital<\/a>.<\/p>\n<p><br \/>\n<br \/><a href=\"https:\/\/olhardigital.com.br\/2023\/06\/27\/medicina-e-saude\/estudo-explica-relacao-entre-tipo-sanguineo-e-infeccao-por-covid\/\">Fonte do Artigo <\/a><br \/>\nTags:<\/p>\n<p><a title=\"Gestor de Tr\u00e1fego\" href=\"https:\/\/www.gestor-de-trafego.com\/\" target=\"_blank\" rel=\"noopener\"><strong>Gestor de Tr\u00e1fego<\/strong><\/a><\/p>\n<p><a href=\"https:\/\/wiy.com.br\/noticias\/categoria\/tecnologia\/\">#tecnologia<\/a> <a href=\"https:\/\/wiy.com.br\/noticias\/categoria\/tecnologia\/\">#tecnologias<\/a> <a href=\"https:\/\/wiy.com.br\/noticias\/categoria\/tecnologia\/\">#technology<\/a> <a href=\"https:\/\/wiy.com.br\/noticias\/categoria\/tecnologia\/\">#tecnolog<\/a> <a href=\"https:\/\/wiy.com.br\/noticias\/categoria\/tecnologia\/\">#iphone<\/a> <a href=\"https:\/\/wiy.com.br\/noticias\/categoria\/tecnologia\/\">#informatica<\/a> <a href=\"https:\/\/wiy.com.br\/noticias\/categoria\/tecnologia\/\">#tech<\/a> <a href=\"https:\/\/wiy.com.br\/noticias\/categoria\/tecnologia\/\">#design<\/a> <a href=\"https:\/\/wiy.com.br\/noticias\/categoria\/tecnologia\/\">#samsung<\/a> <a href=\"https:\/\/wiy.com.br\/noticias\/categoria\/tecnologia\/\">#internet<\/a> <a href=\"https:\/\/wiy.com.br\/noticias\/categoria\/tecnologia\/\">#apple<\/a> <a href=\"https:\/\/wiy.com.br\/noticias\/categoria\/tecnologia\/\">#smartphone<\/a> <a href=\"https:\/\/wiy.com.br\/noticias\/categoria\/tecnologia\/\">#seguranca<\/a> <a href=\"https:\/\/wiy.com.br\/noticias\/categoria\/tecnologia\/\">#venezuela<\/a> <a href=\"https:\/\/wiy.com.br\/noticias\/categoria\/tecnologia\/\">#celular<\/a> <a href=\"https:\/\/wiy.com.br\/noticias\/categoria\/tecnologia\/\">#celulares<\/a> <a href=\"https:\/\/wiy.com.br\/noticias\/categoria\/tecnologia\/\">#inovar<\/a> <a href=\"https:\/\/wiy.com.br\/noticias\/categoria\/tecnologia\/\">#qualidade<\/a> <a href=\"https:\/\/wiy.com.br\/noticias\/categoria\/tecnologia\/\">#software<\/a> <a href=\"https:\/\/wiy.com.br\/noticias\/categoria\/tecnologia\/\">#empresas<\/a> <a href=\"https:\/\/wiy.com.br\/noticias\/categoria\/tecnologia\/\">#cursos<\/a> <a href=\"https:\/\/wiy.com.br\/noticias\/categoria\/tecnologia\/\">#engenharia<\/a> <a href=\"https:\/\/wiy.com.br\/noticias\/categoria\/tecnologia\/\">#industria<\/a> <a href=\"https:\/\/wiy.com.br\/noticias\/categoria\/tecnologia\/\">#marketing<\/a> <a href=\"https:\/\/wiy.com.br\/noticias\/categoria\/tecnologia\/\">#ti<\/a> <a href=\"https:\/\/wiy.com.br\/noticias\/categoria\/tecnologia\/\">#tecnoblog<\/a> <a href=\"https:\/\/wiy.com.br\/noticias\/categoria\/tecnologia\/\">#veja<\/a> <a href=\"https:\/\/wiy.com.br\/noticias\/categoria\/tecnologia\/\">#olhardigital<\/a> <a href=\"https:\/\/wiy.com.br\/noticias\/categoria\/tecnologia\/\">#mundodigital<\/a> <a href=\"https:\/\/wiy.com.br\/noticias\/categoria\/tecnologia\/\">#inteligenciaartificial<\/a> <a href=\"https:\/\/wiy.com.br\/criacao-de-sites\/\">#criar site<\/a> <a href=\"https:\/\/wiy.com.br\/criacao-de-sites\/\">#criar site curitiba<\/a> <a href=\"https:\/\/wiy.com.br\/criacao-de-sites\/\">#wiysolutions<\/a><\/p>\n<p><a href=\"https:\/\/www.comprar-cytotec.com\/\">#Comprar Cytotec<\/a><a href=\"https:\/\/www.cytotecfacil.com\/\">#Cytotec Comprar<\/a><a href=\"https:\/\/www.cytotecbrasil.org\/\">#Cytotec Brasil<\/a><br \/>\n#Qual #rela\u00e7\u00e3o #entre #tipo #sangu\u00edneo #infec\u00e7\u00e3o #por #Covid #Estudo #explica<\/p>\n","protected":false},"excerpt":{"rendered":"<p>Logo nos primeiros dias da pandemia de Covid-19, resultados publicados na revista cient\u00edfica Blood Advances sugeriram que pessoas do grupo sangu\u00edneo A eram mais vulner\u00e1veis \u200b\u200b\u00e0 infec\u00e7\u00e3o pelo novo coronav\u00edrus. No entanto, nenhum estudo havia identificado um mecanismo que poderia explicar esse aparente desequil\u00edbrio de risco. At\u00e9 agora. Para quem tem pressa: Um grupo de [&hellip;]<\/p>\n","protected":false},"author":1,"featured_media":78449,"comment_status":"open","ping_status":"open","sticky":false,"template":"","format":"standard","meta":{"footnotes":""},"categories":[5],"tags":[],"class_list":["post-78448","post","type-post","status-publish","format-standard","has-post-thumbnail","hentry","category-tecnologia"],"_links":{"self":[{"href":"https:\/\/wiy.com.br\/noticias\/wp-json\/wp\/v2\/posts\/78448","targetHints":{"allow":["GET"]}}],"collection":[{"href":"https:\/\/wiy.com.br\/noticias\/wp-json\/wp\/v2\/posts"}],"about":[{"href":"https:\/\/wiy.com.br\/noticias\/wp-json\/wp\/v2\/types\/post"}],"author":[{"embeddable":true,"href":"https:\/\/wiy.com.br\/noticias\/wp-json\/wp\/v2\/users\/1"}],"replies":[{"embeddable":true,"href":"https:\/\/wiy.com.br\/noticias\/wp-json\/wp\/v2\/comments?post=78448"}],"version-history":[{"count":0,"href":"https:\/\/wiy.com.br\/noticias\/wp-json\/wp\/v2\/posts\/78448\/revisions"}],"wp:featuredmedia":[{"embeddable":true,"href":"https:\/\/wiy.com.br\/noticias\/wp-json\/wp\/v2\/media\/78449"}],"wp:attachment":[{"href":"https:\/\/wiy.com.br\/noticias\/wp-json\/wp\/v2\/media?parent=78448"}],"wp:term":[{"taxonomy":"category","embeddable":true,"href":"https:\/\/wiy.com.br\/noticias\/wp-json\/wp\/v2\/categories?post=78448"},{"taxonomy":"post_tag","embeddable":true,"href":"https:\/\/wiy.com.br\/noticias\/wp-json\/wp\/v2\/tags?post=78448"}],"curies":[{"name":"wp","href":"https:\/\/api.w.org\/{rel}","templated":true}]}}