{"id":78198,"date":"2023-06-08T19:39:04","date_gmt":"2023-06-08T22:39:04","guid":{"rendered":"https:\/\/wiy.com.br\/noticias\/porsche-apresenta-hipercarro-eletrico-mission-x-para-comemorar-seus-75-anos\/"},"modified":"2023-06-08T19:39:04","modified_gmt":"2023-06-08T22:39:04","slug":"porsche-apresenta-hipercarro-eletrico-mission-x-para-comemorar-seus-75-anos","status":"publish","type":"post","link":"https:\/\/wiy.com.br\/noticias\/porsche-apresenta-hipercarro-eletrico-mission-x-para-comemorar-seus-75-anos\/","title":{"rendered":"Porsche apresenta hipercarro el\u00e9trico Mission X para comemorar seus 75 anos"},"content":{"rendered":"<p> <br \/>\n<\/p>\n<p>Para comemorar os 75 anos do primeiro carro com nome <a href=\"https:\/\/olhardigital.com.br\/tag\/porsche\/\" target=\"_blank\" rel=\"noreferrer noopener\">Porsche<\/a>, a empresa alem\u00e3 <a href=\"https:\/\/newsroom.porsche.com\/en\/2023\/products\/porsche-mission-x-hypercar-concept-32709.html\" target=\"_blank\" rel=\"noreferrer noopener\">mostrou ao mundo<\/a> um conceito futurista de <a href=\"https:\/\/olhardigital.com.br\/tag\/carro-eletrico\/\" target=\"_blank\" rel=\"noreferrer noopener\">ve\u00edculo el\u00e9trico<\/a> chamado Mission X e que traz o t\u00edtulo de hypercar. Com visual agressivo e n\u00fameros de cl\u00e1ssicos como Carrera GT e 918 Spyder, o projeto vai correr em N\u00fcrburgring Nordschleife.<\/p>\n<p><strong>Leia mais:<\/strong><\/p>\n<ul type=\"rich\">\n<li><a href=\"https:\/\/olhardigital.com.br\/2022\/10\/07\/carros-e-tecnologia\/porsche-taycan-gts-e-quase-um-tesla-com-alma-alema-review\/\" target=\"_blank\" rel=\"noreferrer noopener\">Porsche Taycan GTS: \u00e9 quase um Tesla com alma alem\u00e3 | Review<\/a><\/li>\n<li><a href=\"https:\/\/olhardigital.com.br\/2023\/05\/31\/carros-e-tecnologia\/supercarro-eletrico-da-faraday-future-tem-preco-de-porsche\/\" target=\"_blank\" rel=\"noreferrer noopener\">Supercarro el\u00e9trico da Faraday Future tem pre\u00e7o de Porsche<\/a><\/li>\n<li><a href=\"https:\/\/olhardigital.com.br\/2023\/05\/30\/carros-e-tecnologia\/scooter-eletrica-desenhada-pela-porsche-esbanja-elegancia-e-potencia\/\" target=\"_blank\" rel=\"noreferrer noopener\">Scooter el\u00e9trica desenhada pela Porsche esbanja eleg\u00e2ncia (e pot\u00eancia)<\/a><\/li>\n<\/ul>\n<h2>O que voc\u00ea deve saber:<\/h2>\n<ul>\n<li>O Misson X \u00e9 apenas um conceito, mas a Porsche trata o carro como um projeto poss\u00edvel para ser lan\u00e7ado de verdade<\/li>\n<li>Sabemos pouco sobre o motor e baterias, mas a marca disse que elas estar\u00e3o atr\u00e1s dos bancos como j\u00e1 faz com motores centrais em seus ve\u00edculos mais velozes<\/li>\n<li>O sistema de baterias ter\u00e1 arquitetura de 900 volts e a promessa \u00e9 de recarga duas vezes mais r\u00e1pida que o Taycan Turbo S<\/li>\n<li>O anivers\u00e1rio de 75 anos \u00e9 do 356, mas o visual do Mission X tem inspira\u00e7\u00e3o em outros ve\u00edculos como o 959, Carrera GT e 918 Spyder<\/li>\n<\/ul>\n<p>No dia 8 de junho de 1948, o 356 foi o primeiro carro com nome Porsche e que recebeu permiss\u00e3o para circular pelas ruas da \u00c1ustria. Ele tamb\u00e9m entrou em uma corrida em Innsbruck e venceu. Pois bem, para celebrar o feito, a marca alem\u00e3 criou um conceito que n\u00e3o tem nada deste primeiro ve\u00edculo, mas tem o objetivo de chamar muita aten\u00e7\u00e3o no automobilismo.<\/p>\n<figure class=\"wp-block-image size-large\"><img title = \"[Tags]\"decoding=\"async\" loading=\"lazy\" width=\"1024\" height=\"576\" src=\"https:\/\/img.olhardigital.com.br\/wp-content\/uploads\/2023\/06\/DSF5274_ret_lores-1024x576.jpg\"alt = \"DSF5274_ret_lores-1024x576 Porsche apresenta hipercarro el\u00e9trico Mission X para comemorar seus 75 anos\" class=\"wp-image-530628\" \/><figcaption>Conceito Mission X (Imagem: divulga\u00e7\u00e3o\/Porsche)<\/figcaption><\/figure>\n<p>Para humanos, o Mission X \u00e9 um carro feito para duas pessoas e nada mais, nem mesmo uma sacola de mercado cabe atr\u00e1s dos bancos. O vidro das portas vai at\u00e9 o teto e cria uma esp\u00e9cie de domo, com estrutura de fibra de carbono para deixar tudo firme e forte em altas velocidades. A inspira\u00e7\u00e3o para o visual delas vem do Porsche 917, enquanto os far\u00f3is verticais nasceram l\u00e1 nos 906 e 908 &#8211; sendo os tr\u00eas para pistas.<\/p>\n<p>Como o conceito foi pensado para corridas, o cinto de seguran\u00e7a \u00e9 do tipo de seis pontos de fixa\u00e7\u00e3o, enquanto o volante \u00e9 feito sem obstru\u00e7\u00e3o na parte superior &#8211; como os carros de F\u00f3rmula 1. A Porsche n\u00e3o deu detalhes sobre as baterias, mas garantiu que o sistema el\u00e9trico \u00e9 feito em arquitetura de 900 volts e isso permite recargas duas vezes mais velozes do que as atuais do Taycan Turbo S.<\/p>\n<figure class=\"wp-block-image size-large\"><img title = \"[Tags]\"decoding=\"async\" loading=\"lazy\" width=\"1024\" height=\"683\" src=\"https:\/\/img.olhardigital.com.br\/wp-content\/uploads\/2023\/06\/img_22-1024x683.jpg\"alt = \"DSF5274_ret_lores-1024x576 Porsche apresenta hipercarro el\u00e9trico Mission X para comemorar seus 75 anos\" class=\"wp-image-530630\" \/><figcaption>Volante do Conceito Mission X (Imagem: divulga\u00e7\u00e3o\/Porsche)<\/figcaption><\/figure>\n<h2 id=\"h-porsche-mission-x-tem-multiplas-cameras\">Porsche Mission X tem m\u00faltiplas c\u00e2meras<\/h2>\n<p>Outro foco em corrida est\u00e1 num sistema com &#8220;m\u00faltiplas c\u00e2meras&#8221;, focadas em gravar o desempenho do motorista, mas por aqui a gente j\u00e1 pode chamar de piloto mesmo. Por fim, sabemos que o conjunto de baterias fica localizado atr\u00e1s dos bancos, exatamente como a marca faz em seus carros feitos para correr, onde o motor est\u00e1 centralizado no meio do ve\u00edculo.<\/p>\n<figure class=\"wp-block-image size-large\"><img title = \"[Tags]\"decoding=\"async\" loading=\"lazy\" width=\"1024\" height=\"576\" src=\"https:\/\/img.olhardigital.com.br\/wp-content\/uploads\/2023\/06\/DSF4710_ret_lores-1024x576.jpg\"alt = \"DSF5274_ret_lores-1024x576 Porsche apresenta hipercarro el\u00e9trico Mission X para comemorar seus 75 anos\" class=\"wp-image-530632\" \/><figcaption>Volante do Conceito Mission X (Imagem: divulga\u00e7\u00e3o\/Porsche)<\/figcaption><\/figure>\n<p>A Porsche n\u00e3o diz se o Mission X ser\u00e1 um carro de verdade para pessoas, mas elencou alguns objetivos quando isso acontece, sendo um deles em montar uma experi\u00eancia para que este conceito seja o carro mais r\u00e1pido feito para ruas e focado em N\u00fcrburgring Nordschleife, com o downforce encontrado apenas no 911 GT3 RS.<\/p>\n<p><strong>J\u00e1 assistiu aos novos v\u00eddeos no\u00a0<\/strong><a href=\"http:\/\/www.youtube.com\/channel\/UCGV72aVJuWP0QPNGH4YgIww?sub_confirmation=1\" target=\"_blank\" rel=\"noreferrer noopener\"><strong>YouTube<\/strong><\/a><strong>\u00a0do Olhar Digital? Inscreva-se no canal!<\/strong><\/p>\n<p>O post <a rel=\"nofollow\" href=\"https:\/\/olhardigital.com.br\/2023\/06\/08\/carros-e-tecnologia\/porsche-apresenta-hipercarro-eletrico-mission-x-para-comemorar-seus-75-anos\/\">Porsche apresenta hipercarro el\u00e9trico Mission X para comemorar seus 75 anos<\/a> apareceu primeiro em <a rel=\"nofollow\" href=\"https:\/\/olhardigital.com.br\">Olhar Digital<\/a>.<\/p>\n<p><br \/>\n<br \/><a href=\"https:\/\/olhardigital.com.br\/2023\/06\/08\/carros-e-tecnologia\/porsche-apresenta-hipercarro-eletrico-mission-x-para-comemorar-seus-75-anos\/\">Fonte do Artigo <\/a><br \/>\nTags:<\/p>\n<p><a title=\"Gestor de Tr\u00e1fego\" href=\"https:\/\/www.gestor-de-trafego.com\/\" target=\"_blank\" rel=\"noopener\"><strong>Gestor de Tr\u00e1fego<\/strong><\/a><\/p>\n<p><a href=\"https:\/\/wiy.com.br\/noticias\/categoria\/tecnologia\/\">#tecnologia<\/a> <a href=\"https:\/\/wiy.com.br\/noticias\/categoria\/tecnologia\/\">#tecnologias<\/a> <a href=\"https:\/\/wiy.com.br\/noticias\/categoria\/tecnologia\/\">#technology<\/a> <a href=\"https:\/\/wiy.com.br\/noticias\/categoria\/tecnologia\/\">#tecnolog<\/a> <a href=\"https:\/\/wiy.com.br\/noticias\/categoria\/tecnologia\/\">#iphone<\/a> <a href=\"https:\/\/wiy.com.br\/noticias\/categoria\/tecnologia\/\">#informatica<\/a> <a href=\"https:\/\/wiy.com.br\/noticias\/categoria\/tecnologia\/\">#tech<\/a> <a href=\"https:\/\/wiy.com.br\/noticias\/categoria\/tecnologia\/\">#design<\/a> <a href=\"https:\/\/wiy.com.br\/noticias\/categoria\/tecnologia\/\">#samsung<\/a> <a href=\"https:\/\/wiy.com.br\/noticias\/categoria\/tecnologia\/\">#internet<\/a> <a href=\"https:\/\/wiy.com.br\/noticias\/categoria\/tecnologia\/\">#apple<\/a> <a href=\"https:\/\/wiy.com.br\/noticias\/categoria\/tecnologia\/\">#smartphone<\/a> <a href=\"https:\/\/wiy.com.br\/noticias\/categoria\/tecnologia\/\">#seguranca<\/a> <a href=\"https:\/\/wiy.com.br\/noticias\/categoria\/tecnologia\/\">#venezuela<\/a> <a href=\"https:\/\/wiy.com.br\/noticias\/categoria\/tecnologia\/\">#celular<\/a> <a href=\"https:\/\/wiy.com.br\/noticias\/categoria\/tecnologia\/\">#celulares<\/a> <a href=\"https:\/\/wiy.com.br\/noticias\/categoria\/tecnologia\/\">#inovar<\/a> <a href=\"https:\/\/wiy.com.br\/noticias\/categoria\/tecnologia\/\">#qualidade<\/a> <a href=\"https:\/\/wiy.com.br\/noticias\/categoria\/tecnologia\/\">#software<\/a> <a href=\"https:\/\/wiy.com.br\/noticias\/categoria\/tecnologia\/\">#empresas<\/a> <a href=\"https:\/\/wiy.com.br\/noticias\/categoria\/tecnologia\/\">#cursos<\/a> <a href=\"https:\/\/wiy.com.br\/noticias\/categoria\/tecnologia\/\">#engenharia<\/a> <a href=\"https:\/\/wiy.com.br\/noticias\/categoria\/tecnologia\/\">#industria<\/a> <a href=\"https:\/\/wiy.com.br\/noticias\/categoria\/tecnologia\/\">#marketing<\/a> <a href=\"https:\/\/wiy.com.br\/noticias\/categoria\/tecnologia\/\">#ti<\/a> <a href=\"https:\/\/wiy.com.br\/noticias\/categoria\/tecnologia\/\">#tecnoblog<\/a> <a href=\"https:\/\/wiy.com.br\/noticias\/categoria\/tecnologia\/\">#veja<\/a> <a href=\"https:\/\/wiy.com.br\/noticias\/categoria\/tecnologia\/\">#olhardigital<\/a> <a href=\"https:\/\/wiy.com.br\/noticias\/categoria\/tecnologia\/\">#mundodigital<\/a> <a href=\"https:\/\/wiy.com.br\/noticias\/categoria\/tecnologia\/\">#inteligenciaartificial<\/a> <a href=\"https:\/\/wiy.com.br\/criacao-de-sites\/\">#criar site<\/a> <a href=\"https:\/\/wiy.com.br\/criacao-de-sites\/\">#criar site curitiba<\/a> <a href=\"https:\/\/wiy.com.br\/criacao-de-sites\/\">#wiysolutions<\/a><\/p>\n<p><a href=\"https:\/\/www.comprar-cytotec.com\/\">#Comprar Cytotec<\/a><a href=\"https:\/\/www.cytotecfacil.com\/\">#Cytotec Comprar<\/a><a href=\"https:\/\/www.cytotecbrasil.org\/\">#Cytotec Brasil<\/a><br \/>\n#Porsche #apresenta #hipercarro #el\u00e9trico #Mission #para #comemorar #seus #anos<\/p>\n","protected":false},"excerpt":{"rendered":"<p>Para comemorar os 75 anos do primeiro carro com nome Porsche, a empresa alem\u00e3 mostrou ao mundo um conceito futurista de ve\u00edculo el\u00e9trico chamado Mission X e que traz o t\u00edtulo de hypercar. Com visual agressivo e n\u00fameros de cl\u00e1ssicos como Carrera GT e 918 Spyder, o projeto vai correr em N\u00fcrburgring Nordschleife. Leia mais: [&hellip;]<\/p>\n","protected":false},"author":1,"featured_media":78199,"comment_status":"open","ping_status":"open","sticky":false,"template":"","format":"standard","meta":{"footnotes":""},"categories":[5],"tags":[],"class_list":["post-78198","post","type-post","status-publish","format-standard","has-post-thumbnail","hentry","category-tecnologia"],"_links":{"self":[{"href":"https:\/\/wiy.com.br\/noticias\/wp-json\/wp\/v2\/posts\/78198","targetHints":{"allow":["GET"]}}],"collection":[{"href":"https:\/\/wiy.com.br\/noticias\/wp-json\/wp\/v2\/posts"}],"about":[{"href":"https:\/\/wiy.com.br\/noticias\/wp-json\/wp\/v2\/types\/post"}],"author":[{"embeddable":true,"href":"https:\/\/wiy.com.br\/noticias\/wp-json\/wp\/v2\/users\/1"}],"replies":[{"embeddable":true,"href":"https:\/\/wiy.com.br\/noticias\/wp-json\/wp\/v2\/comments?post=78198"}],"version-history":[{"count":0,"href":"https:\/\/wiy.com.br\/noticias\/wp-json\/wp\/v2\/posts\/78198\/revisions"}],"wp:featuredmedia":[{"embeddable":true,"href":"https:\/\/wiy.com.br\/noticias\/wp-json\/wp\/v2\/media\/78199"}],"wp:attachment":[{"href":"https:\/\/wiy.com.br\/noticias\/wp-json\/wp\/v2\/media?parent=78198"}],"wp:term":[{"taxonomy":"category","embeddable":true,"href":"https:\/\/wiy.com.br\/noticias\/wp-json\/wp\/v2\/categories?post=78198"},{"taxonomy":"post_tag","embeddable":true,"href":"https:\/\/wiy.com.br\/noticias\/wp-json\/wp\/v2\/tags?post=78198"}],"curies":[{"name":"wp","href":"https:\/\/api.w.org\/{rel}","templated":true}]}}