{"id":78188,"date":"2023-06-08T19:36:10","date_gmt":"2023-06-08T22:36:10","guid":{"rendered":"https:\/\/wiy.com.br\/noticias\/fumaca-de-incendios-florestais-no-canada-ofusca-visao-de-satelites\/"},"modified":"2023-06-08T19:36:10","modified_gmt":"2023-06-08T22:36:10","slug":"fumaca-de-incendios-florestais-no-canada-ofusca-visao-de-satelites","status":"publish","type":"post","link":"https:\/\/wiy.com.br\/noticias\/fumaca-de-incendios-florestais-no-canada-ofusca-visao-de-satelites\/","title":{"rendered":"Fuma\u00e7a de inc\u00eandios florestais no Canad\u00e1 ofusca vis\u00e3o de sat\u00e9lites"},"content":{"rendered":"<p> <br \/>\n<\/p>\n<p>Conforme noticiado pelo <strong>Olhar Digital<\/strong>, inc\u00eandios florestais descontrolados no Canad\u00e1<a href=\"https:\/\/olhardigital.com.br\/2023\/06\/08\/ciencia-e-espaco\/nova-york-amanhece-laranja-entenda-o-que-aconteceu\/\" target=\"_blank\" rel=\"noreferrer noopener\"> \u201calaranjaram\u201d os c\u00e9us de Nova York<\/a>, nos EUA, na manh\u00e3 de quarta-feira (7). H\u00e1 informa\u00e7\u00f5es de que a fuma\u00e7a de mais de 400 focos de queimada j\u00e1 chegou \u00e0 Groenl\u00e2ndia, Isl\u00e2ndia e deve atingir a <a href=\"https:\/\/olhardigital.com.br\/tag\/noruega\/\" target=\"_blank\" rel=\"noreferrer noopener\">Noruega<\/a>.\u00a0<\/p>\n<p>Al\u00e9m disso, a fuma\u00e7a degradou a qualidade do ar ao n\u00edvel da superf\u00edcie que dezenas de milh\u00f5es de pessoas respiram e causou interrup\u00e7\u00f5es significativas nas viagens a\u00e9reas na Am\u00e9rica do Norte, com pelo menos 330 voos atrasados ou cancelados s\u00f3 nos EUA, segundo a <em>NBC News<\/em>.&nbsp;<\/p>\n<p>Segundo o site <em>Space.com<\/em>, o efeito \u00e9 t\u00e3o extremo que pode at\u00e9 ser observado do espa\u00e7o \u2013 e, inclusive, afetou a vis\u00e3o de <a href=\"https:\/\/olhardigital.com.br\/tag\/satelites\/\" target=\"_blank\" rel=\"noreferrer noopener\">sat\u00e9lites <\/a>projetados para estudar nosso planeta.<\/p>\n<p><strong>Leia mais:<\/strong><\/p>\n<ul>\n<li><a href=\"https:\/\/olhardigital.com.br\/2023\/06\/07\/pro\/projeto-quer-evitar-incendios-usando-drones\/\" target=\"_blank\" rel=\"noreferrer noopener\">Projeto quer evitar inc\u00eandios usando drones<\/a><\/li>\n<li><a href=\"https:\/\/olhardigital.com.br\/2022\/09\/15\/ciencia-e-espaco\/imagens-de-satelite-mostram-incendios-florestais-devastadores\/\" target=\"_blank\" rel=\"noreferrer noopener\">Imagens de sat\u00e9lite mostram inc\u00eandios florestais devastadores nos EUA<\/a><\/li>\n<li><a href=\"https:\/\/olhardigital.com.br\/2022\/08\/26\/ciencia-e-espaco\/incendios-na-amazonia-sao-os-piores-dos-ultimos-15-anos\/\" target=\"_blank\" rel=\"noreferrer noopener\">Inc\u00eandios na Amaz\u00f4nia s\u00e3o os piores dos \u00faltimos 15 anos<\/a><\/li>\n<\/ul>\n<h2 id=\"h-constelacao-de-satelites-registra-areas-cobertas-de-fumaca-em-toda-a-america-do-norte\"><strong>Constela\u00e7\u00e3o de sat\u00e9lites registra \u00e1reas cobertas de fuma\u00e7a em toda a Am\u00e9rica do Norte<\/strong><\/h2>\n<p>Imagens do PlanetScope, uma constela\u00e7\u00e3o de 130 espa\u00e7onaves de observa\u00e7\u00e3o di\u00e1ria da <a href=\"https:\/\/olhardigital.com.br\/tag\/terra\/\" target=\"_blank\" rel=\"noreferrer noopener\">Terra <\/a>administrada pela empresa californiana Planet, registraram diversas regi\u00f5es cobertas de fuma\u00e7a.<\/p>\n<p>&#8220;Milh\u00f5es de pessoas que vivem no nordeste da Am\u00e9rica acordaram ontem com uma vis\u00e3o geralmente reservada para \u00e1reas propensas a inc\u00eandios: a n\u00e9voa laranja inequ\u00edvoca de inc\u00eandios florestais&#8221;, diz um comunicado da Planet.<\/p>\n<p>Um lapso temporal de capturas da empresa feitas sobre a prov\u00edncia canadense Nova Esc\u00f3cia mostra a diferen\u00e7a na vis\u00e3o do espa\u00e7o da \u00e1rea em 27 de maio em compara\u00e7\u00e3o com a vista em 31 de maio. Estima-se que o inc\u00eandio fotografado tenha consumido cerca de 17 mil hectares, segundo a Planet.&nbsp;<\/p>\n<figure class=\"wp-block-embed is-type-rich is-provider-twitter wp-block-embed-twitter\">\n<div class=\"wp-block-embed__wrapper\">\n<blockquote class=\"twitter-tweet\" data-width=\"500\" data-dnt=\"true\">\n<p lang=\"en\" dir=\"ltr\">These before\/after images of Shelburne County show the result of one of the largest fires in Nova Scotia&#039;s history. Official accounts report more than 17,000 hectares burned, roughly 3x the size of Manhattan.<\/p>\n<p> (1): PlanetScope \u2022 5\/31\/23<br \/><img title = \"[Tags]\"decoding=\"async\" src=\"https:\/\/s.w.org\/images\/core\/emoji\/14.0.0\/72x72\/1f4f8.png\"alt = \"1f4f8 Fuma\u00e7a de inc\u00eandios florestais no Canad\u00e1 ofusca vis\u00e3o de sat\u00e9lites\" class=\"wp-smiley\" style=\"height: 1em;max-height: 1em\" \/> (2): PlanetScope \u2022 5\/27\/23 <a href=\"https:\/\/t.co\/CXKttVdFxz\">pic.twitter.com\/CXKttVdFxz<\/a><\/p>\n<p>&mdash; Planet (@planet) <a href=\"https:\/\/twitter.com\/planet\/status\/1664398706421161984?ref_src=twsrc%5Etfw\">June 1, 2023<\/a><\/p><\/blockquote>\n<\/div>\n<\/figure>\n<p>As imagens lembram a n\u00e9voa vista sobre o Canad\u00e1 a partir da Esta\u00e7\u00e3o Espacial Internacional (ISS) em 2016.<\/p>\n<figure class=\"wp-block-embed is-type-rich is-provider-twitter wp-block-embed-twitter\">\n<div class=\"wp-block-embed__wrapper\">\n<blockquote class=\"twitter-tweet\" data-width=\"500\" data-dnt=\"true\">\n<p lang=\"en\" dir=\"ltr\">Thoughts are with all those affected by the fires &#8211; Fort McMurray, <a href=\"https:\/\/twitter.com\/hashtag\/Alberta?src=hash&amp;ref_src=twsrc%5Etfw\">#Alberta<\/a> <a href=\"https:\/\/t.co\/3Rav8m3Yn5\">pic.twitter.com\/3Rav8m3Yn5<\/a><\/p>\n<p>&mdash; Tim Peake (@astro_timpeake) <a href=\"https:\/\/twitter.com\/astro_timpeake\/status\/728680793564954625?ref_src=twsrc%5Etfw\">May 6, 2016<\/a><\/p><\/blockquote>\n<\/div>\n<\/figure>\n<p>Essas imagens, que mostravam uma espessa manta de fuma\u00e7a de inc\u00eandios florestais queimando ao redor da \u00e1rea de Fort McMurray, em Alberta, foram capturadas pelo astronauta Tim Peake, da Ag\u00eancia Espacial Europeia (ESA), membro da Expedi\u00e7\u00e3o 46 do laborat\u00f3rio orbital.<\/p>\n<p><strong>J\u00e1 assistiu aos novos v\u00eddeos no&nbsp;<\/strong><a href=\"http:\/\/www.youtube.com\/channel\/UCGV72aVJuWP0QPNGH4YgIww?sub_confirmation=1\" target=\"_blank\" rel=\"noreferrer noopener\"><strong>YouTube<\/strong><\/a><strong>&nbsp;do Olhar Digital? Inscreva-se no canal!<\/strong><\/p>\n<p>O post <a rel=\"nofollow\" href=\"https:\/\/olhardigital.com.br\/2023\/06\/08\/ciencia-e-espaco\/fumaca-de-incendios-florestais-no-canada-ofusca-visao-de-satelites\/\">Fuma\u00e7a de inc\u00eandios florestais no Canad\u00e1 ofusca vis\u00e3o de sat\u00e9lites<\/a> apareceu primeiro em <a rel=\"nofollow\" href=\"https:\/\/olhardigital.com.br\">Olhar Digital<\/a>.<\/p>\n<p><script async src=\"https:\/\/platform.twitter.com\/widgets.js\" charset=\"utf-8\"><\/script><br \/>\n<br \/><br \/>\n<br \/><a href=\"https:\/\/olhardigital.com.br\/2023\/06\/08\/ciencia-e-espaco\/fumaca-de-incendios-florestais-no-canada-ofusca-visao-de-satelites\/\">Fonte do Artigo <\/a><br \/>\nTags:<\/p>\n<p><a title=\"Gestor de Tr\u00e1fego\" href=\"https:\/\/www.gestor-de-trafego.com\/\" target=\"_blank\" rel=\"noopener\"><strong>Gestor de Tr\u00e1fego<\/strong><\/a><\/p>\n<p><a href=\"https:\/\/wiy.com.br\/noticias\/categoria\/tecnologia\/\">#tecnologia<\/a> <a href=\"https:\/\/wiy.com.br\/noticias\/categoria\/tecnologia\/\">#tecnologias<\/a> <a href=\"https:\/\/wiy.com.br\/noticias\/categoria\/tecnologia\/\">#technology<\/a> <a href=\"https:\/\/wiy.com.br\/noticias\/categoria\/tecnologia\/\">#tecnolog<\/a> <a href=\"https:\/\/wiy.com.br\/noticias\/categoria\/tecnologia\/\">#iphone<\/a> <a href=\"https:\/\/wiy.com.br\/noticias\/categoria\/tecnologia\/\">#informatica<\/a> <a href=\"https:\/\/wiy.com.br\/noticias\/categoria\/tecnologia\/\">#tech<\/a> <a href=\"https:\/\/wiy.com.br\/noticias\/categoria\/tecnologia\/\">#design<\/a> <a href=\"https:\/\/wiy.com.br\/noticias\/categoria\/tecnologia\/\">#samsung<\/a> <a href=\"https:\/\/wiy.com.br\/noticias\/categoria\/tecnologia\/\">#internet<\/a> <a href=\"https:\/\/wiy.com.br\/noticias\/categoria\/tecnologia\/\">#apple<\/a> <a href=\"https:\/\/wiy.com.br\/noticias\/categoria\/tecnologia\/\">#smartphone<\/a> <a href=\"https:\/\/wiy.com.br\/noticias\/categoria\/tecnologia\/\">#seguranca<\/a> <a href=\"https:\/\/wiy.com.br\/noticias\/categoria\/tecnologia\/\">#venezuela<\/a> <a href=\"https:\/\/wiy.com.br\/noticias\/categoria\/tecnologia\/\">#celular<\/a> <a href=\"https:\/\/wiy.com.br\/noticias\/categoria\/tecnologia\/\">#celulares<\/a> <a href=\"https:\/\/wiy.com.br\/noticias\/categoria\/tecnologia\/\">#inovar<\/a> <a href=\"https:\/\/wiy.com.br\/noticias\/categoria\/tecnologia\/\">#qualidade<\/a> <a href=\"https:\/\/wiy.com.br\/noticias\/categoria\/tecnologia\/\">#software<\/a> <a href=\"https:\/\/wiy.com.br\/noticias\/categoria\/tecnologia\/\">#empresas<\/a> <a href=\"https:\/\/wiy.com.br\/noticias\/categoria\/tecnologia\/\">#cursos<\/a> <a href=\"https:\/\/wiy.com.br\/noticias\/categoria\/tecnologia\/\">#engenharia<\/a> <a href=\"https:\/\/wiy.com.br\/noticias\/categoria\/tecnologia\/\">#industria<\/a> <a href=\"https:\/\/wiy.com.br\/noticias\/categoria\/tecnologia\/\">#marketing<\/a> <a href=\"https:\/\/wiy.com.br\/noticias\/categoria\/tecnologia\/\">#ti<\/a> <a href=\"https:\/\/wiy.com.br\/noticias\/categoria\/tecnologia\/\">#tecnoblog<\/a> <a href=\"https:\/\/wiy.com.br\/noticias\/categoria\/tecnologia\/\">#veja<\/a> <a href=\"https:\/\/wiy.com.br\/noticias\/categoria\/tecnologia\/\">#olhardigital<\/a> <a href=\"https:\/\/wiy.com.br\/noticias\/categoria\/tecnologia\/\">#mundodigital<\/a> <a href=\"https:\/\/wiy.com.br\/noticias\/categoria\/tecnologia\/\">#inteligenciaartificial<\/a> <a href=\"https:\/\/wiy.com.br\/criacao-de-sites\/\">#criar site<\/a> <a href=\"https:\/\/wiy.com.br\/criacao-de-sites\/\">#criar site curitiba<\/a> <a href=\"https:\/\/wiy.com.br\/criacao-de-sites\/\">#wiysolutions<\/a><\/p>\n<p><a href=\"https:\/\/www.comprar-cytotec.com\/\">#Comprar Cytotec<\/a><a href=\"https:\/\/www.cytotecfacil.com\/\">#Cytotec Comprar<\/a><a href=\"https:\/\/www.cytotecbrasil.org\/\">#Cytotec Brasil<\/a><br \/>\n#Fuma\u00e7a #inc\u00eandios #florestais #Canad\u00e1 #ofusca #vis\u00e3o #sat\u00e9lites<\/p>\n","protected":false},"excerpt":{"rendered":"<p>Conforme noticiado pelo Olhar Digital, inc\u00eandios florestais descontrolados no Canad\u00e1 \u201calaranjaram\u201d os c\u00e9us de Nova York, nos EUA, na manh\u00e3 de quarta-feira (7). H\u00e1 informa\u00e7\u00f5es de que a fuma\u00e7a de mais de 400 focos de queimada j\u00e1 chegou \u00e0 Groenl\u00e2ndia, Isl\u00e2ndia e deve atingir a Noruega.\u00a0 Al\u00e9m disso, a fuma\u00e7a degradou a qualidade do ar [&hellip;]<\/p>\n","protected":false},"author":1,"featured_media":76866,"comment_status":"open","ping_status":"open","sticky":false,"template":"","format":"standard","meta":{"footnotes":""},"categories":[5],"tags":[],"class_list":["post-78188","post","type-post","status-publish","format-standard","has-post-thumbnail","hentry","category-tecnologia"],"_links":{"self":[{"href":"https:\/\/wiy.com.br\/noticias\/wp-json\/wp\/v2\/posts\/78188","targetHints":{"allow":["GET"]}}],"collection":[{"href":"https:\/\/wiy.com.br\/noticias\/wp-json\/wp\/v2\/posts"}],"about":[{"href":"https:\/\/wiy.com.br\/noticias\/wp-json\/wp\/v2\/types\/post"}],"author":[{"embeddable":true,"href":"https:\/\/wiy.com.br\/noticias\/wp-json\/wp\/v2\/users\/1"}],"replies":[{"embeddable":true,"href":"https:\/\/wiy.com.br\/noticias\/wp-json\/wp\/v2\/comments?post=78188"}],"version-history":[{"count":0,"href":"https:\/\/wiy.com.br\/noticias\/wp-json\/wp\/v2\/posts\/78188\/revisions"}],"wp:featuredmedia":[{"embeddable":true,"href":"https:\/\/wiy.com.br\/noticias\/wp-json\/wp\/v2\/media\/76866"}],"wp:attachment":[{"href":"https:\/\/wiy.com.br\/noticias\/wp-json\/wp\/v2\/media?parent=78188"}],"wp:term":[{"taxonomy":"category","embeddable":true,"href":"https:\/\/wiy.com.br\/noticias\/wp-json\/wp\/v2\/categories?post=78188"},{"taxonomy":"post_tag","embeddable":true,"href":"https:\/\/wiy.com.br\/noticias\/wp-json\/wp\/v2\/tags?post=78188"}],"curies":[{"name":"wp","href":"https:\/\/api.w.org\/{rel}","templated":true}]}}