{"id":78083,"date":"2023-06-02T18:29:38","date_gmt":"2023-06-02T21:29:38","guid":{"rendered":"https:\/\/wiy.com.br\/noticias\/esse-e-o-ano-da-virada-do-5g-diz-executivo-da-samsung\/"},"modified":"2023-06-02T18:29:38","modified_gmt":"2023-06-02T21:29:38","slug":"esse-e-o-ano-da-virada-do-5g-diz-executivo-da-samsung","status":"publish","type":"post","link":"https:\/\/wiy.com.br\/noticias\/esse-e-o-ano-da-virada-do-5g-diz-executivo-da-samsung\/","title":{"rendered":"Esse \u00e9 o \u2018ano da virada\u2019 do 5G, diz executivo da Samsung"},"content":{"rendered":"<p> <br \/>\n<\/p>\n<p>As pessoas t\u00eam demorado mais para trocar seus celulares, gra\u00e7as ao desenvolvimento de baterias mais dur\u00e1veis e processadores mais r\u00e1pidos. Mas a chegada do <a href=\"https:\/\/olhardigital.com.br\/tag\/5g\/\" target=\"_blank\" rel=\"noreferrer noopener\">5G<\/a> no Brasil fez o mercado ferver. Para Gustavo Assun\u00e7\u00e3o, vice-presidente de Mobile Experience da <a href=\"https:\/\/olhardigital.com.br\/tag\/samsung\/\" target=\"_blank\" rel=\"noreferrer noopener\">Samsung<\/a>, \u00e9 o &#8220;ano da virada&#8221; da tecnologia no pa\u00eds.<\/p>\n<h2 id=\"h-para-quem-tem-pressa\">Para quem tem pressa:<\/h2>\n<ul>\n<li>As pessoas tem demorado mais para trocar seus celulares, gra\u00e7as ao desenvolvimento de baterias mais dur\u00e1veis e processadores mais r\u00e1pidos;<\/li>\n<li>Por\u00e9m, a chegada do 5G \u00e0s capitais far\u00e1 que as pessoas troquem de aparelhos, segundo um executivo brasileiro da Samsung;<\/li>\n<li>Ele tamb\u00e9m disse que isso torna 2023 o &#8220;ano da virada&#8221; do 5G no pa\u00eds;<\/li>\n<li>Para o executivo, as empresas precisam investir constantemente em inova\u00e7\u00e3o, porque, no mercado da tecnologia, &#8220;uma marca morre por ano&#8221;.<\/li>\n<\/ul>\n<p>Em entrevista ao Uol, o executivo disse que a chegada do 5G \u00e0s capitais far\u00e1 que as pessoas troquem de aparelhos. E, atualmente, o consumidor quer comprar um celular que j\u00e1 tenha a \u00faltima tecnologia embarcada, segundo o executivo.<\/p>\n<p><strong>Leia mais:<\/strong><\/p>\n<ul>\n<li><a href=\"https:\/\/olhardigital.com.br\/2023\/05\/26\/internet-e-redes-sociais\/5g-mais-459-cidades-brasileiros-poderao-receber-tecnologia-a-partir-da-semana-que-vem\/\" target=\"_blank\" rel=\"noreferrer noopener\">5G chegar\u00e1 a mais 459 cidades brasileiras<\/a><\/li>\n<li><a href=\"https:\/\/olhardigital.com.br\/2022\/11\/23\/dicas-e-tutoriais\/15-smartphones-5g-baratos-para-comprar\/\" target=\"_blank\" rel=\"noreferrer noopener\">15 smartphones 5G para comprar entre R$ 1.000 e R$ 2.000<\/a><\/li>\n<li><a href=\"https:\/\/olhardigital.com.br\/2023\/05\/26\/reviews\/android-14-quais-celulares-vao-receber-a-atualizacao\/\" target=\"_blank\" rel=\"noreferrer noopener\">Android 14: quais celulares v\u00e3o receber a atualiza\u00e7\u00e3o<\/a><\/li>\n<\/ul>\n<h2>Migra\u00e7\u00e3o do 5G<\/h2>\n<figure class=\"wp-block-image size-large\"><img title = \"[Tags]\"loading=\"lazy\" decoding=\"async\" width=\"1024\" height=\"576\" src=\"https:\/\/img.olhardigital.com.br\/wp-content\/uploads\/2023\/05\/shutterstock_2280677505-1-e1685738500187-1024x576.jpg\"alt = \"shutterstock_2280677505-1-e1685738500187-1024x576 Esse \u00e9 o \u2018ano da virada\u2019 do 5G, diz executivo da Samsung\" class=\"wp-image-513486\" \/><figcaption>(Imagem: WiMax Photo\/Shutterstock)<\/figcaption><\/figure>\n<p>O vice-presidente da Samsung apontou que as operadoras t\u00eam interesse em fomentar esse mercado, porque investiram na infraestrutura.<\/p>\n<p>O executivo tamb\u00e9m citou como exemplo desse &#8220;ano da virada&#8221; a repercuss\u00e3o do lan\u00e7amento do Galaxy A14 5G, em abril. &#8220;Ele foi o nosso modelo mais vendido do Dia das M\u00e3es. Isso j\u00e1 mostra que o consumidor busca um produto com a \u00faltima tecnologia&#8221;, explicou.<\/p>\n<blockquote class=\"wp-block-quote\">\n<p>Naturalmente, com esse ciclo mais longo de produto, o consumidor quer comprar o produto que j\u00e1 tenha a \u00faltima tecnologia embarcada. N\u00f3s estamos nesse ponto da janela de migra\u00e7\u00e3o do 5G. Nosso entendimento \u00e9 que esse \u00e9 o &#8216;ano da virada&#8217; do 5G.<\/p>\n<p><cite>Gustavo Assun\u00e7\u00e3o, vice-presidente de Mobile Experience da Samsung, em entrevista ao Uol<\/cite><\/p><\/blockquote>\n<p>Assun\u00e7\u00e3o tamb\u00e9m comentou que o mercado est\u00e1 mais desafiador, &#8220;com a quest\u00e3o da economia global e dom\u00e9stica&#8221;. Por isso, ele acredita ser essencial &#8220;ter uma novidade para abordar o consumidor e encoraj\u00e1-los a trocar de aparelho com uma tecnologia melhor&#8221;.<\/p>\n<h2>Mercado da tecnologia<\/h2>\n<figure class=\"wp-block-image size-large\"><img title = \"[Tags]\"decoding=\"async\" loading=\"lazy\" width=\"1024\" height=\"576\" src=\"https:\/\/img.olhardigital.com.br\/wp-content\/uploads\/2023\/06\/Sistema-02-1024x576.jpg\"alt = \"shutterstock_2280677505-1-e1685738500187-1024x576 Esse \u00e9 o \u2018ano da virada\u2019 do 5G, diz executivo da Samsung\" class=\"wp-image-527420\" \/><figcaption>(Imagem: Florida Tech)<\/figcaption><\/figure>\n<p>Para o executivo da Samsung, no mercado da tecnologia, &#8220;uma marca morre por ano&#8221;. Para sobreviver nesse contexto, ele disse que as empresas precisam investir com inova\u00e7\u00e3o.<\/p>\n<blockquote class=\"wp-block-quote\">\n<p>Acho que esse \u00e9 o segredo da Samsung: uma busca incessante, essa obsess\u00e3o por ser pioneiro nas tecnologias. Isso \u00e9 infinito. Se voc\u00ea para, acaba sendo a pr\u00f3xima v\u00edtima da tecnologia.<\/p>\n<p><cite>Gustavo Assun\u00e7\u00e3o, vice-presidente de Mobile Experience da Samsung, em entrevista ao Uol<\/cite><\/p><\/blockquote>\n<p>Falando em inova\u00e7\u00e3o, o executivo contou que a Samsung tem investido, principalmente, nos processadores e c\u00e2meras dos seus modelos de smartphone, para mant\u00ea-los atrativos a consumidores em potencial.<\/p>\n<p>J\u00e1 em rela\u00e7\u00e3o a ferramentas de vendas que permitem que a pessoa tenha mais acesso \u00e0s tecnologias da marca, Assun\u00e7\u00e3o usou como exemplo o <a href=\"https:\/\/olhardigital.com.br\/2023\/04\/11\/dicas-e-tutoriais\/como-funciona-o-programa-eco-troca-da-samsung\/\" target=\"_blank\" rel=\"noreferrer noopener\">trade in<\/a>, em que a pessoa usa o aparelho antigo, que ela tem hoje, como parte do pagamento de um novo.<\/p>\n<p>Com informa\u00e7\u00f5es de <a href=\"https:\/\/economia.uol.com.br\/noticias\/redacao\/2023\/06\/02\/morre-uma-marca-por-ano-no-mercado-de-tecnologia-diz-vp-da-samsung.htm\" target=\"_blank\" rel=\"noreferrer noopener\">Uol<\/a><\/p>\n<p><strong>J\u00e1 assistiu aos novos v\u00eddeos no\u00a0<\/strong><a href=\"http:\/\/www.youtube.com\/channel\/UCGV72aVJuWP0QPNGH4YgIww?sub_confirmation=1\" target=\"_blank\" rel=\"noreferrer noopener\"><strong>YouTube<\/strong><\/a><strong>\u00a0do Olhar Digital? Inscreva-se no canal!<\/strong><\/p>\n<p>O post <a rel=\"nofollow\" href=\"https:\/\/olhardigital.com.br\/2023\/06\/02\/internet-e-redes-sociais\/esse-e-o-ano-da-virada-do-5g-diz-executivo-da-samsung\/\">Esse \u00e9 o &#8216;ano da virada&#8217; do 5G, diz executivo da Samsung<\/a> apareceu primeiro em <a rel=\"nofollow\" href=\"https:\/\/olhardigital.com.br\">Olhar Digital<\/a>.<\/p>\n<p><br \/>\n<br \/><a href=\"https:\/\/olhardigital.com.br\/2023\/06\/02\/internet-e-redes-sociais\/esse-e-o-ano-da-virada-do-5g-diz-executivo-da-samsung\/\">Fonte do Artigo <\/a><br \/>\nTags:<\/p>\n<p><a title=\"Gestor de Tr\u00e1fego\" href=\"https:\/\/www.gestor-de-trafego.com\/\" target=\"_blank\" rel=\"noopener\"><strong>Gestor de Tr\u00e1fego<\/strong><\/a><\/p>\n<p><a href=\"https:\/\/wiy.com.br\/noticias\/categoria\/tecnologia\/\">#tecnologia<\/a> <a href=\"https:\/\/wiy.com.br\/noticias\/categoria\/tecnologia\/\">#tecnologias<\/a> <a href=\"https:\/\/wiy.com.br\/noticias\/categoria\/tecnologia\/\">#technology<\/a> <a href=\"https:\/\/wiy.com.br\/noticias\/categoria\/tecnologia\/\">#tecnolog<\/a> <a href=\"https:\/\/wiy.com.br\/noticias\/categoria\/tecnologia\/\">#iphone<\/a> <a href=\"https:\/\/wiy.com.br\/noticias\/categoria\/tecnologia\/\">#informatica<\/a> <a href=\"https:\/\/wiy.com.br\/noticias\/categoria\/tecnologia\/\">#tech<\/a> <a href=\"https:\/\/wiy.com.br\/noticias\/categoria\/tecnologia\/\">#design<\/a> <a href=\"https:\/\/wiy.com.br\/noticias\/categoria\/tecnologia\/\">#samsung<\/a> <a href=\"https:\/\/wiy.com.br\/noticias\/categoria\/tecnologia\/\">#internet<\/a> <a href=\"https:\/\/wiy.com.br\/noticias\/categoria\/tecnologia\/\">#apple<\/a> <a href=\"https:\/\/wiy.com.br\/noticias\/categoria\/tecnologia\/\">#smartphone<\/a> <a href=\"https:\/\/wiy.com.br\/noticias\/categoria\/tecnologia\/\">#seguranca<\/a> <a href=\"https:\/\/wiy.com.br\/noticias\/categoria\/tecnologia\/\">#venezuela<\/a> <a href=\"https:\/\/wiy.com.br\/noticias\/categoria\/tecnologia\/\">#celular<\/a> <a href=\"https:\/\/wiy.com.br\/noticias\/categoria\/tecnologia\/\">#celulares<\/a> <a href=\"https:\/\/wiy.com.br\/noticias\/categoria\/tecnologia\/\">#inovar<\/a> <a href=\"https:\/\/wiy.com.br\/noticias\/categoria\/tecnologia\/\">#qualidade<\/a> <a href=\"https:\/\/wiy.com.br\/noticias\/categoria\/tecnologia\/\">#software<\/a> <a href=\"https:\/\/wiy.com.br\/noticias\/categoria\/tecnologia\/\">#empresas<\/a> <a href=\"https:\/\/wiy.com.br\/noticias\/categoria\/tecnologia\/\">#cursos<\/a> <a href=\"https:\/\/wiy.com.br\/noticias\/categoria\/tecnologia\/\">#engenharia<\/a> <a href=\"https:\/\/wiy.com.br\/noticias\/categoria\/tecnologia\/\">#industria<\/a> <a href=\"https:\/\/wiy.com.br\/noticias\/categoria\/tecnologia\/\">#marketing<\/a> <a href=\"https:\/\/wiy.com.br\/noticias\/categoria\/tecnologia\/\">#ti<\/a> <a href=\"https:\/\/wiy.com.br\/noticias\/categoria\/tecnologia\/\">#tecnoblog<\/a> <a href=\"https:\/\/wiy.com.br\/noticias\/categoria\/tecnologia\/\">#veja<\/a> <a href=\"https:\/\/wiy.com.br\/noticias\/categoria\/tecnologia\/\">#olhardigital<\/a> <a href=\"https:\/\/wiy.com.br\/noticias\/categoria\/tecnologia\/\">#mundodigital<\/a> <a href=\"https:\/\/wiy.com.br\/noticias\/categoria\/tecnologia\/\">#inteligenciaartificial<\/a> <a href=\"https:\/\/wiy.com.br\/criacao-de-sites\/\">#criar site<\/a> <a href=\"https:\/\/wiy.com.br\/criacao-de-sites\/\">#criar site curitiba<\/a> <a href=\"https:\/\/wiy.com.br\/criacao-de-sites\/\">#wiysolutions<\/a><\/p>\n<p><a href=\"https:\/\/www.comprar-cytotec.com\/\">#Comprar Cytotec<\/a><a href=\"https:\/\/www.cytotecfacil.com\/\">#Cytotec Comprar<\/a><a href=\"https:\/\/www.cytotecbrasil.org\/\">#Cytotec Brasil<\/a><br \/>\n#Esse #ano #virada #diz #executivo #Samsung<\/p>\n","protected":false},"excerpt":{"rendered":"<p>As pessoas t\u00eam demorado mais para trocar seus celulares, gra\u00e7as ao desenvolvimento de baterias mais dur\u00e1veis e processadores mais r\u00e1pidos. Mas a chegada do 5G no Brasil fez o mercado ferver. Para Gustavo Assun\u00e7\u00e3o, vice-presidente de Mobile Experience da Samsung, \u00e9 o &#8220;ano da virada&#8221; da tecnologia no pa\u00eds. Para quem tem pressa: As pessoas [&hellip;]<\/p>\n","protected":false},"author":1,"featured_media":78084,"comment_status":"open","ping_status":"open","sticky":false,"template":"","format":"standard","meta":{"footnotes":""},"categories":[5],"tags":[],"class_list":["post-78083","post","type-post","status-publish","format-standard","has-post-thumbnail","hentry","category-tecnologia"],"_links":{"self":[{"href":"https:\/\/wiy.com.br\/noticias\/wp-json\/wp\/v2\/posts\/78083","targetHints":{"allow":["GET"]}}],"collection":[{"href":"https:\/\/wiy.com.br\/noticias\/wp-json\/wp\/v2\/posts"}],"about":[{"href":"https:\/\/wiy.com.br\/noticias\/wp-json\/wp\/v2\/types\/post"}],"author":[{"embeddable":true,"href":"https:\/\/wiy.com.br\/noticias\/wp-json\/wp\/v2\/users\/1"}],"replies":[{"embeddable":true,"href":"https:\/\/wiy.com.br\/noticias\/wp-json\/wp\/v2\/comments?post=78083"}],"version-history":[{"count":0,"href":"https:\/\/wiy.com.br\/noticias\/wp-json\/wp\/v2\/posts\/78083\/revisions"}],"wp:featuredmedia":[{"embeddable":true,"href":"https:\/\/wiy.com.br\/noticias\/wp-json\/wp\/v2\/media\/78084"}],"wp:attachment":[{"href":"https:\/\/wiy.com.br\/noticias\/wp-json\/wp\/v2\/media?parent=78083"}],"wp:term":[{"taxonomy":"category","embeddable":true,"href":"https:\/\/wiy.com.br\/noticias\/wp-json\/wp\/v2\/categories?post=78083"},{"taxonomy":"post_tag","embeddable":true,"href":"https:\/\/wiy.com.br\/noticias\/wp-json\/wp\/v2\/tags?post=78083"}],"curies":[{"name":"wp","href":"https:\/\/api.w.org\/{rel}","templated":true}]}}