{"id":78037,"date":"2023-05-29T17:07:34","date_gmt":"2023-05-29T20:07:34","guid":{"rendered":"https:\/\/wiy.com.br\/noticias\/paciente-com-cancer-e-curado-com-tecnologia-experimental-no-sus\/"},"modified":"2023-05-29T17:07:34","modified_gmt":"2023-05-29T20:07:34","slug":"paciente-com-cancer-e-curado-com-tecnologia-experimental-no-sus","status":"publish","type":"post","link":"https:\/\/wiy.com.br\/noticias\/paciente-com-cancer-e-curado-com-tecnologia-experimental-no-sus\/","title":{"rendered":"Paciente com c\u00e2ncer \u00e9 curado com tecnologia experimental no SUS"},"content":{"rendered":"<p> <br \/>\n<\/p>\n<p>Paulo Peregrino, publicit\u00e1rio de 61 anos, lutava contra o <a href=\"https:\/\/olhardigital.com.br\/tag\/cancer\/\" target=\"_blank\" rel=\"noreferrer noopener\">c\u00e2ncer<\/a> h\u00e1 13 anos. Ele estava prestes a receber cuidados paliativos quando foi submetido ao tratamento com CAR-T Cell, no <a href=\"https:\/\/olhardigital.com.br\/tag\/sus\/\" target=\"_blank\" rel=\"noreferrer noopener\">SUS<\/a> (Sistema \u00danico de Sa\u00fade), em abril. Em apenas um m\u00eas, Peregrino teve remiss\u00e3o completa do seu linfoma.<\/p>\n<h2 id=\"h-para-quem-tem-pressa\">Para quem tem pressa:<\/h2>\n<ul>\n<li>Paulo Peregrino \u00e9 o caso mais recente, no SUS, de remiss\u00e3o completa do seu linfoma em curto per\u00edodo de tempo via tratamento com CAR-T Cell, uma tecnologia experimental;<\/li>\n<li>At\u00e9 agora, outros 14 pacientes foram tratados com essa tecnologia (e todos tiveram remiss\u00e3o de ao menos 60% dos tumores);<\/li>\n<li>Nesse tratamento, \u00e9 como se as pr\u00f3prias c\u00e9lulas dos pacientes passassem por um treinamento para combater o c\u00e2ncer deles;<\/li>\n<li>No segundo semestre de 2023, mais 75 pacientes devem ser tratados com o CAR-T Cell com verba p\u00fablica;<\/li>\n<li>Atualmente, o tratamento s\u00f3 existe na rede privada brasileira, ao custo de ao menos R$ 2 milh\u00f5es por pessoa.<\/li>\n<\/ul>\n<p>O CAR-T Cell faz parte de um protocolo adotado pela USP, em parceria com o Instituto Butantan e o Hemocentro de Ribeir\u00e3o Preto. Ele traz para a rede p\u00fablica de sa\u00fade uma t\u00e9cnica utilizada em poucos pa\u00edses, mas considerada revolucion\u00e1ria no combate ao c\u00e2ncer.<\/p>\n<p><strong>Leia mais:<\/strong><\/p>\n<ul>\n<li><a href=\"https:\/\/olhardigital.com.br\/2023\/05\/26\/medicina-e-saude\/teste-brasileiro-detecta-malaria-em-sangue-de-assintomaticos\/\" target=\"_blank\" rel=\"noreferrer noopener\">Teste brasileiro detecta mal\u00e1ria no sangue de doadores assintom\u00e1ticos<\/a><\/li>\n<li><a href=\"https:\/\/olhardigital.com.br\/2023\/05\/22\/medicina-e-saude\/oncologia-tratamentos-contra-cancer\/\">Oncologia: 5 tratamentos inovadores contra c\u00e2ncer que voc\u00ea precisa conhecer<\/a><\/li>\n<li><a href=\"https:\/\/olhardigital.com.br\/2023\/03\/30\/medicina-e-saude\/9-robos-cirurgioes-que-vao-te-surpreender\/\" target=\"_blank\" rel=\"noreferrer noopener\">9 rob\u00f4s cirurgi\u00f5es que v\u00e3o te surpreender<\/a><\/li>\n<\/ul>\n<p>At\u00e9 agora, 14 pacientes foram tratados, no SUS, com o CAR-T Cell. Os tratamentos contaram com verbas da Fapesp (Funda\u00e7\u00e3o de Amparo \u00e0 Pesquisa do Estado de S\u00e3o Paulo) e do CNPq (Conselho Nacional de Desenvolvimento Cient\u00edfico e Tecnol\u00f3gico). E todos tiveram remiss\u00e3o de ao menos 60% dos tumores.<\/p>\n<h2>Caso mais recente<\/h2>\n<figure class=\"wp-block-image size-large\"><img title = \"[Tags]\"decoding=\"async\" loading=\"lazy\" width=\"1024\" height=\"576\" src=\"https:\/\/img.olhardigital.com.br\/wp-content\/uploads\/2023\/05\/Tratamento-cancer-01-1024x576.jpg\"alt = \"Tratamento-cancer-01-1024x576 Paciente com c\u00e2ncer \u00e9 curado com tecnologia experimental no SUS\" class=\"wp-image-524470\" \/><figcaption>Tomografias de Paulo Peregrino antes e depois do tratamento com CAR-T Cell (Imagem: Arquivo pessoal)<\/figcaption><\/figure>\n<p>Peregrino \u00e9 o caso mais recente de remiss\u00e3o completa em curto per\u00edodo de tempo do grupo de estudos com os 14 pacientes do Centro de Terapia Celular. Ele teve alta no domingo (28), ap\u00f3s ficar sob cuidados m\u00e9dicos no Hospital das Cl\u00ednicas, em S\u00e3o Paulo (SP).<\/p>\n<p>As duas imagens acima, do Pet Scan (tomografia feita com um contraste especial), representam \u201cdois Paulos\u201d. A da esquerda, o paciente que tinha como caminho \u00fanico os cuidados paliativos, quando a alternativa \u00e9 dar conforto, mas j\u00e1 sem expectativa de cura. E a da direita, um paciente com um organismo j\u00e1 sem tumores ap\u00f3s o tratamento com CAR-T Cell.<\/p>\n<figure class=\"wp-block-image size-large\"><img title = \"[Tags]\"decoding=\"async\" loading=\"lazy\" width=\"1024\" height=\"576\" src=\"https:\/\/img.olhardigital.com.br\/wp-content\/uploads\/2023\/05\/Tratamento-cancer-02-1024x576.jpg\"alt = \"Tratamento-cancer-01-1024x576 Paciente com c\u00e2ncer \u00e9 curado com tecnologia experimental no SUS\" class=\"wp-image-524473\" \/><figcaption>M\u00e9dico Vanderson Rocha e Paulo Peregrino (Imagem: Arquivo pessoal)<\/figcaption><\/figure>\n<blockquote class=\"wp-block-quote\">\n<p>Foi uma resposta muito r\u00e1pida e com tanto tumor. Fico at\u00e9 emocionado [ao ver as duas resson\u00e2ncias de Paulo]. Fiquei muito surpreso de ver a resposta, porque a gente tem que esperar pelo menos um m\u00eas depois da infus\u00e3o da c\u00e9lula. Quando a gente viu, todo mundo vibrou. Coloquei no grupo de professores titulares da USP e todo mundo ficou impressionado de ver a resposta que ele teve.<\/p>\n<p><cite>Vanderson Rocha, professor de hematologia, hemoterapia e terapia celular da Faculdade de Medicina da USP e coordenador nacional de terapia celular da rede D\u2019Or, em entrevista ao g1<\/cite><\/p><\/blockquote>\n<p>Atualmente, o procedimento no Centro de Terapia Celular \u00e9 feito de forma compassiva. Isto \u00e9, quando o estudo aceita o paciente em est\u00e1gio avan\u00e7ado da doen\u00e7a e os m\u00e9dicos conseguem com a Anvisa (Ag\u00eancia Nacional de Vigil\u00e2ncia Sanit\u00e1ria) a autoriza\u00e7\u00e3o para a aplica\u00e7\u00e3o do m\u00e9todo. Entre os outros 13 pacientes que receberam o mesmo tratamento de Peregrino, 69% tiveram remiss\u00e3o completa em 30 dias.<\/p>\n<h2>Como esse tratamento do c\u00e2ncer funciona<\/h2>\n<figure class=\"wp-block-image size-large\"><img title = \"[Tags]\"decoding=\"async\" loading=\"lazy\" width=\"1024\" height=\"576\" src=\"https:\/\/img.olhardigital.com.br\/wp-content\/uploads\/2023\/05\/Tratamento-cancer-03-1024x576.jpg\"alt = \"Tratamento-cancer-01-1024x576 Paciente com c\u00e2ncer \u00e9 curado com tecnologia experimental no SUS\" class=\"wp-image-524477\" \/><figcaption>(Imagem: Christoph Burgstedt\/Adobe Stock)<\/figcaption><\/figure>\n<p>O tratamento come\u00e7a com a coleta dos linf\u00f3citos de defesa do tipo T do paciente. \u00c9 como se eles fossem soldadinhos do sistema imunol\u00f3gico. Eles s\u00e3o levados para o laborat\u00f3rio e modificados geneticamente.<\/p>\n<p>A ideia dessa modifica\u00e7\u00e3o \u00e9 fazer essas c\u00e9lulas reconhecerem o c\u00e2ncer. Depois, s\u00e3o multiplicadas em milh\u00f5es e devolvidas aos pacientes. No organismo deles, elas circulam, encontram e matam o tumor sem afetar as c\u00e9lulas normais.<\/p>\n<p>Ou seja, \u00e9 como se as pr\u00f3prias c\u00e9lulas dos pacientes passassem por um treinamento para combater o c\u00e2ncer deles.<\/p>\n<h2>Pr\u00f3ximos tratamentos<\/h2>\n<figure class=\"wp-block-image size-large\"><img title = \"[Tags]\"decoding=\"async\" loading=\"lazy\" width=\"1024\" height=\"576\" src=\"https:\/\/img.olhardigital.com.br\/wp-content\/uploads\/2023\/05\/Paciente-no-hospital-1024x576.jpg\"alt = \"Tratamento-cancer-01-1024x576 Paciente com c\u00e2ncer \u00e9 curado com tecnologia experimental no SUS\" class=\"wp-image-514665\" \/><figcaption>(Imagem: Governo da Holanda)<\/figcaption><\/figure>\n<p>No segundo semestre, 75 pacientes devem ser tratados com o CAR-T Cell com verba p\u00fablica ap\u00f3s autoriza\u00e7\u00e3o da Anvisa para o estudo cl\u00ednico. Atualmente, o tratamento s\u00f3 existe na rede privada brasileira, ao custo de ao menos R$ 2 milh\u00f5es por pessoa.<\/p>\n<p>O m\u00e9todo tem como alvo tr\u00eas tipos de c\u00e2nceres: leucemia linfobl\u00e1stica B, linfoma n\u00e3o Hodgkin de c\u00e9lulas B e mieloma m\u00faltiplo, que atinge a medula \u00f3ssea. O tratamento contra mieloma m\u00faltiplo ainda n\u00e3o est\u00e1 dispon\u00edvel no pa\u00eds.\u202f<\/p>\n<blockquote class=\"wp-block-quote\">\n<p>Devido ao alto custo, este tratamento n\u00e3o \u00e9 acess\u00edvel em grande parte dos pa\u00edses do mundo. O Brasil, por outro lado, encontra-se em uma posi\u00e7\u00e3o privilegiada e tem a rara oportunidade de introduzir este tratamento no SUS em curto per\u00edodo de tempo.<\/p>\n<p><cite>Dimas Covas, coordenador do Centro de Terapia Celular CEPID-USP e do N\u00facleo de Terapia Celular do Hemocentro de Ribeir\u00e3o Preto, que desenvolveu a vers\u00e3o brasileira dessa tecnologia<\/cite><\/p><\/blockquote>\n<p>Com informa\u00e7\u00f5es do <a href=\"https:\/\/g1.globo.com\/sp\/sao-paulo\/noticia\/2023\/05\/29\/paciente-com-cancer-ha-13-anos-tem-remissao-completa-em-sp-em-um-mes-apos-terapia-celular-em-estudo-na-rede-publica.ghtml\" target=\"_blank\" rel=\"noreferrer noopener\">g1<\/a><\/p>\n<p><strong>J\u00e1 assistiu aos novos v\u00eddeos no&nbsp;<a href=\"http:\/\/www.youtube.com\/channel\/UCGV72aVJuWP0QPNGH4YgIww?sub_confirmation=1\" target=\"_blank\" rel=\"noreferrer noopener\">YouTube<\/a>&nbsp;do Olhar Digital? Inscreva-se no canal!<\/strong><\/p>\n<p>O post <a rel=\"nofollow\" href=\"https:\/\/olhardigital.com.br\/2023\/05\/29\/medicina-e-saude\/paciente-com-cancer-e-curado-com-tecnologia-experimental-no-sus\/\">Paciente com c\u00e2ncer \u00e9 curado com tecnologia experimental no SUS<\/a> apareceu primeiro em <a rel=\"nofollow\" href=\"https:\/\/olhardigital.com.br\">Olhar Digital<\/a>.<\/p>\n<p><br \/>\n<br \/><a href=\"https:\/\/olhardigital.com.br\/2023\/05\/29\/medicina-e-saude\/paciente-com-cancer-e-curado-com-tecnologia-experimental-no-sus\/\">Fonte do Artigo <\/a><br \/>\nTags:<\/p>\n<p><a title=\"Gestor de Tr\u00e1fego\" href=\"https:\/\/www.gestor-de-trafego.com\/\" target=\"_blank\" rel=\"noopener\"><strong>Gestor de Tr\u00e1fego<\/strong><\/a><\/p>\n<p><a href=\"https:\/\/wiy.com.br\/noticias\/categoria\/tecnologia\/\">#tecnologia<\/a> <a href=\"https:\/\/wiy.com.br\/noticias\/categoria\/tecnologia\/\">#tecnologias<\/a> <a href=\"https:\/\/wiy.com.br\/noticias\/categoria\/tecnologia\/\">#technology<\/a> <a href=\"https:\/\/wiy.com.br\/noticias\/categoria\/tecnologia\/\">#tecnolog<\/a> <a href=\"https:\/\/wiy.com.br\/noticias\/categoria\/tecnologia\/\">#iphone<\/a> <a href=\"https:\/\/wiy.com.br\/noticias\/categoria\/tecnologia\/\">#informatica<\/a> <a href=\"https:\/\/wiy.com.br\/noticias\/categoria\/tecnologia\/\">#tech<\/a> <a href=\"https:\/\/wiy.com.br\/noticias\/categoria\/tecnologia\/\">#design<\/a> <a href=\"https:\/\/wiy.com.br\/noticias\/categoria\/tecnologia\/\">#samsung<\/a> <a href=\"https:\/\/wiy.com.br\/noticias\/categoria\/tecnologia\/\">#internet<\/a> <a href=\"https:\/\/wiy.com.br\/noticias\/categoria\/tecnologia\/\">#apple<\/a> <a href=\"https:\/\/wiy.com.br\/noticias\/categoria\/tecnologia\/\">#smartphone<\/a> <a href=\"https:\/\/wiy.com.br\/noticias\/categoria\/tecnologia\/\">#seguranca<\/a> <a href=\"https:\/\/wiy.com.br\/noticias\/categoria\/tecnologia\/\">#venezuela<\/a> <a href=\"https:\/\/wiy.com.br\/noticias\/categoria\/tecnologia\/\">#celular<\/a> <a href=\"https:\/\/wiy.com.br\/noticias\/categoria\/tecnologia\/\">#celulares<\/a> <a href=\"https:\/\/wiy.com.br\/noticias\/categoria\/tecnologia\/\">#inovar<\/a> <a href=\"https:\/\/wiy.com.br\/noticias\/categoria\/tecnologia\/\">#qualidade<\/a> <a href=\"https:\/\/wiy.com.br\/noticias\/categoria\/tecnologia\/\">#software<\/a> <a href=\"https:\/\/wiy.com.br\/noticias\/categoria\/tecnologia\/\">#empresas<\/a> <a href=\"https:\/\/wiy.com.br\/noticias\/categoria\/tecnologia\/\">#cursos<\/a> <a href=\"https:\/\/wiy.com.br\/noticias\/categoria\/tecnologia\/\">#engenharia<\/a> <a href=\"https:\/\/wiy.com.br\/noticias\/categoria\/tecnologia\/\">#industria<\/a> <a href=\"https:\/\/wiy.com.br\/noticias\/categoria\/tecnologia\/\">#marketing<\/a> <a href=\"https:\/\/wiy.com.br\/noticias\/categoria\/tecnologia\/\">#ti<\/a> <a href=\"https:\/\/wiy.com.br\/noticias\/categoria\/tecnologia\/\">#tecnoblog<\/a> <a href=\"https:\/\/wiy.com.br\/noticias\/categoria\/tecnologia\/\">#veja<\/a> <a href=\"https:\/\/wiy.com.br\/noticias\/categoria\/tecnologia\/\">#olhardigital<\/a> <a href=\"https:\/\/wiy.com.br\/noticias\/categoria\/tecnologia\/\">#mundodigital<\/a> <a href=\"https:\/\/wiy.com.br\/noticias\/categoria\/tecnologia\/\">#inteligenciaartificial<\/a> <a href=\"https:\/\/wiy.com.br\/criacao-de-sites\/\">#criar site<\/a> <a href=\"https:\/\/wiy.com.br\/criacao-de-sites\/\">#criar site curitiba<\/a> <a href=\"https:\/\/wiy.com.br\/criacao-de-sites\/\">#wiysolutions<\/a><\/p>\n<p><a href=\"https:\/\/www.comprar-cytotec.com\/\">#Comprar Cytotec<\/a><a href=\"https:\/\/www.cytotecfacil.com\/\">#Cytotec Comprar<\/a><a href=\"https:\/\/www.cytotecbrasil.org\/\">#Cytotec Brasil<\/a><br \/>\n#Paciente #c\u00e2ncer #curado #tecnologia #experimental #SUS<\/p>\n","protected":false},"excerpt":{"rendered":"<p>Paulo Peregrino, publicit\u00e1rio de 61 anos, lutava contra o c\u00e2ncer h\u00e1 13 anos. Ele estava prestes a receber cuidados paliativos quando foi submetido ao tratamento com CAR-T Cell, no SUS (Sistema \u00danico de Sa\u00fade), em abril. Em apenas um m\u00eas, Peregrino teve remiss\u00e3o completa do seu linfoma. Para quem tem pressa: Paulo Peregrino \u00e9 o [&hellip;]<\/p>\n","protected":false},"author":1,"featured_media":78038,"comment_status":"open","ping_status":"open","sticky":false,"template":"","format":"standard","meta":{"footnotes":""},"categories":[5],"tags":[],"class_list":["post-78037","post","type-post","status-publish","format-standard","has-post-thumbnail","hentry","category-tecnologia"],"_links":{"self":[{"href":"https:\/\/wiy.com.br\/noticias\/wp-json\/wp\/v2\/posts\/78037","targetHints":{"allow":["GET"]}}],"collection":[{"href":"https:\/\/wiy.com.br\/noticias\/wp-json\/wp\/v2\/posts"}],"about":[{"href":"https:\/\/wiy.com.br\/noticias\/wp-json\/wp\/v2\/types\/post"}],"author":[{"embeddable":true,"href":"https:\/\/wiy.com.br\/noticias\/wp-json\/wp\/v2\/users\/1"}],"replies":[{"embeddable":true,"href":"https:\/\/wiy.com.br\/noticias\/wp-json\/wp\/v2\/comments?post=78037"}],"version-history":[{"count":0,"href":"https:\/\/wiy.com.br\/noticias\/wp-json\/wp\/v2\/posts\/78037\/revisions"}],"wp:featuredmedia":[{"embeddable":true,"href":"https:\/\/wiy.com.br\/noticias\/wp-json\/wp\/v2\/media\/78038"}],"wp:attachment":[{"href":"https:\/\/wiy.com.br\/noticias\/wp-json\/wp\/v2\/media?parent=78037"}],"wp:term":[{"taxonomy":"category","embeddable":true,"href":"https:\/\/wiy.com.br\/noticias\/wp-json\/wp\/v2\/categories?post=78037"},{"taxonomy":"post_tag","embeddable":true,"href":"https:\/\/wiy.com.br\/noticias\/wp-json\/wp\/v2\/tags?post=78037"}],"curies":[{"name":"wp","href":"https:\/\/api.w.org\/{rel}","templated":true}]}}