{"id":78021,"date":"2023-05-29T17:04:55","date_gmt":"2023-05-29T20:04:55","guid":{"rendered":"https:\/\/wiy.com.br\/noticias\/descoberta-a-pegada-de-homo-sapiens-mais-antiga-do-mundo\/"},"modified":"2023-05-29T17:04:55","modified_gmt":"2023-05-29T20:04:55","slug":"descoberta-a-pegada-de-homo-sapiens-mais-antiga-do-mundo","status":"publish","type":"post","link":"https:\/\/wiy.com.br\/noticias\/descoberta-a-pegada-de-homo-sapiens-mais-antiga-do-mundo\/","title":{"rendered":"Descoberta a pegada de Homo sapiens mais antiga do mundo"},"content":{"rendered":"<p> <br \/>\n<\/p>\n<p>Em um artigo publicado recentemente na revista <a href=\"https:\/\/www.tandfonline.com\/doi\/abs\/10.1080\/10420940.2023.2204231?journalCode=gich20\" target=\"_blank\" rel=\"noreferrer noopener nofollow\"><em>Ichnos<\/em><\/a>, pesquisadores forneceram as idades de sete f\u00f3sseis rec\u00e9m-datados de <a href=\"https:\/\/olhardigital.com.br\/tag\/ancestrais\/\" target=\"_blank\" rel=\"noreferrer noopener\">ancestrais <\/a>humanos encontrados nos \u00faltimos cinco anos na costa sul do Cabo, na <a href=\"https:\/\/olhardigital.com.br\/tag\/africa-do-sul\/\" target=\"_blank\" rel=\"noreferrer noopener\">\u00c1frica do Sul<\/a>. Entre esses vest\u00edgios, est\u00e1 a pegada mais antiga de <em>Homo sapiens<\/em> j\u00e1 descoberta em todo o mundo, que remonta a 153 mil anos.<\/p>\n<p>Segundo os autores, os sete f\u00f3sseis, cujo mais recente tem 71 mil anos, juntamente com outras evid\u00eancias, incluindo o desenvolvimento de sofisticadas <a href=\"https:\/\/olhardigital.com.br\/2023\/02\/10\/ciencia-e-espaco\/estas-antigas-ferramentas-de-pedra-nao-foram-feitas-por-humanos\/\" target=\"_blank\" rel=\"noreferrer noopener\">ferramentas de pedra<\/a>, arte, joalheria e colheita de mariscos, confirma que a regi\u00e3o foi uma \u00e1rea na qual os primeiros humanos anatomicamente modernos sobreviveram, evolu\u00edram e prosperaram, antes de se espalharem da \u00c1frica para outros continentes.<\/p>\n<figure class=\"wp-block-image size-large\"><img title = \"[Tags]\"decoding=\"async\" loading=\"lazy\" width=\"1024\" height=\"937\" src=\"https:\/\/img.olhardigital.com.br\/wp-content\/uploads\/2023\/05\/homo-sapiens-pegada-1024x937.webp\"alt = \"homo-sapiens-pegada-1024x937 Descoberta a pegada de Homo sapiens mais antiga do mundo\" class=\"wp-image-524534\" \/><figcaption>A pegada mais antiga conhecida da nossa esp\u00e9cie, levemente contornada com giz. Segundo os arque\u00f3logos, o registro parece longo e estreito porque o homin\u00eddeo que o produziu teria arrastado o calcanhar. Cr\u00e9dito: Charles Helm<br \/>\n<\/figcaption><\/figure>\n<h2 id=\"h-africa-tem-sitios-arqueologicos-distintos-conforme-a-regiao\"><strong>\u00c1frica tem s\u00edtios arqueol\u00f3gicos distintos conforme a regi\u00e3o<\/strong><\/h2>\n<p>De acordo com o l\u00edder do estudo, Charles Helm, pesquisador associado do Centro Africano de Paleoci\u00eancia Costeira, da Universidade Nelson Mandela, existem diferen\u00e7as significativas entre os s\u00edtios arqueol\u00f3gicos distribu\u00eddos ao longo do continente africano.<\/p>\n<p>Os da \u00c1frica Oriental s\u00e3o muito mais antigos: Laetoli, na <a href=\"https:\/\/olhardigital.com.br\/2021\/12\/01\/ciencia-e-espaco\/estudo-comprova-que-pegadas-antigas-na-tanzania-sao-mesmo-de-humanos\/\" target=\"_blank\" rel=\"noreferrer noopener\">Tanz\u00e2nia<\/a>, tem 3,66 milh\u00f5es de anos, e Koobi Fora, no Qu\u00eania, 700 mil. Assim, os rastros encontrados nesses locais foram feitos por esp\u00e9cies anteriores ao <em>Homo sapiens<\/em>, como australopitecos, <em>Homo heidelbergensis<\/em> e<em> Homo erectus<\/em>. Na maioria das vezes, os f\u00f3sseis descobertos nesses lugares tiveram que ser cuidadosamente escavados para emergir \u00e0 superf\u00edcie.<\/p>\n<p>J\u00e1 os s\u00edtios da \u00c1frica do Sul, por outro lado, s\u00e3o substancialmente mais jovens. Todos foram atribu\u00eddos ao <em>Homo sapiens<\/em>. Nesses locais, os rastros descobertos est\u00e3o totalmente expostos, em rochas conhecidas como eolianitas, que s\u00e3o dunas antigas petrificadas pelo vento no decorrer dos anos.<\/p>\n<p>Portanto, nessa regi\u00e3o, a escava\u00e7\u00e3o geralmente \u00e9 dispensada, e, por causa da exposi\u00e7\u00e3o dos locais \u00e0 eros\u00e3o e da natureza relativamente grosseira da areia das dunas, eles normalmente n\u00e3o s\u00e3o t\u00e3o bem preservados quanto os s\u00edtios da \u00c1frica Oriental.&nbsp;<\/p>\n<p><strong>Leia mais:<\/strong><\/p>\n<ul>\n<li><a href=\"https:\/\/olhardigital.com.br\/2022\/10\/17\/ciencia-e-espaco\/neandertais-e-homo-sapiens-viveram-juntos-por-milhares-de-anos\/\" target=\"_blank\" rel=\"noreferrer noopener\">Neandertais e homo sapiens viveram juntos por milhares de anos<\/a><\/li>\n<li><a href=\"https:\/\/olhardigital.com.br\/2022\/01\/12\/ciencia-e-espaco\/o-mais-antigo-fossil-humano-e-ainda-mais-antigo-do-que-se-pensava-diz-estudo\/\" target=\"_blank\" rel=\"noreferrer noopener\">O mais antigo f\u00f3ssil humano \u00e9 ainda mais antigo do que se pensava, diz estudo<\/a><\/li>\n<li><a href=\"https:\/\/olhardigital.com.br\/2021\/06\/25\/ciencia-e-espaco\/homo-longi-pode-ser-parente-mais-proximo-dos-homo-sapiens\/\" target=\"_blank\" rel=\"noreferrer noopener\">Homo longi, o \u201chomem-drag\u00e3o\u201d, pode substituir os Neandertais como nosso parente mais pr\u00f3ximo<\/a><\/li>\n<\/ul>\n<h2 id=\"h-como-foi-revelada-a-pegada-de-homo-sapiens-mais-antiga-do-mundo\"><strong>Como foi revelada a pegada de Homo sapiens mais antiga do mundo<\/strong><\/h2>\n<p>Embora isso limite o potencial de interpreta\u00e7\u00e3o detalhada, uma t\u00e9cnica espec\u00edfica torna poss\u00edvel datar os dep\u00f3sitos: a luminesc\u00eancia opticamente estimulada.<\/p>\n<p>Segundo Helm relatou ao site <em>The Conversation<\/em>, determinar a idade dos materiais \u00e9 um dos principais desafios ao estudar o paleoregistro \u2013 rastros, f\u00f3sseis ou qualquer outro tipo de sedimento antigo. \u201cSem isso, \u00e9 dif\u00edcil avaliar o significado mais amplo de um achado, ou interpretar as mudan\u00e7as clim\u00e1ticas que criam o registro geol\u00f3gico. No caso dos eolianitos da costa sul do Cabo, o m\u00e9todo de data\u00e7\u00e3o escolhido \u00e9 frequentemente a luminesc\u00eancia opticamente estimulada\u201d.<\/p>\n<figure class=\"wp-block-image size-full\"><img title = \"[Tags]\"decoding=\"async\" loading=\"lazy\" width=\"1024\" height=\"768\" src=\"https:\/\/img.olhardigital.com.br\/wp-content\/uploads\/2023\/05\/luminescencia-opticamente-estimulada.jpg\"alt = \"homo-sapiens-pegada-1024x937 Descoberta a pegada de Homo sapiens mais antiga do mundo\" class=\"wp-image-524543\" \/><figcaption>M\u00e9todo da luminesc\u00eancia opticamente estimulada \u00e9 fundamental para datar registros f\u00f3sseis dos eolianitos da costa sul do Cabo, na \u00c1frica do Sul. Cr\u00e9dito: Geoff Duller (Aberystwyth University).<\/figcaption><\/figure>\n<p>O pesquisador explica que esse m\u00e9todo de data\u00e7\u00e3o mostra h\u00e1 quanto tempo um gr\u00e3o de areia foi exposto \u00e0 luz solar. \u201cEm outras palavras, h\u00e1 quanto tempo aquela parte do sedimento est\u00e1 enterrada\u201d.&nbsp;<\/p>\n<p>Dada a forma como as trilhas neste estudo foram formadas \u2013 impress\u00f5es feitas na areia molhada, seguidas de enterro com areia recente \u2013 esse \u00e9 um bom m\u00e9todo, segundo Helm, \u201cpois podemos estar razoavelmente confiantes de que o \u2018rel\u00f3gio\u2019 de data\u00e7\u00e3o come\u00e7ou mais ou menos na mesma \u00e9poca em que a pista foi criada\u201d.<\/p>\n<p>E a costa sul do Cabo \u00e9 um lugar prop\u00edcio para aplicar luminesc\u00eancia opticamente estimulada. \u201cPrimeiro, porque os sedimentos s\u00e3o ricos em gr\u00e3os de quartzo, que produzem muita luminesc\u00eancia. E segundo, porque o sol abundante, as praias largas e o transporte de areia pronto para formar dunas costeiras significam que quaisquer sinais de luminesc\u00eancia pr\u00e9-existentes s\u00e3o totalmente removidos antes do evento de sepultamento de interesse, tornando as estimativas de idade confi\u00e1veis\u201d.&nbsp;<\/p>\n<p>Esta t\u00e9cnica, segundo Helm, tem sustentado grande parte da data\u00e7\u00e3o de achados anteriores na \u00e1rea.<\/p>\n<p>O intervalo de datas geral das novas descobertas de trilhas deixadas por homin\u00eddeos \u00e9 consistente com as idades informadas em estudos relatados anteriormente de dep\u00f3sitos geol\u00f3gicos semelhantes na regi\u00e3o.<\/p>\n<p>A pegada de 153 mil anos foi encontrada no Parque Nacional Garden Route, a oeste da cidade costeira de Knysna, na costa sul do Cabo. Os dois s\u00edtios sul-africanos datados anteriormente, Nahoon e Langebaan, forneceram idades de cerca de 124 mil e 117 mil anos, respectivamente.<\/p>\n<p><strong>J\u00e1 assistiu aos novos v\u00eddeos no&nbsp;<\/strong><a href=\"http:\/\/www.youtube.com\/channel\/UCGV72aVJuWP0QPNGH4YgIww?sub_confirmation=1\" target=\"_blank\" rel=\"noreferrer noopener\"><strong>YouTube<\/strong><\/a><strong>&nbsp;do Olhar Digital? Inscreva-se no canal!<\/strong><\/p>\n<p>O post <a rel=\"nofollow\" href=\"https:\/\/olhardigital.com.br\/2023\/05\/29\/ciencia-e-espaco\/descoberta-a-pegada-de-homo-sapiens-mais-antiga-do-mundo\/\">Descoberta a pegada de Homo sapiens mais antiga do mundo<\/a> apareceu primeiro em <a rel=\"nofollow\" href=\"https:\/\/olhardigital.com.br\">Olhar Digital<\/a>.<\/p>\n<p><br \/>\n<br \/><a href=\"https:\/\/olhardigital.com.br\/2023\/05\/29\/ciencia-e-espaco\/descoberta-a-pegada-de-homo-sapiens-mais-antiga-do-mundo\/\">Fonte do Artigo <\/a><br \/>\nTags:<\/p>\n<p><a title=\"Gestor de Tr\u00e1fego\" href=\"https:\/\/www.gestor-de-trafego.com\/\" target=\"_blank\" rel=\"noopener\"><strong>Gestor de Tr\u00e1fego<\/strong><\/a><\/p>\n<p><a href=\"https:\/\/wiy.com.br\/noticias\/categoria\/tecnologia\/\">#tecnologia<\/a> <a href=\"https:\/\/wiy.com.br\/noticias\/categoria\/tecnologia\/\">#tecnologias<\/a> <a href=\"https:\/\/wiy.com.br\/noticias\/categoria\/tecnologia\/\">#technology<\/a> <a href=\"https:\/\/wiy.com.br\/noticias\/categoria\/tecnologia\/\">#tecnolog<\/a> <a href=\"https:\/\/wiy.com.br\/noticias\/categoria\/tecnologia\/\">#iphone<\/a> <a href=\"https:\/\/wiy.com.br\/noticias\/categoria\/tecnologia\/\">#informatica<\/a> <a href=\"https:\/\/wiy.com.br\/noticias\/categoria\/tecnologia\/\">#tech<\/a> <a href=\"https:\/\/wiy.com.br\/noticias\/categoria\/tecnologia\/\">#design<\/a> <a href=\"https:\/\/wiy.com.br\/noticias\/categoria\/tecnologia\/\">#samsung<\/a> <a href=\"https:\/\/wiy.com.br\/noticias\/categoria\/tecnologia\/\">#internet<\/a> <a href=\"https:\/\/wiy.com.br\/noticias\/categoria\/tecnologia\/\">#apple<\/a> <a href=\"https:\/\/wiy.com.br\/noticias\/categoria\/tecnologia\/\">#smartphone<\/a> <a href=\"https:\/\/wiy.com.br\/noticias\/categoria\/tecnologia\/\">#seguranca<\/a> <a href=\"https:\/\/wiy.com.br\/noticias\/categoria\/tecnologia\/\">#venezuela<\/a> <a href=\"https:\/\/wiy.com.br\/noticias\/categoria\/tecnologia\/\">#celular<\/a> <a href=\"https:\/\/wiy.com.br\/noticias\/categoria\/tecnologia\/\">#celulares<\/a> <a href=\"https:\/\/wiy.com.br\/noticias\/categoria\/tecnologia\/\">#inovar<\/a> <a href=\"https:\/\/wiy.com.br\/noticias\/categoria\/tecnologia\/\">#qualidade<\/a> <a href=\"https:\/\/wiy.com.br\/noticias\/categoria\/tecnologia\/\">#software<\/a> <a href=\"https:\/\/wiy.com.br\/noticias\/categoria\/tecnologia\/\">#empresas<\/a> <a href=\"https:\/\/wiy.com.br\/noticias\/categoria\/tecnologia\/\">#cursos<\/a> <a href=\"https:\/\/wiy.com.br\/noticias\/categoria\/tecnologia\/\">#engenharia<\/a> <a href=\"https:\/\/wiy.com.br\/noticias\/categoria\/tecnologia\/\">#industria<\/a> <a href=\"https:\/\/wiy.com.br\/noticias\/categoria\/tecnologia\/\">#marketing<\/a> <a href=\"https:\/\/wiy.com.br\/noticias\/categoria\/tecnologia\/\">#ti<\/a> <a href=\"https:\/\/wiy.com.br\/noticias\/categoria\/tecnologia\/\">#tecnoblog<\/a> <a href=\"https:\/\/wiy.com.br\/noticias\/categoria\/tecnologia\/\">#veja<\/a> <a href=\"https:\/\/wiy.com.br\/noticias\/categoria\/tecnologia\/\">#olhardigital<\/a> <a href=\"https:\/\/wiy.com.br\/noticias\/categoria\/tecnologia\/\">#mundodigital<\/a> <a href=\"https:\/\/wiy.com.br\/noticias\/categoria\/tecnologia\/\">#inteligenciaartificial<\/a> <a href=\"https:\/\/wiy.com.br\/criacao-de-sites\/\">#criar site<\/a> <a href=\"https:\/\/wiy.com.br\/criacao-de-sites\/\">#criar site curitiba<\/a> <a href=\"https:\/\/wiy.com.br\/criacao-de-sites\/\">#wiysolutions<\/a><\/p>\n<p><a href=\"https:\/\/www.comprar-cytotec.com\/\">#Comprar Cytotec<\/a><a href=\"https:\/\/www.cytotecfacil.com\/\">#Cytotec Comprar<\/a><a href=\"https:\/\/www.cytotecbrasil.org\/\">#Cytotec Brasil<\/a><br \/>\n#Descoberta #pegada #Homo #sapiens #mais #antiga #mundo<\/p>\n","protected":false},"excerpt":{"rendered":"<p>Em um artigo publicado recentemente na revista Ichnos, pesquisadores forneceram as idades de sete f\u00f3sseis rec\u00e9m-datados de ancestrais humanos encontrados nos \u00faltimos cinco anos na costa sul do Cabo, na \u00c1frica do Sul. Entre esses vest\u00edgios, est\u00e1 a pegada mais antiga de Homo sapiens j\u00e1 descoberta em todo o mundo, que remonta a 153 mil [&hellip;]<\/p>\n","protected":false},"author":1,"featured_media":78022,"comment_status":"open","ping_status":"open","sticky":false,"template":"","format":"standard","meta":{"footnotes":""},"categories":[5],"tags":[],"class_list":["post-78021","post","type-post","status-publish","format-standard","has-post-thumbnail","hentry","category-tecnologia"],"_links":{"self":[{"href":"https:\/\/wiy.com.br\/noticias\/wp-json\/wp\/v2\/posts\/78021","targetHints":{"allow":["GET"]}}],"collection":[{"href":"https:\/\/wiy.com.br\/noticias\/wp-json\/wp\/v2\/posts"}],"about":[{"href":"https:\/\/wiy.com.br\/noticias\/wp-json\/wp\/v2\/types\/post"}],"author":[{"embeddable":true,"href":"https:\/\/wiy.com.br\/noticias\/wp-json\/wp\/v2\/users\/1"}],"replies":[{"embeddable":true,"href":"https:\/\/wiy.com.br\/noticias\/wp-json\/wp\/v2\/comments?post=78021"}],"version-history":[{"count":0,"href":"https:\/\/wiy.com.br\/noticias\/wp-json\/wp\/v2\/posts\/78021\/revisions"}],"wp:featuredmedia":[{"embeddable":true,"href":"https:\/\/wiy.com.br\/noticias\/wp-json\/wp\/v2\/media\/78022"}],"wp:attachment":[{"href":"https:\/\/wiy.com.br\/noticias\/wp-json\/wp\/v2\/media?parent=78021"}],"wp:term":[{"taxonomy":"category","embeddable":true,"href":"https:\/\/wiy.com.br\/noticias\/wp-json\/wp\/v2\/categories?post=78021"},{"taxonomy":"post_tag","embeddable":true,"href":"https:\/\/wiy.com.br\/noticias\/wp-json\/wp\/v2\/tags?post=78021"}],"curies":[{"name":"wp","href":"https:\/\/api.w.org\/{rel}","templated":true}]}}