{"id":77897,"date":"2023-05-21T17:20:32","date_gmt":"2023-05-21T20:20:32","guid":{"rendered":"https:\/\/wiy.com.br\/noticias\/kombi-eletrica-esticada-ja-tem-data-de-lancamento-veja\/"},"modified":"2023-05-21T17:20:32","modified_gmt":"2023-05-21T20:20:32","slug":"kombi-eletrica-esticada-ja-tem-data-de-lancamento-veja","status":"publish","type":"post","link":"https:\/\/wiy.com.br\/noticias\/kombi-eletrica-esticada-ja-tem-data-de-lancamento-veja\/","title":{"rendered":"Kombi el\u00e9trica \u2018esticada\u2019 j\u00e1 tem data de lan\u00e7amento; veja!"},"content":{"rendered":"<p> <br \/>\n<\/p>\n<p>O <a href=\"https:\/\/olhardigital.com.br\/tag\/volkswagen\/\" target=\"_blank\" rel=\"noreferrer noopener\">Volkswagen<\/a> ID. Buzz &#8211; esp\u00e9cie de <a href=\"https:\/\/olhardigital.com.br\/tag\/kombi\/\" target=\"_blank\" rel=\"noreferrer noopener\">Kombi<\/a> el\u00e9trica &#8211; estreou h\u00e1 pouco mais de um ano, mas n\u00e3o na Am\u00e9rica do Norte. S\u00f3 que a montadora alem\u00e3 anunciou que modelo &#8220;esticado&#8221; do ve\u00edculo chega aos showrooms dessa parte das Am\u00e9ricas em 2 de junho.<\/p>\n<p>Na verdade, a VW quer garantir que ningu\u00e9m se esque\u00e7a desse dia, tanto agora quanto no futuro. Isso porque 2 de junho se tornar\u00e1 o &#8220;Dia Internacional do \u00d4nibus Volkswagen&#8221;, que ser\u00e1 celebrado anualmente com reuni\u00f5es cl\u00e1ssicas e el\u00e9tricas dos ve\u00edculos de grande porte da marca.<\/p>\n<p><strong>Leia mais:<\/strong><\/p>\n<ul>\n<li><a href=\"https:\/\/olhardigital.com.br\/2023\/05\/19\/carros-e-tecnologia\/vw-convoca-polo-virtus-saveiro-e-nivus-para-recall\/\">Recall: VW convoca Polo, Virtus, Saveiro e Nivus; entenda o motivo<\/a><\/li>\n<li><a href=\"https:\/\/olhardigital.com.br\/2023\/03\/07\/carros-e-tecnologia\/5-carros-0km-mais-baratos-para-comprar-no-brasil-em-2023\/\" target=\"_blank\" rel=\"noreferrer noopener\">5 carros 0Km mais baratos para comprar no Brasil em 2023<\/a><\/li>\n<li><a href=\"https:\/\/olhardigital.com.br\/2023\/02\/24\/carros-e-tecnologia\/por-que-os-carros-sao-tao-caros-no-brasil\/\" target=\"_blank\" rel=\"noreferrer noopener\">Por que os carros s\u00e3o t\u00e3o caros no Brasil?<\/a><\/li>\n<\/ul>\n<blockquote class=\"wp-block-quote\">\n<p>Quer voc\u00ea os chame de \u00d4nibus, Bullis ou Kombis, legado que os Type 2s deixaram na cultura moderna \u00e9 incompar\u00e1vel. \u00c0 medida que continuamos a apresentar o sucessor el\u00e9trico do s\u00e9culo 21 do T2, o ID. Buzz, estamos entusiasmados em criar este dia anual de celebra\u00e7\u00e3o para f\u00e3s e entusiastas de \u00f4nibus da Volkswagen em todos os lugares.<\/p>\n<p><cite>Cameron Batten, diretor de comunica\u00e7\u00f5es do VW Group na Am\u00e9rica<\/cite><\/p><\/blockquote>\n<h2 id=\"h-nova-kombi-eletrica\">Nova Kombi el\u00e9trica<\/h2>\n<figure class=\"wp-block-image size-large\"><img title = \"[Tags]\"decoding=\"async\" loading=\"lazy\" width=\"1024\" height=\"576\" src=\"https:\/\/img.olhardigital.com.br\/wp-content\/uploads\/2023\/05\/Kombi-eletrica-02-1024x576.jpg\"alt = \"Kombi-eletrica-02-1024x576 Kombi el\u00e9trica \u2018esticada\u2019 j\u00e1 tem data de lan\u00e7amento; veja!\" class=\"wp-image-520611\" \/><figcaption>(Imagem: Divulga\u00e7\u00e3o\/Volkswagen)<\/figcaption><\/figure>\n<p>N\u00e3o h\u00e1 grande mist\u00e9rio sobre como o ID. Buzz norte-americano vai ser. Com o modelo menor, de duas fileiras de bancos, sendo lan\u00e7ado na Europa em mar\u00e7o de 2022, ele ter\u00e1 a mesma face plana com far\u00f3is finos e recursos de acabamento.<\/p>\n<p>At\u00e9 agora, os prot\u00f3tipos mostraram apenas uma cor para o exterior. Por\u00e9m, acabamentos em dois tons certamente fazem parte do charme do EV (sigla em ingl\u00eas para &#8220;ve\u00edculo el\u00e9trico&#8221;) e permanecer\u00e3o no modelo maior.<\/p>\n<p>Ainda n\u00e3o se sabe quanto maior ser\u00e1. H\u00e1 rumores de quase 30 cent\u00edmetros extras, o que n\u00e3o parece muito no papel. Mas faz grande diferen\u00e7a para um ve\u00edculo. Nesse caso, \u00e9 uma diferen\u00e7a grande o suficiente para adicionar um assento extra na parte de tr\u00e1s.<\/p>\n<figure class=\"wp-block-image size-large\"><img title = \"[Tags]\"decoding=\"async\" loading=\"lazy\" width=\"1024\" height=\"576\" src=\"https:\/\/img.olhardigital.com.br\/wp-content\/uploads\/2023\/05\/Kombi-eletrica-01-1024x576.jpg\"alt = \"Kombi-eletrica-02-1024x576 Kombi el\u00e9trica \u2018esticada\u2019 j\u00e1 tem data de lan\u00e7amento; veja!\" class=\"wp-image-520612\" \/><figcaption>(Imagem: Divulga\u00e7\u00e3o\/Volkswagen)<\/figcaption><\/figure>\n<p>Tamb\u00e9m n\u00e3o se sabe se comprimento extra levar\u00e1 a uma bateria mais parruda. Como est\u00e1 agora, a Kombi el\u00e9trica vem com bateria de 82 kWh, que alimenta um motor el\u00e9trico, gerando 201 cv (cavalos de pot\u00eancia). Espera-se uma vers\u00e3o de motor duplo com mais pot\u00eancia para a Am\u00e9rica do Norte, que pode ter uma bateria maior de 111 kWh, capaz de produzir 300 cv.<\/p>\n<p>Essas perguntas devem ser respondidas em apenas algumas semanas. Por\u00e9m, compradores da Am\u00e9rica do Norte ainda ter\u00e3o que esperar at\u00e9 2024 para dirigir uma Kombi el\u00e9trica.<\/p>\n<p><strong>J\u00e1 assistiu aos nossos novos v\u00eddeos no\u00a0<\/strong><a href=\"http:\/\/www.youtube.com\/channel\/UCGV72aVJuWP0QPNGH4YgIww?sub_confirmation=1\" target=\"_blank\" rel=\"noreferrer noopener\"><strong>YouTube<\/strong><\/a><strong>? Inscreva-se no nosso canal!<\/strong><\/p>\n<p>O post <a rel=\"nofollow\" href=\"https:\/\/olhardigital.com.br\/2023\/05\/21\/carros-e-tecnologia\/kombi-eletrica-esticada-ja-tem-data-de-lancamento\/\">Kombi el\u00e9trica &#8216;esticada&#8217; j\u00e1 tem data de lan\u00e7amento; veja!<\/a> apareceu primeiro em <a rel=\"nofollow\" href=\"https:\/\/olhardigital.com.br\">Olhar Digital<\/a>.<\/p>\n<p><br \/>\n<br \/><a href=\"https:\/\/olhardigital.com.br\/2023\/05\/21\/carros-e-tecnologia\/kombi-eletrica-esticada-ja-tem-data-de-lancamento\/\">Fonte do Artigo <\/a><br \/>\nTags:<\/p>\n<p><a title=\"Gestor de Tr\u00e1fego\" href=\"https:\/\/www.gestor-de-trafego.com\/\" target=\"_blank\" rel=\"noopener\"><strong>Gestor de Tr\u00e1fego<\/strong><\/a><\/p>\n<p><a href=\"https:\/\/wiy.com.br\/noticias\/categoria\/tecnologia\/\">#tecnologia<\/a> <a href=\"https:\/\/wiy.com.br\/noticias\/categoria\/tecnologia\/\">#tecnologias<\/a> <a href=\"https:\/\/wiy.com.br\/noticias\/categoria\/tecnologia\/\">#technology<\/a> <a href=\"https:\/\/wiy.com.br\/noticias\/categoria\/tecnologia\/\">#tecnolog<\/a> <a href=\"https:\/\/wiy.com.br\/noticias\/categoria\/tecnologia\/\">#iphone<\/a> <a href=\"https:\/\/wiy.com.br\/noticias\/categoria\/tecnologia\/\">#informatica<\/a> <a href=\"https:\/\/wiy.com.br\/noticias\/categoria\/tecnologia\/\">#tech<\/a> <a href=\"https:\/\/wiy.com.br\/noticias\/categoria\/tecnologia\/\">#design<\/a> <a href=\"https:\/\/wiy.com.br\/noticias\/categoria\/tecnologia\/\">#samsung<\/a> <a href=\"https:\/\/wiy.com.br\/noticias\/categoria\/tecnologia\/\">#internet<\/a> <a href=\"https:\/\/wiy.com.br\/noticias\/categoria\/tecnologia\/\">#apple<\/a> <a href=\"https:\/\/wiy.com.br\/noticias\/categoria\/tecnologia\/\">#smartphone<\/a> <a href=\"https:\/\/wiy.com.br\/noticias\/categoria\/tecnologia\/\">#seguranca<\/a> <a href=\"https:\/\/wiy.com.br\/noticias\/categoria\/tecnologia\/\">#venezuela<\/a> <a href=\"https:\/\/wiy.com.br\/noticias\/categoria\/tecnologia\/\">#celular<\/a> <a href=\"https:\/\/wiy.com.br\/noticias\/categoria\/tecnologia\/\">#celulares<\/a> <a href=\"https:\/\/wiy.com.br\/noticias\/categoria\/tecnologia\/\">#inovar<\/a> <a href=\"https:\/\/wiy.com.br\/noticias\/categoria\/tecnologia\/\">#qualidade<\/a> <a href=\"https:\/\/wiy.com.br\/noticias\/categoria\/tecnologia\/\">#software<\/a> <a href=\"https:\/\/wiy.com.br\/noticias\/categoria\/tecnologia\/\">#empresas<\/a> <a href=\"https:\/\/wiy.com.br\/noticias\/categoria\/tecnologia\/\">#cursos<\/a> <a href=\"https:\/\/wiy.com.br\/noticias\/categoria\/tecnologia\/\">#engenharia<\/a> <a href=\"https:\/\/wiy.com.br\/noticias\/categoria\/tecnologia\/\">#industria<\/a> <a href=\"https:\/\/wiy.com.br\/noticias\/categoria\/tecnologia\/\">#marketing<\/a> <a href=\"https:\/\/wiy.com.br\/noticias\/categoria\/tecnologia\/\">#ti<\/a> <a href=\"https:\/\/wiy.com.br\/noticias\/categoria\/tecnologia\/\">#tecnoblog<\/a> <a href=\"https:\/\/wiy.com.br\/noticias\/categoria\/tecnologia\/\">#veja<\/a> <a href=\"https:\/\/wiy.com.br\/noticias\/categoria\/tecnologia\/\">#olhardigital<\/a> <a href=\"https:\/\/wiy.com.br\/noticias\/categoria\/tecnologia\/\">#mundodigital<\/a> <a href=\"https:\/\/wiy.com.br\/noticias\/categoria\/tecnologia\/\">#inteligenciaartificial<\/a> <a href=\"https:\/\/wiy.com.br\/criacao-de-sites\/\">#criar site<\/a> <a href=\"https:\/\/wiy.com.br\/criacao-de-sites\/\">#criar site curitiba<\/a> <a href=\"https:\/\/wiy.com.br\/criacao-de-sites\/\">#wiysolutions<\/a><\/p>\n<p><a href=\"https:\/\/www.comprar-cytotec.com\/\">#Comprar Cytotec<\/a><a href=\"https:\/\/www.cytotecfacil.com\/\">#Cytotec Comprar<\/a><a href=\"https:\/\/www.cytotecbrasil.org\/\">#Cytotec Brasil<\/a><br \/>\n#Kombi #el\u00e9trica #esticada #j\u00e1 #tem #data #lan\u00e7amento #veja<\/p>\n","protected":false},"excerpt":{"rendered":"<p>O Volkswagen ID. Buzz &#8211; esp\u00e9cie de Kombi el\u00e9trica &#8211; estreou h\u00e1 pouco mais de um ano, mas n\u00e3o na Am\u00e9rica do Norte. S\u00f3 que a montadora alem\u00e3 anunciou que modelo &#8220;esticado&#8221; do ve\u00edculo chega aos showrooms dessa parte das Am\u00e9ricas em 2 de junho. Na verdade, a VW quer garantir que ningu\u00e9m se esque\u00e7a [&hellip;]<\/p>\n","protected":false},"author":1,"featured_media":77898,"comment_status":"open","ping_status":"open","sticky":false,"template":"","format":"standard","meta":{"footnotes":""},"categories":[5],"tags":[],"class_list":["post-77897","post","type-post","status-publish","format-standard","has-post-thumbnail","hentry","category-tecnologia"],"_links":{"self":[{"href":"https:\/\/wiy.com.br\/noticias\/wp-json\/wp\/v2\/posts\/77897","targetHints":{"allow":["GET"]}}],"collection":[{"href":"https:\/\/wiy.com.br\/noticias\/wp-json\/wp\/v2\/posts"}],"about":[{"href":"https:\/\/wiy.com.br\/noticias\/wp-json\/wp\/v2\/types\/post"}],"author":[{"embeddable":true,"href":"https:\/\/wiy.com.br\/noticias\/wp-json\/wp\/v2\/users\/1"}],"replies":[{"embeddable":true,"href":"https:\/\/wiy.com.br\/noticias\/wp-json\/wp\/v2\/comments?post=77897"}],"version-history":[{"count":0,"href":"https:\/\/wiy.com.br\/noticias\/wp-json\/wp\/v2\/posts\/77897\/revisions"}],"wp:featuredmedia":[{"embeddable":true,"href":"https:\/\/wiy.com.br\/noticias\/wp-json\/wp\/v2\/media\/77898"}],"wp:attachment":[{"href":"https:\/\/wiy.com.br\/noticias\/wp-json\/wp\/v2\/media?parent=77897"}],"wp:term":[{"taxonomy":"category","embeddable":true,"href":"https:\/\/wiy.com.br\/noticias\/wp-json\/wp\/v2\/categories?post=77897"},{"taxonomy":"post_tag","embeddable":true,"href":"https:\/\/wiy.com.br\/noticias\/wp-json\/wp\/v2\/tags?post=77897"}],"curies":[{"name":"wp","href":"https:\/\/api.w.org\/{rel}","templated":true}]}}