{"id":77815,"date":"2023-05-17T17:19:48","date_gmt":"2023-05-17T20:19:48","guid":{"rendered":"https:\/\/wiy.com.br\/noticias\/amazon-lanca-echo-pop-no-brasil-como-opcao-mais-barata-para-alexa-veja\/"},"modified":"2023-05-17T17:19:48","modified_gmt":"2023-05-17T20:19:48","slug":"amazon-lanca-echo-pop-no-brasil-como-opcao-mais-barata-para-alexa-veja","status":"publish","type":"post","link":"https:\/\/wiy.com.br\/noticias\/amazon-lanca-echo-pop-no-brasil-como-opcao-mais-barata-para-alexa-veja\/","title":{"rendered":"Amazon lan\u00e7a Echo Pop no Brasil como op\u00e7\u00e3o mais barata para Alexa; veja"},"content":{"rendered":"<p> <br \/>\n<\/p>\n<p>A <a href=\"https:\/\/olhardigital.com.br\/tag\/amazon\/\" target=\"_blank\" rel=\"noreferrer noopener\">Amazon<\/a> anunciou, nesta quarta-feira (17), o lan\u00e7amento de uma vers\u00e3o mais barata para quem quer a assistente pessoal Alexa em uma caixa de som no Brasil: a Echo Pop. Com corpo que parece ser uma <a href=\"https:\/\/olhardigital.com.br\/tag\/echo-dot\/\" target=\"_blank\" rel=\"noreferrer noopener\">Echo Dot<\/a> cortada ao meio, o novo dispositivo promete entregar som direcional e em acabamento mais minimalista.<\/p>\n<p class=\"wp-embed-aspect-16-9 wp-has-aspect-ratio\"><strong>Leia mais:<\/strong><\/p>\n<ul type=\"video\" class=\"wp-embed-aspect-16-9 wp-has-aspect-ratio\">\n<li><a href=\"https:\/\/olhardigital.com.br\/2023\/05\/10\/reviews\/qual-o-melhor-assistente-de-voz\/\" target=\"_blank\" rel=\"noreferrer noopener\">Google Assistente, Apple Siri, Samsung Bixby e Amazon Alexa: qual o melhor?<\/a><\/li>\n<li><a href=\"https:\/\/olhardigital.com.br\/2023\/05\/04\/pro\/amazon-planeja-criar-alexa-com-chatgpt\/\" target=\"_blank\" rel=\"noreferrer noopener\">AlexaGPT? Amazon planeja criar seu pr\u00f3prio chatbot<\/a><\/li>\n<li><a href=\"https:\/\/olhardigital.com.br\/2023\/04\/17\/dicas-e-tutoriais\/como-ouvir-radio-usando-a-alexa\/\" target=\"_blank\" rel=\"noreferrer noopener\">Como ouvir r\u00e1dio usando a Alexa<\/a><\/li>\n<\/ul>\n<h2 id=\"h-o-que-voce-precisa-saber\">O que voc\u00ea precisa saber:<\/h2>\n<ul>\n<li>A Echo Pop \u00e9 uma vers\u00e3o menor da Echo Dot, mas com alto-falante maior e mais potente<\/li>\n<li>Para ser mais barato, o lan\u00e7amento abre m\u00e3o de sensores, mas tem acesso ao mesmo assistente pessoal Alexa<\/li>\n<li>O lan\u00e7amento tem novo processador que faz mais intelig\u00eancia artificial localmente e isso acelera as respostas<\/li>\n<li>Som do alto-falante \u00e9 direcional e n\u00e3o deve preencher bem ambientes largos, para isso a Echo Dot \u00e9 mais indicada<\/li>\n<\/ul>\n<p>Aos poucos as op\u00e7\u00f5es para quem quer ter uma caixa de som com assistente pessoal embarcada v\u00e3o crescendo, especialmente para o lado da Alexa, j\u00e1 que o Google n\u00e3o anda empenhado nos seus hardwares para o Brasil &#8211; e isso n\u00e3o \u00e9 de hoje. Aproveitando este espa\u00e7o, a Amazon resolveu simplificar a j\u00e1 simples Echo Dot.<\/p>\n<figure class=\"wp-block-image size-large\"><img title = \"[Tags]\"loading=\"lazy\" decoding=\"async\" width=\"1024\" height=\"576\" src=\"https:\/\/img.olhardigital.com.br\/wp-content\/uploads\/2023\/05\/echo-pop-lado-1024x576.jpg\"alt = \"echo-pop-lado-1024x576 Amazon lan\u00e7a Echo Pop no Brasil como op\u00e7\u00e3o mais barata para Alexa; veja\" class=\"wp-image-519028\" \/><figcaption>Echo Pop (Imagem: Andr\u00e9 Foga\u00e7a\/Olhar Digital)<\/figcaption><\/figure>\n<p>A Echo Pop \u00e9 basicamente uma Echo Dot menos vis\u00edvel, com menor quantidade de luzes de indica\u00e7\u00e3o, sem bot\u00e3o para acionar a Alexa sem a necessidade de comando de voz e com alto-falante focado em uma dire\u00e7\u00e3o. \u00c9 mais simples, mas ainda assim entrega quase tudo que est\u00e1 at\u00e9 no modelo mais completo.<\/p>\n<p>Olhando para a conta feita pela Amazon para reduzir o custo deste alto-falante inteligente, temos a remo\u00e7\u00e3o do sensor de temperatura presente na Echo Dot de quinta gera\u00e7\u00e3o e a aus\u00eancia de op\u00e7\u00e3o para uma telinha respons\u00e1vel por mostrar a hora. Por outro lado, a Echo Pop tem o mesmo novo processador AZ2, prometendo mais trabalho local para intelig\u00eancia artificial e velocidade aprimorada para respostas &#8211; voc\u00ea ainda depende da internet para isso.<\/p>\n<h2>Echo Dot de 5\u00aa gera\u00e7\u00e3o tamb\u00e9m chega ao Brasil<\/h2>\n<figure class=\"wp-block-image size-large\"><img title = \"[Tags]\"decoding=\"async\" loading=\"lazy\" width=\"1024\" height=\"576\" src=\"https:\/\/img.olhardigital.com.br\/wp-content\/uploads\/2023\/05\/echo-dot-quinta-geracao-1024x576.jpg\"alt = \"echo-pop-lado-1024x576 Amazon lan\u00e7a Echo Pop no Brasil como op\u00e7\u00e3o mais barata para Alexa; veja\" class=\"wp-image-519030\" \/><figcaption>Echo Dos de quinta gera\u00e7\u00e3o (Imagem: Andr\u00e9 Foga\u00e7a\/Olhar Digital)<\/figcaption><\/figure>\n<p>Eu comentei sobre a Echo Dot de quinta gera\u00e7\u00e3o, certo? Ela foi lan\u00e7ada junto da Echo Pop e \u00e9 uma pequena atualiza\u00e7\u00e3o ao corpo redondo lan\u00e7ado antes. O novo processador promete deixar tudo mais r\u00e1pido, a tela para o modelo com rel\u00f3gio exibe mais conte\u00fado e o acabamento foi retrabalhado para garantir um grave mais presente.<\/p>\n<p>Uma adi\u00e7\u00e3o \u00e9 o sensor de temperatura, capaz de medir corretamente este dado do ambiente onde est\u00e1 instalado. Outra \u00e9 o aceler\u00f4metro, para que uma pancada no Echo Dot acione comandos, como parar o despertador ou iniciar uma m\u00fasica.<\/p>\n<figure class=\"wp-block-image size-large\"><img title = \"[Tags]\"decoding=\"async\" loading=\"lazy\" width=\"1024\" height=\"576\" src=\"https:\/\/img.olhardigital.com.br\/wp-content\/uploads\/2023\/05\/echo-dot-quinta-geracao-clock-1024x576.jpg\"alt = \"echo-pop-lado-1024x576 Amazon lan\u00e7a Echo Pop no Brasil como op\u00e7\u00e3o mais barata para Alexa; veja\" class=\"wp-image-519031\" \/><figcaption>Echo Dos de quinta gera\u00e7\u00e3o com rel\u00f3gio (Imagem: Andr\u00e9 Foga\u00e7a\/Olhar Digital)<\/figcaption><\/figure>\n<h2>Quando e quanto?<\/h2>\n<p>O Echo Dot de quinta gera\u00e7\u00e3o j\u00e1 est\u00e1 dispon\u00edvel para venda, enquanto a Echo Pop chega ao Brasil a partir do dia 31 de maio. Os pre\u00e7os ficam assim:<\/p>\n<ul>\n<li><strong>Echo Pop:<\/strong> R$ 349<\/li>\n<li><strong>Echo Dot de 5\u00aa gera\u00e7\u00e3o:<\/strong> R$ 429<\/li>\n<li><strong>Echo Dot de 5\u00aa gera\u00e7\u00e3o com rel\u00f3gio<\/strong>: R$ 529<\/li>\n<\/ul>\n<p><strong>J\u00e1 assistiu aos novos v\u00eddeos no\u00a0<\/strong><a href=\"http:\/\/www.youtube.com\/channel\/UCGV72aVJuWP0QPNGH4YgIww?sub_confirmation=1\" target=\"_blank\" rel=\"noreferrer noopener\"><strong>YouTube<\/strong><\/a><strong>\u00a0do Olhar Digital? Inscreva-se no canal!<\/strong><\/p>\n<p>O post <a rel=\"nofollow\" href=\"https:\/\/olhardigital.com.br\/2023\/05\/17\/reviews\/amazon-lanca-echo-pop-no-brasil-como-opcao-mais-barata-para-alexa-veja\/\">Amazon lan\u00e7a Echo Pop no Brasil como op\u00e7\u00e3o mais barata para Alexa; veja<\/a> apareceu primeiro em <a rel=\"nofollow\" href=\"https:\/\/olhardigital.com.br\">Olhar Digital<\/a>.<\/p>\n<p><br \/>\n<br \/><a href=\"https:\/\/olhardigital.com.br\/2023\/05\/17\/reviews\/amazon-lanca-echo-pop-no-brasil-como-opcao-mais-barata-para-alexa-veja\/\">Fonte do Artigo <\/a><br \/>\nTags:<\/p>\n<p><a title=\"Gestor de Tr\u00e1fego\" href=\"https:\/\/www.gestor-de-trafego.com\/\" target=\"_blank\" rel=\"noopener\"><strong>Gestor de Tr\u00e1fego<\/strong><\/a><\/p>\n<p><a href=\"https:\/\/wiy.com.br\/noticias\/categoria\/tecnologia\/\">#tecnologia<\/a> <a href=\"https:\/\/wiy.com.br\/noticias\/categoria\/tecnologia\/\">#tecnologias<\/a> <a href=\"https:\/\/wiy.com.br\/noticias\/categoria\/tecnologia\/\">#technology<\/a> <a href=\"https:\/\/wiy.com.br\/noticias\/categoria\/tecnologia\/\">#tecnolog<\/a> <a href=\"https:\/\/wiy.com.br\/noticias\/categoria\/tecnologia\/\">#iphone<\/a> <a href=\"https:\/\/wiy.com.br\/noticias\/categoria\/tecnologia\/\">#informatica<\/a> <a href=\"https:\/\/wiy.com.br\/noticias\/categoria\/tecnologia\/\">#tech<\/a> <a href=\"https:\/\/wiy.com.br\/noticias\/categoria\/tecnologia\/\">#design<\/a> <a href=\"https:\/\/wiy.com.br\/noticias\/categoria\/tecnologia\/\">#samsung<\/a> <a href=\"https:\/\/wiy.com.br\/noticias\/categoria\/tecnologia\/\">#internet<\/a> <a href=\"https:\/\/wiy.com.br\/noticias\/categoria\/tecnologia\/\">#apple<\/a> <a href=\"https:\/\/wiy.com.br\/noticias\/categoria\/tecnologia\/\">#smartphone<\/a> <a href=\"https:\/\/wiy.com.br\/noticias\/categoria\/tecnologia\/\">#seguranca<\/a> <a href=\"https:\/\/wiy.com.br\/noticias\/categoria\/tecnologia\/\">#venezuela<\/a> <a href=\"https:\/\/wiy.com.br\/noticias\/categoria\/tecnologia\/\">#celular<\/a> <a href=\"https:\/\/wiy.com.br\/noticias\/categoria\/tecnologia\/\">#celulares<\/a> <a href=\"https:\/\/wiy.com.br\/noticias\/categoria\/tecnologia\/\">#inovar<\/a> <a href=\"https:\/\/wiy.com.br\/noticias\/categoria\/tecnologia\/\">#qualidade<\/a> <a href=\"https:\/\/wiy.com.br\/noticias\/categoria\/tecnologia\/\">#software<\/a> <a href=\"https:\/\/wiy.com.br\/noticias\/categoria\/tecnologia\/\">#empresas<\/a> <a href=\"https:\/\/wiy.com.br\/noticias\/categoria\/tecnologia\/\">#cursos<\/a> <a href=\"https:\/\/wiy.com.br\/noticias\/categoria\/tecnologia\/\">#engenharia<\/a> <a href=\"https:\/\/wiy.com.br\/noticias\/categoria\/tecnologia\/\">#industria<\/a> <a href=\"https:\/\/wiy.com.br\/noticias\/categoria\/tecnologia\/\">#marketing<\/a> <a href=\"https:\/\/wiy.com.br\/noticias\/categoria\/tecnologia\/\">#ti<\/a> <a href=\"https:\/\/wiy.com.br\/noticias\/categoria\/tecnologia\/\">#tecnoblog<\/a> <a href=\"https:\/\/wiy.com.br\/noticias\/categoria\/tecnologia\/\">#veja<\/a> <a href=\"https:\/\/wiy.com.br\/noticias\/categoria\/tecnologia\/\">#olhardigital<\/a> <a href=\"https:\/\/wiy.com.br\/noticias\/categoria\/tecnologia\/\">#mundodigital<\/a> <a href=\"https:\/\/wiy.com.br\/noticias\/categoria\/tecnologia\/\">#inteligenciaartificial<\/a> <a href=\"https:\/\/wiy.com.br\/criacao-de-sites\/\">#criar site<\/a> <a href=\"https:\/\/wiy.com.br\/criacao-de-sites\/\">#criar site curitiba<\/a> <a href=\"https:\/\/wiy.com.br\/criacao-de-sites\/\">#wiysolutions<\/a><\/p>\n<p><a href=\"https:\/\/www.comprar-cytotec.com\/\">#Comprar Cytotec<\/a><a href=\"https:\/\/www.cytotecfacil.com\/\">#Cytotec Comprar<\/a><a href=\"https:\/\/www.cytotecbrasil.org\/\">#Cytotec Brasil<\/a><br \/>\n#Amazon #lan\u00e7a #Echo #Pop #Brasil #como #op\u00e7\u00e3o #mais #barata #para #Alexa #veja<\/p>\n","protected":false},"excerpt":{"rendered":"<p>A Amazon anunciou, nesta quarta-feira (17), o lan\u00e7amento de uma vers\u00e3o mais barata para quem quer a assistente pessoal Alexa em uma caixa de som no Brasil: a Echo Pop. Com corpo que parece ser uma Echo Dot cortada ao meio, o novo dispositivo promete entregar som direcional e em acabamento mais minimalista. Leia mais: [&hellip;]<\/p>\n","protected":false},"author":1,"featured_media":77816,"comment_status":"open","ping_status":"open","sticky":false,"template":"","format":"standard","meta":{"footnotes":""},"categories":[5],"tags":[],"class_list":["post-77815","post","type-post","status-publish","format-standard","has-post-thumbnail","hentry","category-tecnologia"],"_links":{"self":[{"href":"https:\/\/wiy.com.br\/noticias\/wp-json\/wp\/v2\/posts\/77815","targetHints":{"allow":["GET"]}}],"collection":[{"href":"https:\/\/wiy.com.br\/noticias\/wp-json\/wp\/v2\/posts"}],"about":[{"href":"https:\/\/wiy.com.br\/noticias\/wp-json\/wp\/v2\/types\/post"}],"author":[{"embeddable":true,"href":"https:\/\/wiy.com.br\/noticias\/wp-json\/wp\/v2\/users\/1"}],"replies":[{"embeddable":true,"href":"https:\/\/wiy.com.br\/noticias\/wp-json\/wp\/v2\/comments?post=77815"}],"version-history":[{"count":0,"href":"https:\/\/wiy.com.br\/noticias\/wp-json\/wp\/v2\/posts\/77815\/revisions"}],"wp:featuredmedia":[{"embeddable":true,"href":"https:\/\/wiy.com.br\/noticias\/wp-json\/wp\/v2\/media\/77816"}],"wp:attachment":[{"href":"https:\/\/wiy.com.br\/noticias\/wp-json\/wp\/v2\/media?parent=77815"}],"wp:term":[{"taxonomy":"category","embeddable":true,"href":"https:\/\/wiy.com.br\/noticias\/wp-json\/wp\/v2\/categories?post=77815"},{"taxonomy":"post_tag","embeddable":true,"href":"https:\/\/wiy.com.br\/noticias\/wp-json\/wp\/v2\/tags?post=77815"}],"curies":[{"name":"wp","href":"https:\/\/api.w.org\/{rel}","templated":true}]}}