{"id":77805,"date":"2023-05-16T17:43:34","date_gmt":"2023-05-16T20:43:34","guid":{"rendered":"https:\/\/wiy.com.br\/noticias\/o-seu-dna-pode-ser-extraido-do-ar-e-isso-preocupa-especialistas\/"},"modified":"2023-05-16T17:43:34","modified_gmt":"2023-05-16T20:43:34","slug":"o-seu-dna-pode-ser-extraido-do-ar-e-isso-preocupa-especialistas","status":"publish","type":"post","link":"https:\/\/wiy.com.br\/noticias\/o-seu-dna-pode-ser-extraido-do-ar-e-isso-preocupa-especialistas\/","title":{"rendered":"O seu DNA pode ser extra\u00eddo do ar \u2014 e isso preocupa especialistas"},"content":{"rendered":"<p> <br \/>\n<\/p>\n<p>Na \u00faltima d\u00e9cada, pesquisadores da vida selvagem aprimoraram t\u00e9cnicas para recuperar o DNA ambiental, ou eDNA \u2014 pequenas quantidades de material gen\u00e9tico que todos os seres vivos deixam para tr\u00e1s. No entanto, desde o in\u00edcio, os cientistas t\u00eam recuperado grandes quantidades de DNA humano.<\/p>\n<p>Para eles, isso \u00e9 considerado polui\u00e7\u00e3o, uma esp\u00e9cie de captura acidental do genoma humano que prejudica seus dados. Mas e se algu\u00e9m se propusesse a coletar intencionalmente o eDNA humano?<\/p>\n<p><strong>Leia mais:<\/strong><\/p>\n<ul>\n<li><a href=\"https:\/\/olhardigital.com.br\/2023\/01\/23\/tira-duvidas\/quais-doencas-um-teste-genetico-pode-diagnosticar\/\" target=\"_blank\" rel=\"noreferrer noopener\">Quais doen\u00e7as um teste gen\u00e9tico pode diagnosticar?<\/a><\/li>\n<li><a href=\"https:\/\/olhardigital.com.br\/2023\/03\/27\/medicina-e-saude\/como-o-uso-de-big-data-pode-ajudar-a-identificar-padroes-em-doencas\/\" target=\"_blank\" rel=\"noreferrer noopener\">Como o uso de Big Data pode ajudar a identificar padr\u00f5es em doen\u00e7as<\/a><\/li>\n<li><a href=\"https:\/\/olhardigital.com.br\/2023\/03\/31\/medicina-e-saude\/como-medicos-e-hospitais-usam-a-inteligencia-artificial-em-diagnosticos-e-tratamentos-de-doencas\/\" target=\"_blank\" rel=\"noreferrer noopener\">Como m\u00e9dicos e hospitais usam a Intelig\u00eancia Artificial em diagn\u00f3sticos e tratamentos de doen\u00e7as<\/a><\/li>\n<\/ul>\n<h2 id=\"h-como-o-edna-e-usado\">Como o eDNA \u00e9 usado<\/h2>\n<p>Uma ferramenta poderosa e econ\u00f4mica para ecologistas, o eDNA est\u00e1 presente em todos os lugares \u2014 flutuando no ar ou permanecendo em superf\u00edcies, at\u00e9 mesmo na \u00e1gua. Cientistas t\u00eam conhecimento da exist\u00eancia do DNA ambiental h\u00e1 d\u00e9cadas, mas n\u00e3o acreditavam que pudesse ser usado na identifica\u00e7\u00e3o de indiv\u00edduos, dado seu tamanho diminuto e n\u00edvel de degrada\u00e7\u00e3o.<\/p>\n<p>Os pesquisadores t\u00eam usado esse m\u00e9todo para detectar esp\u00e9cies invasoras antes que elas se estabele\u00e7am, rastrear popula\u00e7\u00f5es vulner\u00e1veis ou secretas de animais selvagens e at\u00e9 mesmo redescobrir esp\u00e9cies consideradas extintas.<\/p>\n<p>A tecnologia de eDNA tamb\u00e9m \u00e9 utilizada em sistemas de vigil\u00e2ncia de \u00e1guas residuais para monitorar o Covid e outros pat\u00f3genos.<\/p>\n<h2 id=\"h-o-que-e-possivel-fazer-com-o-edna-humano\">O que \u00e9 poss\u00edvel fazer com o eDNA humano?<\/h2>\n<figure class=\"wp-block-image size-large\"><img title = \"[Tags]\"decoding=\"async\" loading=\"lazy\" width=\"1024\" height=\"682\" src=\"https:\/\/img.olhardigital.com.br\/wp-content\/uploads\/2023\/05\/shutterstock_1386898265-1024x682.jpg\"alt = \"shutterstock_1386898265-1024x682 O seu DNA pode ser extra\u00eddo do ar \u2014 e isso preocupa especialistas\" class=\"wp-image-518516\" \/><figcaption>Entre a poeira, p\u00f3len e pequenas part\u00edculas encontradas no ar, pode estar o DNA humano. Imagem: Ralf Geithe \/ Shutterstock.com<\/figcaption><\/figure>\n<p>David Duffy, um geneticista de vida selvagem da Universidade da Fl\u00f3rida, come\u00e7ou a encontrar DNA humano em todos os lugares que olhava enquanto buscava uma maneira melhor de rastrear doen\u00e7as em tartarugas marinhas.<\/p>\n<p>Em um experimento, ele e seus colegas coletaram uma amostra de \u00e1gua de um riacho e a analisaram usando um sequenciador de nanoporos, capaz de ler trechos mais longos de DNA. Os pesquisadores recuperaram inesperadamente DNA humano leg\u00edvel das amostras.<\/p>\n<p>A an\u00e1lise das amostras limitadas revelou informa\u00e7\u00f5es sobre ancestralidade gen\u00e9tica alinhadas com a composi\u00e7\u00e3o racial da regi\u00e3o. Tamb\u00e9m foram encontradas muta\u00e7\u00f5es-chave associadas a diabetes, problemas card\u00edacos e doen\u00e7as oculares.<\/p>\n<p>Os resultados de suas pesquisas, publicados nesta segunda-feira na revista Nature Ecology &amp; Evolution, demonstram que os cientistas podem recuperar informa\u00e7\u00f5es m\u00e9dicas e geneal\u00f3gicas a partir de fragmentos min\u00fasculos de DNA humano presentes no meio ambiente.<\/p>\n<h2 id=\"h-questoes-eticas\">Quest\u00f5es \u00e9ticas<\/h2>\n<figure class=\"wp-block-image size-large\"><img title = \"[Tags]\"decoding=\"async\" loading=\"lazy\" width=\"1024\" height=\"683\" src=\"https:\/\/img.olhardigital.com.br\/wp-content\/uploads\/2023\/05\/shutterstock_1046584543-1024x683.jpg\"alt = \"shutterstock_1386898265-1024x682 O seu DNA pode ser extra\u00eddo do ar \u2014 e isso preocupa especialistas\" class=\"wp-image-518520\" \/><figcaption>Imagem: gopixa \/ Shutterstock.com<\/figcaption><\/figure>\n<ul>\n<li>A tecnologia baseada em eDNA pode ser usada para vigil\u00e2ncia de certos grupos de pessoas, como aquelas com ancestralidade espec\u00edfica ou condi\u00e7\u00f5es m\u00e9dicas ou defici\u00eancias particulares.<\/li>\n<li>As implica\u00e7\u00f5es de tais usos dependem de quem est\u00e1 utilizando a tecnologia e por qu\u00ea.<\/li>\n<li>A an\u00e1lise de eDNA poderia facilitar o rastreamento gen\u00e9tico de minorias \u00e9tnicas em pa\u00edses como a China, que j\u00e1 realiza um monitoramento gen\u00e9tico extensivo e expl\u00edcito dessas popula\u00e7\u00f5es.<\/li>\n<li>A pesquisa em eDNA levanta quest\u00f5es \u00e9ticas sobre a identifica\u00e7\u00e3o de indiv\u00edduos e seu potencial uso em investiga\u00e7\u00f5es criminais.<\/li>\n<li>Atualmente, a identifica\u00e7\u00e3o individual a partir de eDNA n\u00e3o \u00e9 poss\u00edvel com os m\u00e9todos usados pelas autoridades de aplica\u00e7\u00e3o da lei nos Estados Unidos.<\/li>\n<li>No entanto, pesquisadores forenses sugerem que a identifica\u00e7\u00e3o individual a partir de eDNA j\u00e1 pode ser poss\u00edvel em espa\u00e7os fechados com menos pessoas.<\/li>\n<li>A ci\u00eancia do eDNA ainda n\u00e3o est\u00e1 madura o suficiente para usos forenses, uma vez que os fundamentos do eDNA ainda n\u00e3o est\u00e3o completamente compreendidos.<\/li>\n<li>A tecnologia de sequenciamento de nanoporos ainda apresenta uma taxa de erro maior do que tecnologias mais antigas.<\/li>\n<li>Apesar dos avan\u00e7os na an\u00e1lise de eDNA, ainda existem limita\u00e7\u00f5es e incertezas que precisam ser abordadas antes de seu uso em aplica\u00e7\u00f5es forenses.<\/li>\n<\/ul>\n<p>\u00c9ticos forenses e estudiosos do direito afirmam que as descobertas da equipe da Fl\u00f3rida aumentam a urg\u00eancia de regulamenta\u00e7\u00f5es abrangentes sobre privacidade gen\u00e9tica.<\/p>\n<p>Para os pesquisadores, isso tamb\u00e9m destaca um desequil\u00edbrio nas regras em torno de tais t\u00e9cnicas nos Estados Unidos. Eles apontam ser mais f\u00e1cil para as autoridades policiais implantarem uma nova tecnologia incompleta, do que para os pesquisadores cient\u00edficos obterem aprova\u00e7\u00e3o para estudos que confirmem se o sistema realmente funciona.<\/p>\n<p>Erin Murphy, professora de direito na Faculdade de Direito da Universidade de Nova York especialista no uso de novas tecnologias no sistema legal, descreve novas t\u00e9cnicas de coleta de DNA como &#8220;irresist\u00edveis&#8221; para autoridades policiais.<\/p>\n<p>Isso pode representar dilemas para a preserva\u00e7\u00e3o da privacidade e das liberdades civis, especialmente \u00e0 medida que o avan\u00e7o tecnol\u00f3gico permite a obten\u00e7\u00e3o de mais informa\u00e7\u00f5es a partir de amostras cada vez menores de eDNA.<\/p>\n<h2 id=\"h-informacoes-geneticas-e-privacidade\">Informa\u00e7\u00f5es gen\u00e9ticas e privacidade<\/h2>\n<figure class=\"wp-block-image size-large\"><img title = \"[Tags]\"decoding=\"async\" loading=\"lazy\" width=\"1024\" height=\"576\" src=\"https:\/\/img.olhardigital.com.br\/wp-content\/uploads\/2023\/05\/shutterstock_1238405779-1024x576.jpg\"alt = \"shutterstock_1386898265-1024x682 O seu DNA pode ser extra\u00eddo do ar \u2014 e isso preocupa especialistas\" class=\"wp-image-518504\" \/><figcaption>Imagem: Billion Photos \/ Shutterstock.com<\/figcaption><\/figure>\n<ul>\n<li>Comparando a coleta de eDNA humano a outras tecnologias de vigil\u00e2ncia, como c\u00e2meras de reconhecimento facial, h\u00e1 uma distin\u00e7\u00e3o importante.<\/li>\n<li>A coleta de DNA n\u00e3o afeta apenas os indiv\u00edduos, mas tamb\u00e9m seus familiares e, em alguns casos, comunidades inteiras.<\/li>\n<li>O DNA pode rastrear parentes, descendentes e ancestrais, o que levanta quest\u00f5es sobre a privacidade e o uso futuro dessas informa\u00e7\u00f5es gen\u00e9ticas.<\/li>\n<li>H\u00e1 um amplo mercado para informa\u00e7\u00f5es gen\u00e9ticas, desde empresas farmac\u00eauticas desenvolvendo terapias at\u00e9 seguradoras e pesquisadores de sa\u00fade p\u00fablica.<\/li>\n<li>No entanto, a falta de defini\u00e7\u00f5es legais claras sobre o DNA dificulta a prote\u00e7\u00e3o do p\u00fablico. Quem \u00e9 o propriet\u00e1rio dessas informa\u00e7\u00f5es? \u00c9 sempre considerado informa\u00e7\u00e3o m\u00e9dica?<\/li>\n<li>Especialistas em bio\u00e9tica e liberdades civis afirmam que o alerta do Dr. Duffy oferece uma oportunidade \u00fanica para discuss\u00f5es \u00e9ticas e legais antes que essa nova t\u00e9cnica gen\u00e9tica se torne amplamente utilizada.<\/li>\n<li>Geralmente, os debates \u00e9ticos est\u00e3o sempre um passo atr\u00e1s, mas, gra\u00e7as aos ecologistas da vida selvagem, agora h\u00e1 uma pequena vantagem para iniciar essas discuss\u00f5es.<\/li>\n<\/ul>\n<p><em>Com informa\u00e7\u00f5es de <a href=\"https:\/\/www.nytimes.com\/2023\/05\/15\/science\/environmental-dna-ethics-privacy.html\" target=\"_blank\" rel=\"noreferrer noopener\">The New York Times<\/a>.<\/em><\/p>\n<p><strong>J\u00e1 assistiu aos novos v\u00eddeos no&nbsp;<\/strong><a href=\"http:\/\/www.youtube.com\/channel\/UCGV72aVJuWP0QPNGH4YgIww?sub_confirmation=1\" target=\"_blank\" rel=\"noreferrer noopener\"><strong>YouTube<\/strong><\/a><strong>&nbsp;do Olhar Digital? Inscreva-se no canal!<\/strong><\/p>\n<p>O post <a rel=\"nofollow\" href=\"https:\/\/olhardigital.com.br\/2023\/05\/16\/ciencia-e-espaco\/o-seu-dna-pode-ser-extraido-do-ar-e-isso-preocupa-especialistas\/\">O seu DNA pode ser extra\u00eddo do ar \u2014 e isso preocupa especialistas<\/a> apareceu primeiro em <a rel=\"nofollow\" href=\"https:\/\/olhardigital.com.br\">Olhar Digital<\/a>.<\/p>\n<p><br \/>\n<br \/><a href=\"https:\/\/olhardigital.com.br\/2023\/05\/16\/ciencia-e-espaco\/o-seu-dna-pode-ser-extraido-do-ar-e-isso-preocupa-especialistas\/\">Fonte do Artigo <\/a><br \/>\nTags:<\/p>\n<p><a title=\"Gestor de Tr\u00e1fego\" href=\"https:\/\/www.gestor-de-trafego.com\/\" target=\"_blank\" rel=\"noopener\"><strong>Gestor de Tr\u00e1fego<\/strong><\/a><\/p>\n<p><a href=\"https:\/\/wiy.com.br\/noticias\/categoria\/tecnologia\/\">#tecnologia<\/a> <a href=\"https:\/\/wiy.com.br\/noticias\/categoria\/tecnologia\/\">#tecnologias<\/a> <a href=\"https:\/\/wiy.com.br\/noticias\/categoria\/tecnologia\/\">#technology<\/a> <a href=\"https:\/\/wiy.com.br\/noticias\/categoria\/tecnologia\/\">#tecnolog<\/a> <a href=\"https:\/\/wiy.com.br\/noticias\/categoria\/tecnologia\/\">#iphone<\/a> <a href=\"https:\/\/wiy.com.br\/noticias\/categoria\/tecnologia\/\">#informatica<\/a> <a href=\"https:\/\/wiy.com.br\/noticias\/categoria\/tecnologia\/\">#tech<\/a> <a href=\"https:\/\/wiy.com.br\/noticias\/categoria\/tecnologia\/\">#design<\/a> <a href=\"https:\/\/wiy.com.br\/noticias\/categoria\/tecnologia\/\">#samsung<\/a> <a href=\"https:\/\/wiy.com.br\/noticias\/categoria\/tecnologia\/\">#internet<\/a> <a href=\"https:\/\/wiy.com.br\/noticias\/categoria\/tecnologia\/\">#apple<\/a> <a href=\"https:\/\/wiy.com.br\/noticias\/categoria\/tecnologia\/\">#smartphone<\/a> <a href=\"https:\/\/wiy.com.br\/noticias\/categoria\/tecnologia\/\">#seguranca<\/a> <a href=\"https:\/\/wiy.com.br\/noticias\/categoria\/tecnologia\/\">#venezuela<\/a> <a href=\"https:\/\/wiy.com.br\/noticias\/categoria\/tecnologia\/\">#celular<\/a> <a href=\"https:\/\/wiy.com.br\/noticias\/categoria\/tecnologia\/\">#celulares<\/a> <a href=\"https:\/\/wiy.com.br\/noticias\/categoria\/tecnologia\/\">#inovar<\/a> <a href=\"https:\/\/wiy.com.br\/noticias\/categoria\/tecnologia\/\">#qualidade<\/a> <a href=\"https:\/\/wiy.com.br\/noticias\/categoria\/tecnologia\/\">#software<\/a> <a href=\"https:\/\/wiy.com.br\/noticias\/categoria\/tecnologia\/\">#empresas<\/a> <a href=\"https:\/\/wiy.com.br\/noticias\/categoria\/tecnologia\/\">#cursos<\/a> <a href=\"https:\/\/wiy.com.br\/noticias\/categoria\/tecnologia\/\">#engenharia<\/a> <a href=\"https:\/\/wiy.com.br\/noticias\/categoria\/tecnologia\/\">#industria<\/a> <a href=\"https:\/\/wiy.com.br\/noticias\/categoria\/tecnologia\/\">#marketing<\/a> <a href=\"https:\/\/wiy.com.br\/noticias\/categoria\/tecnologia\/\">#ti<\/a> <a href=\"https:\/\/wiy.com.br\/noticias\/categoria\/tecnologia\/\">#tecnoblog<\/a> <a href=\"https:\/\/wiy.com.br\/noticias\/categoria\/tecnologia\/\">#veja<\/a> <a href=\"https:\/\/wiy.com.br\/noticias\/categoria\/tecnologia\/\">#olhardigital<\/a> <a href=\"https:\/\/wiy.com.br\/noticias\/categoria\/tecnologia\/\">#mundodigital<\/a> <a href=\"https:\/\/wiy.com.br\/noticias\/categoria\/tecnologia\/\">#inteligenciaartificial<\/a> <a href=\"https:\/\/wiy.com.br\/criacao-de-sites\/\">#criar site<\/a> <a href=\"https:\/\/wiy.com.br\/criacao-de-sites\/\">#criar site curitiba<\/a> <a href=\"https:\/\/wiy.com.br\/criacao-de-sites\/\">#wiysolutions<\/a><\/p>\n<p><a href=\"https:\/\/www.comprar-cytotec.com\/\">#Comprar Cytotec<\/a><a href=\"https:\/\/www.cytotecfacil.com\/\">#Cytotec Comprar<\/a><a href=\"https:\/\/www.cytotecbrasil.org\/\">#Cytotec Brasil<\/a><br \/>\n#seu #DNA #pode #ser #extra\u00eddo #isso #preocupa #especialistas<\/p>\n","protected":false},"excerpt":{"rendered":"<p>Na \u00faltima d\u00e9cada, pesquisadores da vida selvagem aprimoraram t\u00e9cnicas para recuperar o DNA ambiental, ou eDNA \u2014 pequenas quantidades de material gen\u00e9tico que todos os seres vivos deixam para tr\u00e1s. No entanto, desde o in\u00edcio, os cientistas t\u00eam recuperado grandes quantidades de DNA humano. Para eles, isso \u00e9 considerado polui\u00e7\u00e3o, uma esp\u00e9cie de captura acidental [&hellip;]<\/p>\n","protected":false},"author":1,"featured_media":77806,"comment_status":"open","ping_status":"open","sticky":false,"template":"","format":"standard","meta":{"footnotes":""},"categories":[5],"tags":[],"class_list":["post-77805","post","type-post","status-publish","format-standard","has-post-thumbnail","hentry","category-tecnologia"],"_links":{"self":[{"href":"https:\/\/wiy.com.br\/noticias\/wp-json\/wp\/v2\/posts\/77805","targetHints":{"allow":["GET"]}}],"collection":[{"href":"https:\/\/wiy.com.br\/noticias\/wp-json\/wp\/v2\/posts"}],"about":[{"href":"https:\/\/wiy.com.br\/noticias\/wp-json\/wp\/v2\/types\/post"}],"author":[{"embeddable":true,"href":"https:\/\/wiy.com.br\/noticias\/wp-json\/wp\/v2\/users\/1"}],"replies":[{"embeddable":true,"href":"https:\/\/wiy.com.br\/noticias\/wp-json\/wp\/v2\/comments?post=77805"}],"version-history":[{"count":0,"href":"https:\/\/wiy.com.br\/noticias\/wp-json\/wp\/v2\/posts\/77805\/revisions"}],"wp:featuredmedia":[{"embeddable":true,"href":"https:\/\/wiy.com.br\/noticias\/wp-json\/wp\/v2\/media\/77806"}],"wp:attachment":[{"href":"https:\/\/wiy.com.br\/noticias\/wp-json\/wp\/v2\/media?parent=77805"}],"wp:term":[{"taxonomy":"category","embeddable":true,"href":"https:\/\/wiy.com.br\/noticias\/wp-json\/wp\/v2\/categories?post=77805"},{"taxonomy":"post_tag","embeddable":true,"href":"https:\/\/wiy.com.br\/noticias\/wp-json\/wp\/v2\/tags?post=77805"}],"curies":[{"name":"wp","href":"https:\/\/api.w.org\/{rel}","templated":true}]}}