{"id":77517,"date":"2023-04-27T17:08:22","date_gmt":"2023-04-27T20:08:22","guid":{"rendered":"https:\/\/wiy.com.br\/noticias\/suv-de-sete-lugares-c3-aircross-e-revelado-pela-citroen\/"},"modified":"2023-04-27T17:08:22","modified_gmt":"2023-04-27T20:08:22","slug":"suv-de-sete-lugares-c3-aircross-e-revelado-pela-citroen","status":"publish","type":"post","link":"https:\/\/wiy.com.br\/noticias\/suv-de-sete-lugares-c3-aircross-e-revelado-pela-citroen\/","title":{"rendered":"SUV de sete lugares C3 Aircross \u00e9 revelado pela Citro\u00ebn\u00a0"},"content":{"rendered":"<p> <br \/>\n<\/p>\n<p>A Citro\u00ebn divulgou em eventos paralelos na \u00cdndia e Brasil mais detalhes sobre o seu mais novo SUV, o C3 Aircross. O plano da marca que pertence ao grupo <a href=\"https:\/\/olhardigital.com.br\/tag\/stellantis\/\" target=\"_blank\" rel=\"noreferrer noopener\">Stellantis<\/a> \u00e9 oferecer um modelo alternativo que custa menos e traz mais espa\u00e7o interno que os rivais.<\/p>\n<p>Por aqui, o carro ter\u00e1 a dif\u00edcil miss\u00e3o de brigar em um nicho bastante competitivo: o de <a href=\"https:\/\/olhardigital.com.br\/tag\/suv\/\" target=\"_blank\" rel=\"noreferrer noopener\">utilit\u00e1rios<\/a> compactos menos caros, caso do Jeep Renegade, por exemplo.<\/p>\n<p><strong>Leia mais:<\/strong><\/p>\n<ul>\n<li><a href=\"https:\/\/olhardigital.com.br\/2023\/04\/26\/carros-e-tecnologia\/citroen-registra-c4-x-no-brasil-lancamento-pode-ser-em-breve\/\" target=\"_blank\" rel=\"noreferrer noopener\">Citro\u00ebn registra C4 X no Brasil; lan\u00e7amento pode ser em breve<\/a><\/li>\n<li><a href=\"https:\/\/olhardigital.com.br\/2023\/04\/27\/carros-e-tecnologia\/pneus-que-nao-furam-tambem-sao-a-prova-de-balas\/\" target=\"_blank\" rel=\"noreferrer noopener\">Pneus que n\u00e3o furam tamb\u00e9m s\u00e3o \u00e0 prova de balas?<\/a><\/li>\n<li><a href=\"https:\/\/olhardigital.com.br\/2023\/04\/27\/carros-e-tecnologia\/fim-da-baliza-assista-ao-hyundai-ioniq-5-estacionando-de-lado\/\" target=\"_blank\" rel=\"noreferrer noopener\">Fim da baliza? Assista ao Hyundai Ioniq 5 estacionando \u2018de lado\u2019<\/a><\/li>\n<\/ul>\n<blockquote class=\"wp-block-quote\">\n<p>Estamos muito animados com a revela\u00e7\u00e3o do Novo SUV Citro\u00ebn C3 Aircross, que complementa a crescente gama da marca na Am\u00e9rica do Sul. Ele foi especialmente projetado para os nossos consumidores, que buscam um SUV compacto sob medida para a sua fam\u00edlia, acess\u00edvel e capaz de unir for\u00e7a, design marcante e tecnologia, com espa\u00e7o para at\u00e9 sete pessoas<\/p>\n<p><cite>Antonio Filosa, Presidente da Stellantis na Am\u00e9rica do Sul<\/cite><\/p><\/blockquote>\n<h2 id=\"h-como-e-o-c3-aircross\">Como \u00e9 o C3 Aircross<\/h2>\n<ul>\n<li>O ve\u00edculo ter\u00e1 suspens\u00e3o mais elevada e amplo v\u00e3o-livre de 200 mm (dist\u00e2ncia at\u00e9 o ch\u00e3o) para evitar obst\u00e1culos rodando na estrada e na terra.\u00a0<\/li>\n<li>Inspirado no irm\u00e3o menor, o <a href=\"https:\/\/olhardigital.com.br\/2023\/04\/07\/carros-e-tecnologia\/carro-fabricado-no-brasil-e-eleito-o-melhor-urbano-do-mundo\/\">hatch C3<\/a>, o SUV usa a mesma plataforma modular CMP e ser\u00e1 vendido com cinco ou sete lugares.<\/li>\n<li>Talvez a maior diferen\u00e7a entre os modelos \u00e9 a nova grade frontal integrada com os far\u00f3is de LED.<\/li>\n<li>A traseira, apesar de trazer lanternas parecidas com as do C3, tamb\u00e9m mudou.\u00a0<\/li>\n<\/ul>\n<figure class=\"wp-block-image size-large\"><img title = \"[Tags]\"loading=\"lazy\" decoding=\"async\" width=\"1024\" height=\"576\" src=\"https:\/\/img.olhardigital.com.br\/wp-content\/uploads\/2023\/04\/c3-aircross-2-1024x576.jpg\"alt = \"c3-aircross-2-1024x576 SUV de sete lugares C3 Aircross \u00e9 revelado pela Citro\u00ebn\u00a0\" class=\"wp-image-510059\" \/><figcaption><em>Os conjuntos \u00f3pticos do C3 Aircross s\u00e3o unidos por uma faixa em preto na tampa do porta-malas. Imagem: Divulga\u00e7\u00e3o\/Citro\u00ebn\u00a0<\/em><\/figcaption><\/figure>\n<p>No porta-malas, a capacidade da variante de sete lugares ser\u00e1 de 489 litros. Segundo a Citro\u00ebn, \u00e9 o maior compartimento para bagagens entre os concorrentes diretos. Quem precisar de mais espa\u00e7o interno poder\u00e1 remover ainda os dois \u00faltimos assentos traseiros da terceira fileira.<\/p>\n<figure class=\"wp-block-image size-large\"><img title = \"[Tags]\"decoding=\"async\" loading=\"lazy\" width=\"1024\" height=\"576\" src=\"https:\/\/img.olhardigital.com.br\/wp-content\/uploads\/2023\/04\/c3-aircross-3-1024x576.jpg\"alt = \"c3-aircross-2-1024x576 SUV de sete lugares C3 Aircross \u00e9 revelado pela Citro\u00ebn\u00a0\" class=\"wp-image-510060\" \/><figcaption><em>O cap\u00f4 elevado tem vincos longitudinais e os para-lamas alargados d\u00e3o um toque mais agressivo ao carro. Imagem: Divulga\u00e7\u00e3o\/Citro\u00ebn\u00a0<\/em><\/figcaption><\/figure>\n<p>As dimens\u00f5es do ve\u00edculo s\u00e3o: 1,80 metro de largura, 2,67 m de dist\u00e2ncia entre-eixos (13 cm a mais que o C3) e 4,32 metros de comprimento (a altura n\u00e3o foi divulgada).<\/p>\n<p>Para cortar custos na produ\u00e7\u00e3o, o interior compartilha alguns componentes com o hatch. Um deles \u00e9 a central multim\u00eddia de 10\u201d Citro\u00ebn Connect Touchscreen, com Apple CarPlay e Android Auto sem fio.<\/p>\n<figure class=\"wp-block-image size-large\"><img title = \"[Tags]\"decoding=\"async\" loading=\"lazy\" width=\"1024\" height=\"614\" src=\"https:\/\/img.olhardigital.com.br\/wp-content\/uploads\/2023\/04\/interior-c3-aircross-1024x614.png\"alt = \"c3-aircross-2-1024x576 SUV de sete lugares C3 Aircross \u00e9 revelado pela Citro\u00ebn\u00a0\" class=\"wp-image-510061\" \/><figcaption><em>Interior do C3 Aircross de cinco lugares. Imagem: Divulga\u00e7\u00e3o\/Citro\u00ebn\u00a0<\/em><\/figcaption><\/figure>\n<p>Por dentro, o C3 Aircross traz um sistema de ventila\u00e7\u00e3o no teto e um \u201ctruque\u201d na manga para n\u00e3o deixar os passageiros na m\u00e3o: at\u00e9 cinco portas USB na cabine para manter o celular de todos a bordo sempre carregado.\u00a0<\/p>\n<p>Quando o assunto \u00e9 motor, o SUV deve oferecer duas op\u00e7\u00f5es para o comprador no Brasil: o 1.0 turbo de 130 cv (mesmo do Fiat Pulse e Fatsback) ou 1.6 aspirado de 120 cv. <\/p>\n<h2>Quando o C3 Aircross ser\u00e1 lan\u00e7ado no Brasil?<\/h2>\n<p>O modelo ser\u00e1 fabricado em Porto Real (RJ) e est\u00e1 previsto para ser lan\u00e7ado na Am\u00e9rica do Sul no fim de 2023. Mais detalhes ser\u00e3o revelados at\u00e9 l\u00e1.<\/p>\n<figure class=\"wp-block-embed is-type-video is-provider-youtube wp-block-embed-youtube wp-embed-aspect-16-9 wp-has-aspect-ratio\">\n<div class=\"wp-block-embed__wrapper\">\n<\/div>\n<\/figure>\n<p>Com informa\u00e7\u00f5es da <em>Stellantis<\/em><\/p>\n<p><strong>J\u00e1 assistiu aos novos v\u00eddeos no<a href=\"http:\/\/www.youtube.com\/channel\/UCGV72aVJuWP0QPNGH4YgIww?sub_confirmation=1\" target=\"_blank\" rel=\"noreferrer noopener\">\u00a0YouTube<\/a>\u00a0do Olhar Digital? Inscreva-se no canal!<\/strong><\/p>\n<p>O post <a rel=\"nofollow\" href=\"https:\/\/olhardigital.com.br\/2023\/04\/27\/carros-e-tecnologia\/suv-de-sete-lugares-c3-aircross-e-revelado-pela-citroen\/\">SUV de sete lugares C3 Aircross \u00e9 revelado pela Citro\u00ebn&nbsp;<\/a> apareceu primeiro em <a rel=\"nofollow\" href=\"https:\/\/olhardigital.com.br\">Olhar Digital<\/a>.<\/p>\n<p><br \/>\n<br \/><a href=\"https:\/\/olhardigital.com.br\/2023\/04\/27\/carros-e-tecnologia\/suv-de-sete-lugares-c3-aircross-e-revelado-pela-citroen\/\">Fonte do Artigo <\/a><br \/>\nTags:<\/p>\n<p><a title=\"Gestor de Tr\u00e1fego\" href=\"https:\/\/www.gestor-de-trafego.com\/\" target=\"_blank\" rel=\"noopener\"><strong>Gestor de Tr\u00e1fego<\/strong><\/a><\/p>\n<p><a href=\"https:\/\/wiy.com.br\/noticias\/categoria\/tecnologia\/\">#tecnologia<\/a> <a href=\"https:\/\/wiy.com.br\/noticias\/categoria\/tecnologia\/\">#tecnologias<\/a> <a href=\"https:\/\/wiy.com.br\/noticias\/categoria\/tecnologia\/\">#technology<\/a> <a href=\"https:\/\/wiy.com.br\/noticias\/categoria\/tecnologia\/\">#tecnolog<\/a> <a href=\"https:\/\/wiy.com.br\/noticias\/categoria\/tecnologia\/\">#iphone<\/a> <a href=\"https:\/\/wiy.com.br\/noticias\/categoria\/tecnologia\/\">#informatica<\/a> <a href=\"https:\/\/wiy.com.br\/noticias\/categoria\/tecnologia\/\">#tech<\/a> <a href=\"https:\/\/wiy.com.br\/noticias\/categoria\/tecnologia\/\">#design<\/a> <a href=\"https:\/\/wiy.com.br\/noticias\/categoria\/tecnologia\/\">#samsung<\/a> <a href=\"https:\/\/wiy.com.br\/noticias\/categoria\/tecnologia\/\">#internet<\/a> <a href=\"https:\/\/wiy.com.br\/noticias\/categoria\/tecnologia\/\">#apple<\/a> <a href=\"https:\/\/wiy.com.br\/noticias\/categoria\/tecnologia\/\">#smartphone<\/a> <a href=\"https:\/\/wiy.com.br\/noticias\/categoria\/tecnologia\/\">#seguranca<\/a> <a href=\"https:\/\/wiy.com.br\/noticias\/categoria\/tecnologia\/\">#venezuela<\/a> <a href=\"https:\/\/wiy.com.br\/noticias\/categoria\/tecnologia\/\">#celular<\/a> <a href=\"https:\/\/wiy.com.br\/noticias\/categoria\/tecnologia\/\">#celulares<\/a> <a href=\"https:\/\/wiy.com.br\/noticias\/categoria\/tecnologia\/\">#inovar<\/a> <a href=\"https:\/\/wiy.com.br\/noticias\/categoria\/tecnologia\/\">#qualidade<\/a> <a href=\"https:\/\/wiy.com.br\/noticias\/categoria\/tecnologia\/\">#software<\/a> <a href=\"https:\/\/wiy.com.br\/noticias\/categoria\/tecnologia\/\">#empresas<\/a> <a href=\"https:\/\/wiy.com.br\/noticias\/categoria\/tecnologia\/\">#cursos<\/a> <a href=\"https:\/\/wiy.com.br\/noticias\/categoria\/tecnologia\/\">#engenharia<\/a> <a href=\"https:\/\/wiy.com.br\/noticias\/categoria\/tecnologia\/\">#industria<\/a> <a href=\"https:\/\/wiy.com.br\/noticias\/categoria\/tecnologia\/\">#marketing<\/a> <a href=\"https:\/\/wiy.com.br\/noticias\/categoria\/tecnologia\/\">#ti<\/a> <a href=\"https:\/\/wiy.com.br\/noticias\/categoria\/tecnologia\/\">#tecnoblog<\/a> <a href=\"https:\/\/wiy.com.br\/noticias\/categoria\/tecnologia\/\">#veja<\/a> <a href=\"https:\/\/wiy.com.br\/noticias\/categoria\/tecnologia\/\">#olhardigital<\/a> <a href=\"https:\/\/wiy.com.br\/noticias\/categoria\/tecnologia\/\">#mundodigital<\/a> <a href=\"https:\/\/wiy.com.br\/noticias\/categoria\/tecnologia\/\">#inteligenciaartificial<\/a> <a href=\"https:\/\/wiy.com.br\/criacao-de-sites\/\">#criar site<\/a> <a href=\"https:\/\/wiy.com.br\/criacao-de-sites\/\">#criar site curitiba<\/a> <a href=\"https:\/\/wiy.com.br\/criacao-de-sites\/\">#wiysolutions<\/a><\/p>\n<p><a href=\"https:\/\/www.comprar-cytotec.com\/\">#Comprar Cytotec<\/a><a href=\"https:\/\/www.cytotecfacil.com\/\">#Cytotec Comprar<\/a><a href=\"https:\/\/www.cytotecbrasil.org\/\">#Cytotec Brasil<\/a><br \/>\n#SUV #sete #lugares #Aircross #revelado #pela #Citro\u00ebn<\/p>\n","protected":false},"excerpt":{"rendered":"<p>A Citro\u00ebn divulgou em eventos paralelos na \u00cdndia e Brasil mais detalhes sobre o seu mais novo SUV, o C3 Aircross. O plano da marca que pertence ao grupo Stellantis \u00e9 oferecer um modelo alternativo que custa menos e traz mais espa\u00e7o interno que os rivais. Por aqui, o carro ter\u00e1 a dif\u00edcil miss\u00e3o de [&hellip;]<\/p>\n","protected":false},"author":1,"featured_media":77518,"comment_status":"open","ping_status":"open","sticky":false,"template":"","format":"standard","meta":{"footnotes":""},"categories":[5],"tags":[],"class_list":["post-77517","post","type-post","status-publish","format-standard","has-post-thumbnail","hentry","category-tecnologia"],"_links":{"self":[{"href":"https:\/\/wiy.com.br\/noticias\/wp-json\/wp\/v2\/posts\/77517","targetHints":{"allow":["GET"]}}],"collection":[{"href":"https:\/\/wiy.com.br\/noticias\/wp-json\/wp\/v2\/posts"}],"about":[{"href":"https:\/\/wiy.com.br\/noticias\/wp-json\/wp\/v2\/types\/post"}],"author":[{"embeddable":true,"href":"https:\/\/wiy.com.br\/noticias\/wp-json\/wp\/v2\/users\/1"}],"replies":[{"embeddable":true,"href":"https:\/\/wiy.com.br\/noticias\/wp-json\/wp\/v2\/comments?post=77517"}],"version-history":[{"count":0,"href":"https:\/\/wiy.com.br\/noticias\/wp-json\/wp\/v2\/posts\/77517\/revisions"}],"wp:featuredmedia":[{"embeddable":true,"href":"https:\/\/wiy.com.br\/noticias\/wp-json\/wp\/v2\/media\/77518"}],"wp:attachment":[{"href":"https:\/\/wiy.com.br\/noticias\/wp-json\/wp\/v2\/media?parent=77517"}],"wp:term":[{"taxonomy":"category","embeddable":true,"href":"https:\/\/wiy.com.br\/noticias\/wp-json\/wp\/v2\/categories?post=77517"},{"taxonomy":"post_tag","embeddable":true,"href":"https:\/\/wiy.com.br\/noticias\/wp-json\/wp\/v2\/tags?post=77517"}],"curies":[{"name":"wp","href":"https:\/\/api.w.org\/{rel}","templated":true}]}}