{"id":77262,"date":"2023-04-08T17:31:28","date_gmt":"2023-04-08T20:31:28","guid":{"rendered":"https:\/\/wiy.com.br\/noticias\/30-dos-pais-ja-pensaram-em-nao-vacinar-seus-filhos-por-causa-de-fake-news\/"},"modified":"2023-04-08T17:31:28","modified_gmt":"2023-04-08T20:31:28","slug":"30-dos-pais-ja-pensaram-em-nao-vacinar-seus-filhos-por-causa-de-fake-news","status":"publish","type":"post","link":"https:\/\/wiy.com.br\/noticias\/30-dos-pais-ja-pensaram-em-nao-vacinar-seus-filhos-por-causa-de-fake-news\/","title":{"rendered":"30% dos pais j\u00e1 pensaram em n\u00e3o vacinar seus filhos por causa de fake news"},"content":{"rendered":"<p> <br \/>\n<\/p>\n<p>Uma pesquisa realizada no Brasil revelou que cerca de 30% dos respons\u00e1veis por crian\u00e7as j\u00e1 pensaram em n\u00e3o <a href=\"https:\/\/olhardigital.com.br\/2023\/01\/25\/medicina-e-saude\/demencia-pode-ser-prevenida-por-meio-de-vacinas-entenda\/\" target=\"_blank\" rel=\"noreferrer noopener\">vacinar<\/a> seus filhos, fen\u00f4meno que tem sido causado principalmente pela falta de informa\u00e7\u00e3o sobre imuniza\u00e7\u00e3o e a desinforma\u00e7\u00e3o por <a href=\"https:\/\/olhardigital.com.br\/2023\/03\/23\/internet-e-redes-sociais\/ia-para-fake-news-internautas-usam-ferramentas-para-criar-falsas-imagens-de-trump-preso\/\" target=\"_blank\" rel=\"noreferrer noopener\">not\u00edcias falsas<\/a>.<\/p>\n<p>A campanha &#8220;Mais que um palpite&#8221; promovida pela Sociedade Brasileira de Pediatria tem tentado n\u00e3o s\u00f3 reverter esses n\u00fameros como tamb\u00e9m vem trabalhando para esclarecer algumas frases de conhecimento popular, como \u201cleite \u00e9 tudo igual\u201d e \u201cse ficar no sereno vai pegar pneumonia\u201d, proferidas, segundo eles, pelos palpiteiros.\u00a0<\/p>\n<blockquote class=\"wp-block-quote\">\n<p>Pode ser a vizinha, um parente ou at\u00e9 mesmo um desconhecido: parece que todo mundo tem um conselho &#8220;infal\u00edvel&#8221; para o filho da gente, n\u00e3o \u00e9 mesmo? Mas, quando o assunto \u00e9 sa\u00fade infantil, nada melhor do que ouvir a voz de quem mais entende de crian\u00e7a: o pediatra<\/p>\n<p><cite>Trecho da campanha <em>Mais que um palpite<\/em><\/cite><\/p><\/blockquote>\n<p>A inten\u00e7\u00e3o da campanha, que tem sido realizada em grande maioria pelos perfis nas redes sociais, \u00e9 informar os pais de maneira correta e incentivar que eles n\u00e3o ou\u00e7am conselhos m\u00e9dicos de n\u00e3o especialistas e busquem por m\u00e9dicos pediatras.<\/p>\n<p><strong>Leia mais<\/strong><\/p>\n<ul>\n<li><a href=\"https:\/\/olhardigital.com.br\/2023\/03\/28\/internet-e-redes-sociais\/vacina-da-covid-19-volta-a-ser-alvo-de-fake-news-na-internet\/\" target=\"_blank\" rel=\"noreferrer noopener\">Vacina da Covid-19 volta a ser alvo de fake news na internet<\/a><\/li>\n<li><a href=\"https:\/\/olhardigital.com.br\/2023\/03\/10\/pro\/secretario-do-governo-federal-afirma-que-brasil-visa-liderar-esforco-mundial-no-combate-as-fake-news\/\" target=\"_blank\" rel=\"noreferrer noopener\">Secret\u00e1rio do governo federal afirma que Brasil visa liderar esfor\u00e7o mundial no combate \u00e0s fake news<\/a><\/li>\n<li><a href=\"https:\/\/olhardigital.com.br\/2023\/02\/22\/pro\/lula-defende-regulamentacao-internacional-contra-fake-news-em-carta-enviada-a-unesco\/\" target=\"_blank\" rel=\"noreferrer noopener\">Lula defende regulamenta\u00e7\u00e3o internacional contra fake news em carta enviada \u00e0 Unesco<\/a><\/li>\n<\/ul>\n<h2 id=\"h-mais-de-um-milhao-de-de-noticias-falsas-sobre-vacinas\">Mais de um milh\u00e3o de de not\u00edcias falsas sobre vacinas<\/h2>\n<p>De acordo com a <a href=\"https:\/\/g1.globo.com\/bom-dia-brasil\/noticia\/2023\/04\/07\/30percent-dos-pais-ja-cogitaram-nao-vacinar-os-filhos-por-causa-das-fake-news-campanha-ajuda-a-informar.ghtml\">Globo<\/a>, uma pesquisa realizada pelo NetLab, Laborat\u00f3rio de pesquisas da Escola de Comunica\u00e7\u00e3o da Universidade Federal do Rio de Janeiro, contabilizou a quantidade de not\u00edcias falsas que foram publicadas sobre vacina\u00e7\u00e3o durante o per\u00edodo de 26 de fevereiro a 21 de mar\u00e7o.<\/p>\n<p>Mais de um milh\u00e3o e meio de conte\u00fados falsos sobre a vacina\u00e7\u00e3o foram publicadas e compartilhadas no Whatsapp, Telegram, Instagram, Facebook, Twitter e Tik Tok durante o per\u00edodo, tendo maior pico em 27 de fevereiro quando o Presidente Lula foi imunizado com a vacina bivalente.<\/p>\n<p>As publica\u00e7\u00f5es com inten\u00e7\u00e3o de descredibilizar a campanha de vacina\u00e7\u00e3o, contavam com narrativas sobre imuniza\u00e7\u00e3o natural e efeitos colaterais, al\u00e9m de publica\u00e7\u00f5es que falavam sobre a inefic\u00e1cia da vacina baseada em falsos estudos internacionais e at\u00e9 mesmo teorias da conspira\u00e7\u00e3o de controle populacional.<\/p>\n<p>De acordo com Maria Santine que est\u00e1 a frente do estudo, a maior parte das not\u00edcias falsas eram veiculadas em sites ca\u00e7a-cliques, religiosos e blogs conspiracionistas.<\/p>\n<p><strong>J\u00e1 assistiu aos novos v\u00eddeos no&nbsp;<a href=\"http:\/\/www.youtube.com\/channel\/UCGV72aVJuWP0QPNGH4YgIww?sub_confirmation=1\" target=\"_blank\" rel=\"noreferrer noopener\">YouTube<\/a>&nbsp;do Olhar Digital? Inscreva-se no canal!<\/strong><\/p>\n<p>O post <a rel=\"nofollow\" href=\"https:\/\/olhardigital.com.br\/2023\/04\/08\/medicina-e-saude\/30-dos-pais-ja-pensaram-em-nao-vacinar-seus-filhos-por-causa-de-fake-news\/\">30% dos pais j\u00e1 pensaram em n\u00e3o vacinar seus filhos por causa de fake news<\/a> apareceu primeiro em <a rel=\"nofollow\" href=\"https:\/\/olhardigital.com.br\">Olhar Digital<\/a>.<\/p>\n<p><br \/>\n<br \/><a href=\"https:\/\/olhardigital.com.br\/2023\/04\/08\/medicina-e-saude\/30-dos-pais-ja-pensaram-em-nao-vacinar-seus-filhos-por-causa-de-fake-news\/\">Fonte do Artigo <\/a><br \/>\nTags:<\/p>\n<p><a title=\"Gestor de Tr\u00e1fego\" href=\"https:\/\/www.gestor-de-trafego.com\/\" target=\"_blank\" rel=\"noopener\"><strong>Gestor de Tr\u00e1fego<\/strong><\/a><\/p>\n<p><a href=\"https:\/\/wiy.com.br\/noticias\/categoria\/tecnologia\/\">#tecnologia<\/a> <a href=\"https:\/\/wiy.com.br\/noticias\/categoria\/tecnologia\/\">#tecnologias<\/a> <a href=\"https:\/\/wiy.com.br\/noticias\/categoria\/tecnologia\/\">#technology<\/a> <a href=\"https:\/\/wiy.com.br\/noticias\/categoria\/tecnologia\/\">#tecnolog<\/a> <a href=\"https:\/\/wiy.com.br\/noticias\/categoria\/tecnologia\/\">#iphone<\/a> <a href=\"https:\/\/wiy.com.br\/noticias\/categoria\/tecnologia\/\">#informatica<\/a> <a href=\"https:\/\/wiy.com.br\/noticias\/categoria\/tecnologia\/\">#tech<\/a> <a href=\"https:\/\/wiy.com.br\/noticias\/categoria\/tecnologia\/\">#design<\/a> <a href=\"https:\/\/wiy.com.br\/noticias\/categoria\/tecnologia\/\">#samsung<\/a> <a href=\"https:\/\/wiy.com.br\/noticias\/categoria\/tecnologia\/\">#internet<\/a> <a href=\"https:\/\/wiy.com.br\/noticias\/categoria\/tecnologia\/\">#apple<\/a> <a href=\"https:\/\/wiy.com.br\/noticias\/categoria\/tecnologia\/\">#smartphone<\/a> <a href=\"https:\/\/wiy.com.br\/noticias\/categoria\/tecnologia\/\">#seguranca<\/a> <a href=\"https:\/\/wiy.com.br\/noticias\/categoria\/tecnologia\/\">#venezuela<\/a> <a href=\"https:\/\/wiy.com.br\/noticias\/categoria\/tecnologia\/\">#celular<\/a> <a href=\"https:\/\/wiy.com.br\/noticias\/categoria\/tecnologia\/\">#celulares<\/a> <a href=\"https:\/\/wiy.com.br\/noticias\/categoria\/tecnologia\/\">#inovar<\/a> <a href=\"https:\/\/wiy.com.br\/noticias\/categoria\/tecnologia\/\">#qualidade<\/a> <a href=\"https:\/\/wiy.com.br\/noticias\/categoria\/tecnologia\/\">#software<\/a> <a href=\"https:\/\/wiy.com.br\/noticias\/categoria\/tecnologia\/\">#empresas<\/a> <a href=\"https:\/\/wiy.com.br\/noticias\/categoria\/tecnologia\/\">#cursos<\/a> <a href=\"https:\/\/wiy.com.br\/noticias\/categoria\/tecnologia\/\">#engenharia<\/a> <a href=\"https:\/\/wiy.com.br\/noticias\/categoria\/tecnologia\/\">#industria<\/a> <a href=\"https:\/\/wiy.com.br\/noticias\/categoria\/tecnologia\/\">#marketing<\/a> <a href=\"https:\/\/wiy.com.br\/noticias\/categoria\/tecnologia\/\">#ti<\/a> <a href=\"https:\/\/wiy.com.br\/noticias\/categoria\/tecnologia\/\">#tecnoblog<\/a> <a href=\"https:\/\/wiy.com.br\/noticias\/categoria\/tecnologia\/\">#veja<\/a> <a href=\"https:\/\/wiy.com.br\/noticias\/categoria\/tecnologia\/\">#olhardigital<\/a> <a href=\"https:\/\/wiy.com.br\/noticias\/categoria\/tecnologia\/\">#mundodigital<\/a> <a href=\"https:\/\/wiy.com.br\/noticias\/categoria\/tecnologia\/\">#inteligenciaartificial<\/a> <a href=\"https:\/\/wiy.com.br\/criacao-de-sites\/\">#criar site<\/a> <a href=\"https:\/\/wiy.com.br\/criacao-de-sites\/\">#criar site curitiba<\/a> <a href=\"https:\/\/wiy.com.br\/criacao-de-sites\/\">#wiysolutions<\/a><\/p>\n<p><a href=\"https:\/\/www.comprar-cytotec.com\/\">#Comprar Cytotec<\/a><a href=\"https:\/\/www.cytotecfacil.com\/\">#Cytotec Comprar<\/a><a href=\"https:\/\/www.cytotecbrasil.org\/\">#Cytotec Brasil<\/a><br \/>\n#dos #pais #j\u00e1 #pensaram #n\u00e3o #vacinar #seus #filhos #por #causa #fake #news<\/p>\n","protected":false},"excerpt":{"rendered":"<p>Uma pesquisa realizada no Brasil revelou que cerca de 30% dos respons\u00e1veis por crian\u00e7as j\u00e1 pensaram em n\u00e3o vacinar seus filhos, fen\u00f4meno que tem sido causado principalmente pela falta de informa\u00e7\u00e3o sobre imuniza\u00e7\u00e3o e a desinforma\u00e7\u00e3o por not\u00edcias falsas. A campanha &#8220;Mais que um palpite&#8221; promovida pela Sociedade Brasileira de Pediatria tem tentado n\u00e3o s\u00f3 [&hellip;]<\/p>\n","protected":false},"author":1,"featured_media":0,"comment_status":"open","ping_status":"open","sticky":false,"template":"","format":"standard","meta":{"footnotes":""},"categories":[5],"tags":[],"class_list":["post-77262","post","type-post","status-publish","format-standard","hentry","category-tecnologia"],"_links":{"self":[{"href":"https:\/\/wiy.com.br\/noticias\/wp-json\/wp\/v2\/posts\/77262","targetHints":{"allow":["GET"]}}],"collection":[{"href":"https:\/\/wiy.com.br\/noticias\/wp-json\/wp\/v2\/posts"}],"about":[{"href":"https:\/\/wiy.com.br\/noticias\/wp-json\/wp\/v2\/types\/post"}],"author":[{"embeddable":true,"href":"https:\/\/wiy.com.br\/noticias\/wp-json\/wp\/v2\/users\/1"}],"replies":[{"embeddable":true,"href":"https:\/\/wiy.com.br\/noticias\/wp-json\/wp\/v2\/comments?post=77262"}],"version-history":[{"count":0,"href":"https:\/\/wiy.com.br\/noticias\/wp-json\/wp\/v2\/posts\/77262\/revisions"}],"wp:attachment":[{"href":"https:\/\/wiy.com.br\/noticias\/wp-json\/wp\/v2\/media?parent=77262"}],"wp:term":[{"taxonomy":"category","embeddable":true,"href":"https:\/\/wiy.com.br\/noticias\/wp-json\/wp\/v2\/categories?post=77262"},{"taxonomy":"post_tag","embeddable":true,"href":"https:\/\/wiy.com.br\/noticias\/wp-json\/wp\/v2\/tags?post=77262"}],"curies":[{"name":"wp","href":"https:\/\/api.w.org\/{rel}","templated":true}]}}