{"id":77206,"date":"2023-04-04T19:40:51","date_gmt":"2023-04-04T22:40:51","guid":{"rendered":"https:\/\/wiy.com.br\/noticias\/bolivar-x-palmeiras-onde-assistir-horario-e-escalacoes-da-partida-da-conmebol-libertadores\/"},"modified":"2023-04-04T19:40:51","modified_gmt":"2023-04-04T22:40:51","slug":"bolivar-x-palmeiras-onde-assistir-horario-e-escalacoes-da-partida-da-conmebol-libertadores","status":"publish","type":"post","link":"https:\/\/wiy.com.br\/noticias\/bolivar-x-palmeiras-onde-assistir-horario-e-escalacoes-da-partida-da-conmebol-libertadores\/","title":{"rendered":"Bol\u00edvar x Palmeiras: onde assistir, hor\u00e1rio e escala\u00e7\u00f5es da partida da Conmebol Libertadores"},"content":{"rendered":"<p> <br \/>\n<\/p>\n<p>Bol\u00edvar e <a href=\"https:\/\/olhardigital.com.br\/tag\/palmeiras\/\" target=\"_blank\" rel=\"noreferrer noopener\">Palmeiras<\/a> se enfrentam na noite desta quarta-feira, 5 de abril. O duelo v\u00e1lido pelo Grupo C da Conmebol <a href=\"https:\/\/olhardigital.com.br\/tag\/libertadores\/\" target=\"_blank\" rel=\"noreferrer noopener\">Libertadores<\/a> 2023 acontece \u00e0s 21h30 (hor\u00e1rio de Bras\u00edlia), no Est\u00e1dio Hernando Siles, em La Paz, na Bol\u00edvia.<\/p>\n<ul>\n<li><strong>Bol\u00edvar x Palmeiras<\/strong>\n<ul>\n<li>Competi\u00e7\u00e3o: Conmebol Libertadores<\/li>\n<li>Fase de Grupos, Grupo C<\/li>\n<li>Local:&nbsp;Est\u00e1dio Hernando Siles, em La Paz, na Bol\u00edvia<\/li>\n<\/ul>\n<ul>\n<li>Data:&nbsp;quarta-feira, 5 de abril de 2023<\/li>\n<li>Hor\u00e1rio:&nbsp;21h30 (hor\u00e1rio de Bras\u00edlia)<\/li>\n<\/ul>\n<\/li>\n<\/ul>\n<p><strong>Leia mais:<\/strong><\/p>\n<ul>\n<li><a href=\"https:\/\/olhardigital.com.br\/2023\/04\/03\/dicas-e-tutoriais\/como-encontrar-trends-no-tiktok\/\" target=\"_blank\" rel=\"noreferrer noopener\">Como encontrar trends no TikTok<\/a><\/li>\n<li><a href=\"https:\/\/olhardigital.com.br\/2023\/02\/02\/tira-duvidas\/por-que-os-precos-de-smartphones-e-tablets-sao-tao-altos-no-brasil\/\" target=\"_blank\" rel=\"noreferrer noopener\">Por que os pre\u00e7os de smartphones e tablets s\u00e3o t\u00e3o altos no Brasil?<\/a><\/li>\n<li><a href=\"https:\/\/olhardigital.com.br\/2023\/04\/03\/internet-e-redes-sociais\/microsoft-teams-adiciona-recurso-de-tela-verde\/\" target=\"_blank\" rel=\"noreferrer noopener\">Microsoft Teams adiciona recurso de tela verde<\/a><\/li>\n<\/ul>\n<p>A partida, que abre a competi\u00e7\u00e3o para alviverde paulista, acontece na altitude de 3.600 metros de La Paz, um desafio para os brasileiros. O jogo ter\u00e1 transmiss\u00e3o na TV aberta, na&nbsp;<a href=\"https:\/\/olhardigital.com.br\/2023\/03\/08\/pro\/conteudo-em-video-atinge-quase-100-dos-brasileiros-segundo-ibope\/\" target=\"_blank\" rel=\"noreferrer noopener\">TV<\/a>&nbsp;fechada e tamb\u00e9m no&nbsp;<a href=\"https:\/\/olhardigital.com.br\/2023\/03\/24\/pro\/prejuizo-bilionario-disney-warner-e-paramount-anunciam-demissoes\/\" target=\"_blank\" rel=\"noreferrer noopener\">streaming<\/a>.<\/p>\n<h2 id=\"h-quando-acontece-o-duelo-entre-bolivar-x-palmeiras\">Quando acontece o duelo entre Bol\u00edvar x Palmeiras?<\/h2>\n<p>O Palmeiras visita La Paz para enfrentar o Bol\u00edvar nesta quarta-feira, 5 de abril, \u00e0s 21h30. O duelo pelo Grupo C da Fase de Grupos da Conmebol Libertadores acontece no Est\u00e1dio Hernando Siles, em La Paz, na Bol\u00edvia.<\/p>\n<h2 id=\"h-onde-assistir-a-partida\">Onde assistir \u00e0 partida?<\/h2>\n<p>Bol\u00edvar e Palmeiras, partida v\u00e1lida pelo Grupo C da Fase de Grupos da Libertadores 2023, ser\u00e1 exibida ao vivo na TV aberta pela Globo, na TV fechada pela ESPN e no streaming pelo Star+.<\/p>\n<p>Na Globo, \u00e9 necess\u00e1rio conferir a disponibilidade da partida em sua regi\u00e3o, pois Sporting Cristal e Fluminense tamb\u00e9m ter\u00e3o transmiss\u00e3o da emissora no mesmo hor\u00e1rio.<\/p>\n<h2 id=\"h-bolivar-x-palmeiras-possiveis-escalacoes\">Bol\u00edvar x Palmeiras: Poss\u00edveis escala\u00e7\u00f5es<\/h2>\n<ul>\n<li><strong>Bol\u00edvar<\/strong>: Lampe; Jesus Sagredo, Ferreyra e Jose Sagredo; Justiniano; Bejarano, Villamil, Vaca e Roberto Fern\u00e1ndez; Ronnie Fern\u00e1ndez e Chavez Cruz<\/li>\n<li><strong>T\u00e9cnico<\/strong>: Be\u00f1at San Jos\u00e9<\/li>\n<li><strong>Desfalques<\/strong>: Nenhum<\/li>\n<\/ul>\n<ul>\n<li><strong>Palmeiras<\/strong>: Weverton; Marcos Rocha, Gustavo G\u00f3mez, Luan e Vanderlan; Richard R\u00edos (Gabriel Menino), Z\u00e9 Rafael e Raphael Veiga; Artur (Dudu), Endrick e Rony<\/li>\n<li><strong>T\u00e9cnico<\/strong>: Abel Ferreira<\/li>\n<li><strong>Desfalques:<\/strong> Murilo e Piquerez<\/li>\n<\/ul>\n<h2 id=\"h-arbitragem-de-bolivar-x-palmeiras\">Arbitragem de Bol\u00edvar x Palmeiras<\/h2>\n<ul>\n<li><strong>\u00c1rbitro:&nbsp;<\/strong>Alexis Herrera (VEN)<\/li>\n<li><strong>Assistentes:&nbsp;<\/strong>Jorge Urrego (VEN) e Tulio Moreno (VEN)<\/li>\n<li><strong>\u00c1rbitro de v\u00eddeo:&nbsp;<\/strong>Juan Soto (VEN)<\/li>\n<\/ul>\n<h2 id=\"h-grupo-c-da-libertadores\">Grupo C da Libertadores<\/h2>\n<p>Palmeiras e Bol\u00edvar integram o Grupo C da Fase de Grupos da Libertadores, ao lado do Cerro Porte\u00f1o, do Paraguai, e Barcelona de Guayaquil, do Equador. Os outros dois clubes tamb\u00e9m se enfrentam em sua primeira partida na Libertadores 2023 um pouco antes tamb\u00e9m na quarta-feira, 5 de abril, \u00e0s 21h.<\/p>\n<p>Os interessados em assistir \u00e0 partida entre os futuros advers\u00e1rios do Palmeiras na Libertadores podem acompanhar a transmiss\u00e3o ao vivo pela ESPN e <a href=\"https:\/\/olhardigital.com.br\/tag\/star\/\" target=\"_blank\" rel=\"noreferrer noopener\">Star+<\/a>.<\/p>\n<p><strong>J\u00e1 assistiu aos novos v\u00eddeos no&nbsp;<\/strong><a href=\"http:\/\/www.youtube.com\/channel\/UCGV72aVJuWP0QPNGH4YgIww?sub_confirmation=1\" target=\"_blank\" rel=\"noreferrer noopener\"><strong>YouTube<\/strong><\/a><strong>&nbsp;do Olhar Digital? Inscreva-se no canal!<\/strong><\/p>\n<p>O post <a rel=\"nofollow\" href=\"https:\/\/olhardigital.com.br\/2023\/04\/04\/internet-e-redes-sociais\/bolivar-x-palmeiras-onde-assistir-horario-e-escalacoes-da-partida-da-conmebol-libertadores\/\">Bol\u00edvar x Palmeiras: onde assistir, hor\u00e1rio e escala\u00e7\u00f5es da partida da Conmebol Libertadores<\/a> apareceu primeiro em <a rel=\"nofollow\" href=\"https:\/\/olhardigital.com.br\">Olhar Digital<\/a>.<\/p>\n<p><br \/>\n<br \/><a href=\"https:\/\/olhardigital.com.br\/2023\/04\/04\/internet-e-redes-sociais\/bolivar-x-palmeiras-onde-assistir-horario-e-escalacoes-da-partida-da-conmebol-libertadores\/\">Fonte do Artigo <\/a><br \/>\nTags:<\/p>\n<p><a title=\"Gestor de Tr\u00e1fego\" href=\"https:\/\/www.gestor-de-trafego.com\/\" target=\"_blank\" rel=\"noopener\"><strong>Gestor de Tr\u00e1fego<\/strong><\/a><\/p>\n<p><a href=\"https:\/\/wiy.com.br\/noticias\/categoria\/tecnologia\/\">#tecnologia<\/a> <a href=\"https:\/\/wiy.com.br\/noticias\/categoria\/tecnologia\/\">#tecnologias<\/a> <a href=\"https:\/\/wiy.com.br\/noticias\/categoria\/tecnologia\/\">#technology<\/a> <a href=\"https:\/\/wiy.com.br\/noticias\/categoria\/tecnologia\/\">#tecnolog<\/a> <a href=\"https:\/\/wiy.com.br\/noticias\/categoria\/tecnologia\/\">#iphone<\/a> <a href=\"https:\/\/wiy.com.br\/noticias\/categoria\/tecnologia\/\">#informatica<\/a> <a href=\"https:\/\/wiy.com.br\/noticias\/categoria\/tecnologia\/\">#tech<\/a> <a href=\"https:\/\/wiy.com.br\/noticias\/categoria\/tecnologia\/\">#design<\/a> <a href=\"https:\/\/wiy.com.br\/noticias\/categoria\/tecnologia\/\">#samsung<\/a> <a href=\"https:\/\/wiy.com.br\/noticias\/categoria\/tecnologia\/\">#internet<\/a> <a href=\"https:\/\/wiy.com.br\/noticias\/categoria\/tecnologia\/\">#apple<\/a> <a href=\"https:\/\/wiy.com.br\/noticias\/categoria\/tecnologia\/\">#smartphone<\/a> <a href=\"https:\/\/wiy.com.br\/noticias\/categoria\/tecnologia\/\">#seguranca<\/a> <a href=\"https:\/\/wiy.com.br\/noticias\/categoria\/tecnologia\/\">#venezuela<\/a> <a href=\"https:\/\/wiy.com.br\/noticias\/categoria\/tecnologia\/\">#celular<\/a> <a href=\"https:\/\/wiy.com.br\/noticias\/categoria\/tecnologia\/\">#celulares<\/a> <a href=\"https:\/\/wiy.com.br\/noticias\/categoria\/tecnologia\/\">#inovar<\/a> <a href=\"https:\/\/wiy.com.br\/noticias\/categoria\/tecnologia\/\">#qualidade<\/a> <a href=\"https:\/\/wiy.com.br\/noticias\/categoria\/tecnologia\/\">#software<\/a> <a href=\"https:\/\/wiy.com.br\/noticias\/categoria\/tecnologia\/\">#empresas<\/a> <a href=\"https:\/\/wiy.com.br\/noticias\/categoria\/tecnologia\/\">#cursos<\/a> <a href=\"https:\/\/wiy.com.br\/noticias\/categoria\/tecnologia\/\">#engenharia<\/a> <a href=\"https:\/\/wiy.com.br\/noticias\/categoria\/tecnologia\/\">#industria<\/a> <a href=\"https:\/\/wiy.com.br\/noticias\/categoria\/tecnologia\/\">#marketing<\/a> <a href=\"https:\/\/wiy.com.br\/noticias\/categoria\/tecnologia\/\">#ti<\/a> <a href=\"https:\/\/wiy.com.br\/noticias\/categoria\/tecnologia\/\">#tecnoblog<\/a> <a href=\"https:\/\/wiy.com.br\/noticias\/categoria\/tecnologia\/\">#veja<\/a> <a href=\"https:\/\/wiy.com.br\/noticias\/categoria\/tecnologia\/\">#olhardigital<\/a> <a href=\"https:\/\/wiy.com.br\/noticias\/categoria\/tecnologia\/\">#mundodigital<\/a> <a href=\"https:\/\/wiy.com.br\/noticias\/categoria\/tecnologia\/\">#inteligenciaartificial<\/a> <a href=\"https:\/\/wiy.com.br\/criacao-de-sites\/\">#criar site<\/a> <a href=\"https:\/\/wiy.com.br\/criacao-de-sites\/\">#criar site curitiba<\/a> <a href=\"https:\/\/wiy.com.br\/criacao-de-sites\/\">#wiysolutions<\/a><\/p>\n<p><a href=\"https:\/\/www.comprar-cytotec.com\/\">#Comprar Cytotec<\/a><a href=\"https:\/\/www.cytotecfacil.com\/\">#Cytotec Comprar<\/a><a href=\"https:\/\/www.cytotecbrasil.org\/\">#Cytotec Brasil<\/a><br \/>\n#Bol\u00edvar #Palmeiras #onde #assistir #hor\u00e1rio #escala\u00e7\u00f5es #partida #Conmebol #Libertadores<\/p>\n","protected":false},"excerpt":{"rendered":"<p>Bol\u00edvar e Palmeiras se enfrentam na noite desta quarta-feira, 5 de abril. O duelo v\u00e1lido pelo Grupo C da Conmebol Libertadores 2023 acontece \u00e0s 21h30 (hor\u00e1rio de Bras\u00edlia), no Est\u00e1dio Hernando Siles, em La Paz, na Bol\u00edvia. Bol\u00edvar x Palmeiras Competi\u00e7\u00e3o: Conmebol Libertadores Fase de Grupos, Grupo C Local:&nbsp;Est\u00e1dio Hernando Siles, em La Paz, na [&hellip;]<\/p>\n","protected":false},"author":1,"featured_media":0,"comment_status":"open","ping_status":"open","sticky":false,"template":"","format":"standard","meta":{"footnotes":""},"categories":[5],"tags":[],"class_list":["post-77206","post","type-post","status-publish","format-standard","hentry","category-tecnologia"],"_links":{"self":[{"href":"https:\/\/wiy.com.br\/noticias\/wp-json\/wp\/v2\/posts\/77206","targetHints":{"allow":["GET"]}}],"collection":[{"href":"https:\/\/wiy.com.br\/noticias\/wp-json\/wp\/v2\/posts"}],"about":[{"href":"https:\/\/wiy.com.br\/noticias\/wp-json\/wp\/v2\/types\/post"}],"author":[{"embeddable":true,"href":"https:\/\/wiy.com.br\/noticias\/wp-json\/wp\/v2\/users\/1"}],"replies":[{"embeddable":true,"href":"https:\/\/wiy.com.br\/noticias\/wp-json\/wp\/v2\/comments?post=77206"}],"version-history":[{"count":0,"href":"https:\/\/wiy.com.br\/noticias\/wp-json\/wp\/v2\/posts\/77206\/revisions"}],"wp:attachment":[{"href":"https:\/\/wiy.com.br\/noticias\/wp-json\/wp\/v2\/media?parent=77206"}],"wp:term":[{"taxonomy":"category","embeddable":true,"href":"https:\/\/wiy.com.br\/noticias\/wp-json\/wp\/v2\/categories?post=77206"},{"taxonomy":"post_tag","embeddable":true,"href":"https:\/\/wiy.com.br\/noticias\/wp-json\/wp\/v2\/tags?post=77206"}],"curies":[{"name":"wp","href":"https:\/\/api.w.org\/{rel}","templated":true}]}}