{"id":76875,"date":"2023-03-12T17:29:56","date_gmt":"2023-03-12T20:29:56","guid":{"rendered":"https:\/\/wiy.com.br\/noticias\/carros-eletricos-nao-estao-recebendo-suporte-a-radio-am-entenda\/"},"modified":"2023-03-12T17:29:56","modified_gmt":"2023-03-12T20:29:56","slug":"carros-eletricos-nao-estao-recebendo-suporte-a-radio-am-entenda","status":"publish","type":"post","link":"https:\/\/wiy.com.br\/noticias\/carros-eletricos-nao-estao-recebendo-suporte-a-radio-am-entenda\/","title":{"rendered":"Carros el\u00e9tricos n\u00e3o est\u00e3o recebendo suporte \u00e0 r\u00e1dio AM; entenda"},"content":{"rendered":"<p> <br \/>\n<\/p>\n<p>A r\u00e1dio AM est\u00e1 em risco, com mais e mais montadoras de carros descontinuando seu uso, especialmente porque a ind\u00fastria est\u00e1 passando por uma r\u00e1pida mudan\u00e7a para a eletrifica\u00e7\u00e3o. <\/p>\n<p>Legisladores e reguladores est\u00e3o preocupados que o lento desaparecimento do r\u00e1dio AM possa dificultar a transmiss\u00e3o de informa\u00e7\u00f5es de emerg\u00eancia durante um desastre natural ou outros eventos relacionados. Mas as montadoras n\u00e3o se intimidam e parecem determinadas a eliminar o r\u00e1dio AM do cotidiano dos motoristas.<\/p>\n<p><strong>Leia tamb\u00e9m:<\/strong><\/p>\n<ul>\n<li><a href=\"https:\/\/olhardigital.com.br\/2023\/02\/22\/pro\/uber-atualizacao-do-aplicativo-apresenta-novo-design-e-mais-funcoes\/\" target=\"_blank\" rel=\"noreferrer noopener\">Uber: atualiza\u00e7\u00e3o do aplicativo apresenta novo design e mais fun\u00e7\u00f5es<\/a><\/li>\n<li><a href=\"https:\/\/olhardigital.com.br\/2023\/03\/10\/dicas-e-tutoriais\/indrive-o-que-e-e-como-funciona-o-concorrente-do-uber\/\" target=\"_blank\" rel=\"noreferrer noopener\">InDrive: o que \u00e9 e como funciona o concorrente do Uber<\/a><\/li>\n<li><a href=\"https:\/\/olhardigital.com.br\/2023\/03\/09\/carros-e-tecnologia\/trens-colidem-novamente-no-metro-de-sao-paulo\/\" target=\"_blank\" rel=\"noreferrer noopener\">Trens colidem novamente no metr\u00f4 de S\u00e3o Paulo<\/a><\/li>\n<\/ul>\n<p>O modelo mais recente a chegar \u00e0s concession\u00e1rias sem a tecnologia de transmiss\u00e3o de r\u00e1dio de primeira gera\u00e7\u00e3o \u00e9 o Ford Mustang 2024, de acordo com a Ars Technica, citando a Ford Authority. De fato, a Ford foi uma das oito empresas a declarar que o r\u00e1dio AM \u00e9 uma tecnologia obsoleta em sua resposta ao pedido de informa\u00e7\u00f5es do senador americano Ed Markey.<\/p>\n<h2 id=\"h-montadoras-estao-descontinuando-o-radio-am-em-carros-eletricos\">Montadoras est\u00e3o descontinuando o r\u00e1dio AM em carros el\u00e9tricos<\/h2>\n<p>A Ford juntou-se \u00e0 BMW, Mazda, Polestar, Rivian, Tesla, Volkswagen e Volvo para defender a posi\u00e7\u00e3o de que o r\u00e1dio AM \u00e9 incompat\u00edvel com os ve\u00edculos el\u00e9tricos, citando a interfer\u00eancia eletromagn\u00e9tica. De fato, a Tesla deu esse mesmo argumento quando removeu o r\u00e1dio AM de seus ve\u00edculos em 2018.<\/p>\n<blockquote class=\"wp-block-quote\">\n<p>\u201cOs EVs s\u00e3o alimentados por uma bateria recarreg\u00e1vel, motor el\u00e9trico e um conversor de frequ\u00eancia que controla quanta energia os motores el\u00e9tricos do carro produzem ligando e desligando a voltagem milhares de vezes por segundo, basicamente cortando energia. Este processo causa interfer\u00eancia eletromagn\u00e9tica que \u00e9 captada pelo r\u00e1dio.\u201d<\/p>\n<p><cite>Tesla em comunicado de 2016<\/cite><\/p><\/blockquote>\n<p>A Ford disse que havia outras tecnologias dispon\u00edveis, como streaming de internet, r\u00e1dio HD entregue em bandas FM ou alguns aplicativos que fornecem conte\u00fado AM, que compensar\u00e3o a aus\u00eancia de r\u00e1dio AM em seus ve\u00edculos.<\/p>\n<figure class=\"wp-block-image size-large\"><img title = \"[Tags]\"loading=\"lazy\" decoding=\"async\" width=\"1024\" height=\"678\" src=\"https:\/\/img.olhardigital.com.br\/wp-content\/uploads\/2023\/03\/shutterstock_791956078-1024x678.jpg\"alt = \"shutterstock_791956078-1024x678 Carros el\u00e9tricos n\u00e3o est\u00e3o recebendo suporte \u00e0 r\u00e1dio AM; entenda\" class=\"wp-image-488396\" \/><figcaption>Imagem: Shutterstock<\/figcaption><\/figure>\n<p>Markey disse que 10 montadoras &#8211; Honda, Hyundai, Jaguar, Land Rover, Kia, Lucid, Mitsubishi, Nissan, Stellantis, Subaru e Toyota &#8211; disseram que n\u00e3o t\u00eam planos de descontinuar o uso de r\u00e1dio AM. A General Motors e a Mercedes-Benz n\u00e3o responderam, baseando-se em declara\u00e7\u00f5es do grupo industrial Alliance for Automotive Innovation.<\/p>\n<p>Nenhuma dessas montadoras chegou ao ponto de declarar um compromisso de longo prazo com a sobreviv\u00eancia do r\u00e1dio AM. Todos os sinais apontam para a diminui\u00e7\u00e3o da relev\u00e2ncia do AM na ind\u00fastria automobil\u00edstica, o que Markey argumenta que dificultaria transmitir informa\u00e7\u00f5es importantes \u00e0s pessoas durante uma emerg\u00eancia.<\/p>\n<blockquote class=\"wp-block-quote\">\n<p>\u201cMuitas montadoras est\u00e3o ignorando os benef\u00edcios cr\u00edticos de seguran\u00e7a do r\u00e1dio AM\u2026 Embora muitas montadoras sugiram que outras ferramentas de comunica\u00e7\u00e3o \u2013 como o r\u00e1dio na Internet \u2013 poderiam substituir a transmiss\u00e3o do r\u00e1dio AM, em uma emerg\u00eancia, os motoristas podem n\u00e3o ter acesso \u00e0 Internet e podem perder informa\u00e7\u00f5es cr\u00edticas de seguran\u00e7a.\u201d<\/p>\n<p><cite>Senador americano Ed Markey<\/cite><\/p><\/blockquote>\n<p>De acordo com o senador, o r\u00e1dio AM opera em frequ\u00eancias mais baixas e em comprimentos de onda mais longos, permitindo que ele passe por objetos s\u00f3lidos e viaje mais longe do que outras ondas de r\u00e1dio \u2013 um recurso n\u00e3o compartilhado pelas transmiss\u00f5es FM. Como resultado, o Sistema Nacional de Alerta P\u00fablico dos EUA da FEMA, por meio do qual a FEMA fornece alertas cr\u00edticos de seguran\u00e7a ao p\u00fablico, opera por meio de esta\u00e7\u00f5es de r\u00e1dio AM.<\/p>\n<h2>\u201cO r\u00e1dio AM \u00e9 insubstitu\u00edvel\u201d<\/h2>\n<p>O senador, que disse que \u201co r\u00e1dio AM \u00e9 insubstitu\u00edvel\u201d, n\u00e3o est\u00e1 sozinho em suas preocupa\u00e7\u00f5es sobre o futuro do r\u00e1dio AM. O comiss\u00e1rio da FCC, Nathan Simington, falou recentemente sobre sua import\u00e2ncia cont\u00ednua para a seguran\u00e7a p\u00fablica e argumentou a favor de continuar a incluir r\u00e1dios AM em ve\u00edculos el\u00e9tricos, apesar das alega\u00e7\u00f5es de interfer\u00eancia eletromagn\u00e9tica.<\/p>\n<p>\u201c\u00c0 medida que a ado\u00e7\u00e3o de ve\u00edculos el\u00e9tricos aumenta, n\u00e3o devemos deixar para tr\u00e1s aqueles nas \u00e1reas rurais que dependem do r\u00e1dio para suas not\u00edcias e alertas\u201d, disse Simington.<\/p>\n<p>No m\u00eas passado, um grupo de ex-gerentes da FEMA instou o secret\u00e1rio de Transporte Pete Buttigieg a buscar garantias da ind\u00fastria automobil\u00edstica de que o r\u00e1dio AM continuar\u00e1 sendo uma parte vital de suas ofertas de tecnologia no futuro.<\/p>\n<p>Mas como o r\u00e1dio AM continua a desaparecer dos ve\u00edculos, um ap\u00f3s o outro, n\u00e3o est\u00e1 claro se a ind\u00fastria est\u00e1 recebendo a mensagem.<\/p>\n<p>Com informa\u00e7\u00f5es: <a href=\"https:\/\/arstechnica.com\/cars\/2023\/03\/the-2024-ford-mustang-is-the-next-car-to-lose-am-radio\/\" target=\"_blank\" rel=\"noreferrer noopener\">Ars Technica<\/a><\/p>\n<p><strong>J\u00e1 assistiu aos novos v\u00eddeos no&nbsp;<a href=\"https:\/\/www.youtube.com\/channel\/UCGV72aVJuWP0QPNGH4YgIww\" target=\"_blank\" rel=\"noreferrer noopener\">YouTube<\/a>&nbsp;do Olhar Digital? Inscreva-se no canal!<\/strong><\/p>\n<p>O post <a rel=\"nofollow\" href=\"https:\/\/olhardigital.com.br\/2023\/03\/12\/carros-e-tecnologia\/carros-eletricos-nao-estao-recebendo-suporte-a-radio-am-entenda\/\">Carros el\u00e9tricos n\u00e3o est\u00e3o recebendo suporte \u00e0 r\u00e1dio AM; entenda<\/a> apareceu primeiro em <a rel=\"nofollow\" href=\"https:\/\/olhardigital.com.br\">Olhar Digital<\/a>.<\/p>\n<p><br \/>\n<br \/><a href=\"https:\/\/olhardigital.com.br\/2023\/03\/12\/carros-e-tecnologia\/carros-eletricos-nao-estao-recebendo-suporte-a-radio-am-entenda\/\">Fonte do Artigo <\/a><br \/>\nTags:<\/p>\n<p><a title=\"Gestor de Tr\u00e1fego\" href=\"https:\/\/www.gestor-de-trafego.com\/\" target=\"_blank\" rel=\"noopener\"><strong>Gestor de Tr\u00e1fego<\/strong><\/a><\/p>\n<p><a href=\"https:\/\/wiy.com.br\/noticias\/categoria\/tecnologia\/\">#tecnologia<\/a> <a href=\"https:\/\/wiy.com.br\/noticias\/categoria\/tecnologia\/\">#tecnologias<\/a> <a href=\"https:\/\/wiy.com.br\/noticias\/categoria\/tecnologia\/\">#technology<\/a> <a href=\"https:\/\/wiy.com.br\/noticias\/categoria\/tecnologia\/\">#tecnolog<\/a> <a href=\"https:\/\/wiy.com.br\/noticias\/categoria\/tecnologia\/\">#iphone<\/a> <a href=\"https:\/\/wiy.com.br\/noticias\/categoria\/tecnologia\/\">#informatica<\/a> <a href=\"https:\/\/wiy.com.br\/noticias\/categoria\/tecnologia\/\">#tech<\/a> <a href=\"https:\/\/wiy.com.br\/noticias\/categoria\/tecnologia\/\">#design<\/a> <a href=\"https:\/\/wiy.com.br\/noticias\/categoria\/tecnologia\/\">#samsung<\/a> <a href=\"https:\/\/wiy.com.br\/noticias\/categoria\/tecnologia\/\">#internet<\/a> <a href=\"https:\/\/wiy.com.br\/noticias\/categoria\/tecnologia\/\">#apple<\/a> <a href=\"https:\/\/wiy.com.br\/noticias\/categoria\/tecnologia\/\">#smartphone<\/a> <a href=\"https:\/\/wiy.com.br\/noticias\/categoria\/tecnologia\/\">#seguranca<\/a> <a href=\"https:\/\/wiy.com.br\/noticias\/categoria\/tecnologia\/\">#venezuela<\/a> <a href=\"https:\/\/wiy.com.br\/noticias\/categoria\/tecnologia\/\">#celular<\/a> <a href=\"https:\/\/wiy.com.br\/noticias\/categoria\/tecnologia\/\">#celulares<\/a> <a href=\"https:\/\/wiy.com.br\/noticias\/categoria\/tecnologia\/\">#inovar<\/a> <a href=\"https:\/\/wiy.com.br\/noticias\/categoria\/tecnologia\/\">#qualidade<\/a> <a href=\"https:\/\/wiy.com.br\/noticias\/categoria\/tecnologia\/\">#software<\/a> <a href=\"https:\/\/wiy.com.br\/noticias\/categoria\/tecnologia\/\">#empresas<\/a> <a href=\"https:\/\/wiy.com.br\/noticias\/categoria\/tecnologia\/\">#cursos<\/a> <a href=\"https:\/\/wiy.com.br\/noticias\/categoria\/tecnologia\/\">#engenharia<\/a> <a href=\"https:\/\/wiy.com.br\/noticias\/categoria\/tecnologia\/\">#industria<\/a> <a href=\"https:\/\/wiy.com.br\/noticias\/categoria\/tecnologia\/\">#marketing<\/a> <a href=\"https:\/\/wiy.com.br\/noticias\/categoria\/tecnologia\/\">#ti<\/a> <a href=\"https:\/\/wiy.com.br\/noticias\/categoria\/tecnologia\/\">#tecnoblog<\/a> <a href=\"https:\/\/wiy.com.br\/noticias\/categoria\/tecnologia\/\">#veja<\/a> <a href=\"https:\/\/wiy.com.br\/noticias\/categoria\/tecnologia\/\">#olhardigital<\/a> <a href=\"https:\/\/wiy.com.br\/noticias\/categoria\/tecnologia\/\">#mundodigital<\/a> <a href=\"https:\/\/wiy.com.br\/noticias\/categoria\/tecnologia\/\">#inteligenciaartificial<\/a> <a href=\"https:\/\/wiy.com.br\/criacao-de-sites\/\">#criar site<\/a> <a href=\"https:\/\/wiy.com.br\/criacao-de-sites\/\">#criar site curitiba<\/a> <a href=\"https:\/\/wiy.com.br\/criacao-de-sites\/\">#wiysolutions<\/a><\/p>\n<p><a href=\"https:\/\/www.comprar-cytotec.com\/\">#Comprar Cytotec<\/a><a href=\"https:\/\/www.cytotecfacil.com\/\">#Cytotec Comprar<\/a><a href=\"https:\/\/www.cytotecbrasil.org\/\">#Cytotec Brasil<\/a><br \/>\n#Carros #el\u00e9tricos #n\u00e3o #est\u00e3o #recebendo #suporte #r\u00e1dio #entenda<\/p>\n","protected":false},"excerpt":{"rendered":"<p>A r\u00e1dio AM est\u00e1 em risco, com mais e mais montadoras de carros descontinuando seu uso, especialmente porque a ind\u00fastria est\u00e1 passando por uma r\u00e1pida mudan\u00e7a para a eletrifica\u00e7\u00e3o. Legisladores e reguladores est\u00e3o preocupados que o lento desaparecimento do r\u00e1dio AM possa dificultar a transmiss\u00e3o de informa\u00e7\u00f5es de emerg\u00eancia durante um desastre natural ou outros [&hellip;]<\/p>\n","protected":false},"author":1,"featured_media":76876,"comment_status":"open","ping_status":"open","sticky":false,"template":"","format":"standard","meta":{"footnotes":""},"categories":[5],"tags":[],"class_list":["post-76875","post","type-post","status-publish","format-standard","has-post-thumbnail","hentry","category-tecnologia"],"_links":{"self":[{"href":"https:\/\/wiy.com.br\/noticias\/wp-json\/wp\/v2\/posts\/76875","targetHints":{"allow":["GET"]}}],"collection":[{"href":"https:\/\/wiy.com.br\/noticias\/wp-json\/wp\/v2\/posts"}],"about":[{"href":"https:\/\/wiy.com.br\/noticias\/wp-json\/wp\/v2\/types\/post"}],"author":[{"embeddable":true,"href":"https:\/\/wiy.com.br\/noticias\/wp-json\/wp\/v2\/users\/1"}],"replies":[{"embeddable":true,"href":"https:\/\/wiy.com.br\/noticias\/wp-json\/wp\/v2\/comments?post=76875"}],"version-history":[{"count":0,"href":"https:\/\/wiy.com.br\/noticias\/wp-json\/wp\/v2\/posts\/76875\/revisions"}],"wp:featuredmedia":[{"embeddable":true,"href":"https:\/\/wiy.com.br\/noticias\/wp-json\/wp\/v2\/media\/76876"}],"wp:attachment":[{"href":"https:\/\/wiy.com.br\/noticias\/wp-json\/wp\/v2\/media?parent=76875"}],"wp:term":[{"taxonomy":"category","embeddable":true,"href":"https:\/\/wiy.com.br\/noticias\/wp-json\/wp\/v2\/categories?post=76875"},{"taxonomy":"post_tag","embeddable":true,"href":"https:\/\/wiy.com.br\/noticias\/wp-json\/wp\/v2\/tags?post=76875"}],"curies":[{"name":"wp","href":"https:\/\/api.w.org\/{rel}","templated":true}]}}