{"id":76593,"date":"2023-02-26T15:52:22","date_gmt":"2023-02-26T18:52:22","guid":{"rendered":"https:\/\/wiy.com.br\/noticias\/oi-movel-tim-claro-e-vivo-desativam-milhoes-de-linhas-da-antiga-operadora\/"},"modified":"2023-02-17T17:01:06","modified_gmt":"2023-02-17T20:01:06","slug":"oi-movel-tim-claro-e-vivo-desativam-milhoes-de-linhas-da-antiga-operadora","status":"publish","type":"post","link":"https:\/\/wiy.com.br\/noticias\/oi-movel-tim-claro-e-vivo-desativam-milhoes-de-linhas-da-antiga-operadora\/","title":{"rendered":"Oi M\u00f3vel: Tim, Claro e Vivo desativam milh\u00f5es de linhas da antiga operadora"},"content":{"rendered":"<p> <br \/>\n<\/p>\n<p>As operadoras Tim, Claro e Vivo confirmaram o desligamento de <strong>cerca de 13 milh\u00f5es de linhas m\u00f3veis da Oi ao longo do ano passado<\/strong>, o montante corresponde a 31% do total de n\u00fameros de celular da <a href=\"https:\/\/olhardigital.com.br\/2023\/02\/09\/pro\/divida-bilionaria-oi-faz-pedido-de-recuperacao-judicial-nos-estados-unidos\/\" target=\"_blank\" rel=\"noreferrer noopener\">antiga concorrente<\/a>.<\/p>\n<ul>\n<li>A informa\u00e7\u00e3o foi divulgada pelas novas propriet\u00e1rias dos ativos m\u00f3veis da Oi no balan\u00e7o fiscal do quarto trimestre de 2022.<\/li>\n<li>At\u00e9 de dezembro, <strong>a Tim j\u00e1 havia cancelado 5,1 milh\u00f5es de linhas; a Claro 4,5 milh\u00f5es e a Vivo 3,4 milh\u00f5es<\/strong>.\u00a0<\/li>\n<li>Ao todo, das 41,8 milh\u00f5es de linhas da Oi, cerca de 28,8 milh\u00f5es permanecem ativas.<\/li>\n<\/ul>\n<p>Vale lembrar que a Tim foi quem ficou com a maioria das linhas vindas da Oi depois do neg\u00f3cio conclu\u00eddo em abril do ano passado: 16,4 milh\u00f5es. Quase um ter\u00e7o delas foi desativada por serem consideradas <strong>n\u00fameros inativos e que n\u00e3o geravam mais receita<\/strong>.<\/p>\n<p>Como comparativo, a Claro levou cerca de 12,9 milh\u00f5es de chips m\u00f3veis na opera\u00e7\u00e3o e foi quem desativou o maior percentual de linhas da sua base de clientes Oi M\u00f3vel no ano passado, cerca de 34%. J\u00e1 a Vivo, que ficou com 12,5 milh\u00f5es de chips, desativou 27% das linhas. <\/p>\n<p><strong>Leia mais:<\/strong><\/p>\n<ul>\n<li><a href=\"https:\/\/olhardigital.com.br\/2023\/02\/15\/pro\/qual-e-a-operadora-com-a-internet-mais-rapida-do-brasil\/\" target=\"_blank\" rel=\"noreferrer noopener\">Qual \u00e9 a operadora com a internet mais r\u00e1pida do Brasil?<\/a><\/li>\n<li><a href=\"https:\/\/olhardigital.com.br\/2023\/02\/14\/dicas-e-tutoriais\/como-cobrar-pela-velocidade-minima-de-internet-do-seu-provedor\/\" target=\"_blank\" rel=\"noreferrer noopener\">Como cobrar seu provedor pela velocidade m\u00ednima de internet<\/a><\/li>\n<li><a href=\"https:\/\/olhardigital.com.br\/2023\/02\/09\/pro\/divida-bilionaria-oi-faz-pedido-de-recuperacao-judicial-nos-estados-unidos\/\" target=\"_blank\" rel=\"noreferrer noopener\">D\u00edvida bilion\u00e1ria: Oi faz pedido de recupera\u00e7\u00e3o judicial nos Estados Unidos<\/a><\/li>\n<\/ul>\n<h2 id=\"h-motivo-dos-cancelamentos\">Motivo dos cancelamentos<\/h2>\n<p>A decis\u00e3o aconteceu ap\u00f3s as operadoras suspeitaram que a Oi poderia ter \u201cinflando\u201d a sua base de clientes. Segundo o CEO da TIM, Alberto Griselli, isso acabou se confirmando ap\u00f3s a negocia\u00e7\u00e3o, mas n\u00e3o vai gerar impactos graves.\u00a0<\/p>\n<p>Ainda assim, \u00e9 importante destacar que o desencontro nos dados <strong>pode gerar um reajuste na ordem de R$ 3 bilh\u00f5es nos R$ 16,5 bilh\u00f5es pedido pelos ativos da Oi<\/strong>.<\/p>\n<p><em>Imagem principal: Brenda Rocha &#8211; Blossom\/Shutterstock<\/em><\/p>\n<p>Via: <a href=\"https:\/\/teletime.com.br\/17\/02\/2023\/tim-claro-e-vivo-desligaram-13-milhoes-de-linhas-adquiridas-da-oi-movel\/\" target=\"_blank\" rel=\"noreferrer noopener\">Teletime<\/a><\/p>\n<p><strong>J\u00e1 assistiu aos novos v\u00eddeos no&nbsp;<a href=\"http:\/\/www.youtube.com\/channel\/UCGV72aVJuWP0QPNGH4YgIww?sub_confirmation=1\" target=\"_blank\" rel=\"noreferrer noopener\">YouTube<\/a>&nbsp;do Olhar Digital? Inscreva-se no canal!<\/strong><\/p>\n<p>O post <a rel=\"nofollow\" href=\"https:\/\/olhardigital.com.br\/2023\/02\/17\/pro\/oi-movel-tim-claro-e-vivo-desativam-milhoes-de-linhas-da-antiga-operadora\/\">Oi M\u00f3vel: Tim, Claro e Vivo desativam milh\u00f5es de linhas da antiga operadora<\/a> apareceu primeiro em <a rel=\"nofollow\" href=\"https:\/\/olhardigital.com.br\">Olhar Digital<\/a>.<\/p>\n<p><br \/>\n<br \/><a href=\"https:\/\/olhardigital.com.br\/2023\/02\/17\/pro\/oi-movel-tim-claro-e-vivo-desativam-milhoes-de-linhas-da-antiga-operadora\/\">Fonte do Artigo <\/a><br \/>\nTags:<\/p>\n<p><a title=\"Gestor de Tr\u00e1fego\" href=\"https:\/\/www.gestor-de-trafego.com\/\" target=\"_blank\" rel=\"noopener\"><strong>Gestor de Tr\u00e1fego<\/strong><\/a><\/p>\n<p><a href=\"https:\/\/wiy.com.br\/noticias\/categoria\/tecnologia\/\">#tecnologia<\/a> <a href=\"https:\/\/wiy.com.br\/noticias\/categoria\/tecnologia\/\">#tecnologias<\/a> <a href=\"https:\/\/wiy.com.br\/noticias\/categoria\/tecnologia\/\">#technology<\/a> <a href=\"https:\/\/wiy.com.br\/noticias\/categoria\/tecnologia\/\">#tecnolog<\/a> <a href=\"https:\/\/wiy.com.br\/noticias\/categoria\/tecnologia\/\">#iphone<\/a> <a href=\"https:\/\/wiy.com.br\/noticias\/categoria\/tecnologia\/\">#informatica<\/a> <a href=\"https:\/\/wiy.com.br\/noticias\/categoria\/tecnologia\/\">#tech<\/a> <a href=\"https:\/\/wiy.com.br\/noticias\/categoria\/tecnologia\/\">#design<\/a> <a href=\"https:\/\/wiy.com.br\/noticias\/categoria\/tecnologia\/\">#samsung<\/a> <a href=\"https:\/\/wiy.com.br\/noticias\/categoria\/tecnologia\/\">#internet<\/a> <a href=\"https:\/\/wiy.com.br\/noticias\/categoria\/tecnologia\/\">#apple<\/a> <a href=\"https:\/\/wiy.com.br\/noticias\/categoria\/tecnologia\/\">#smartphone<\/a> <a href=\"https:\/\/wiy.com.br\/noticias\/categoria\/tecnologia\/\">#seguranca<\/a> <a href=\"https:\/\/wiy.com.br\/noticias\/categoria\/tecnologia\/\">#venezuela<\/a> <a href=\"https:\/\/wiy.com.br\/noticias\/categoria\/tecnologia\/\">#celular<\/a> <a href=\"https:\/\/wiy.com.br\/noticias\/categoria\/tecnologia\/\">#celulares<\/a> <a href=\"https:\/\/wiy.com.br\/noticias\/categoria\/tecnologia\/\">#inovar<\/a> <a href=\"https:\/\/wiy.com.br\/noticias\/categoria\/tecnologia\/\">#qualidade<\/a> <a href=\"https:\/\/wiy.com.br\/noticias\/categoria\/tecnologia\/\">#software<\/a> <a href=\"https:\/\/wiy.com.br\/noticias\/categoria\/tecnologia\/\">#empresas<\/a> <a href=\"https:\/\/wiy.com.br\/noticias\/categoria\/tecnologia\/\">#cursos<\/a> <a href=\"https:\/\/wiy.com.br\/noticias\/categoria\/tecnologia\/\">#engenharia<\/a> <a href=\"https:\/\/wiy.com.br\/noticias\/categoria\/tecnologia\/\">#industria<\/a> <a href=\"https:\/\/wiy.com.br\/noticias\/categoria\/tecnologia\/\">#marketing<\/a> <a href=\"https:\/\/wiy.com.br\/noticias\/categoria\/tecnologia\/\">#ti<\/a> <a href=\"https:\/\/wiy.com.br\/noticias\/categoria\/tecnologia\/\">#tecnoblog<\/a> <a href=\"https:\/\/wiy.com.br\/noticias\/categoria\/tecnologia\/\">#veja<\/a> <a href=\"https:\/\/wiy.com.br\/noticias\/categoria\/tecnologia\/\">#olhardigital<\/a> <a href=\"https:\/\/wiy.com.br\/noticias\/categoria\/tecnologia\/\">#mundodigital<\/a> <a href=\"https:\/\/wiy.com.br\/noticias\/categoria\/tecnologia\/\">#inteligenciaartificial<\/a> <a href=\"https:\/\/wiy.com.br\/criacao-de-sites\/\">#criar site<\/a> <a href=\"https:\/\/wiy.com.br\/criacao-de-sites\/\">#criar site curitiba<\/a> <a href=\"https:\/\/wiy.com.br\/criacao-de-sites\/\">#wiysolutions<\/a><\/p>\n","protected":false},"excerpt":{"rendered":"<p>As operadoras Tim, Claro e Vivo confirmaram o desligamento de cerca de 13 milh\u00f5es de linhas m\u00f3veis da Oi ao longo do ano passado, o montante corresponde a 31% do total de n\u00fameros de celular da antiga concorrente. A informa\u00e7\u00e3o foi divulgada pelas novas propriet\u00e1rias dos ativos m\u00f3veis da Oi no balan\u00e7o fiscal do quarto [&hellip;]<\/p>\n","protected":false},"author":1,"featured_media":0,"comment_status":"open","ping_status":"open","sticky":false,"template":"","format":"standard","meta":{"footnotes":""},"categories":[5],"tags":[],"class_list":["post-76593","post","type-post","status-publish","format-standard","hentry","category-tecnologia"],"_links":{"self":[{"href":"https:\/\/wiy.com.br\/noticias\/wp-json\/wp\/v2\/posts\/76593","targetHints":{"allow":["GET"]}}],"collection":[{"href":"https:\/\/wiy.com.br\/noticias\/wp-json\/wp\/v2\/posts"}],"about":[{"href":"https:\/\/wiy.com.br\/noticias\/wp-json\/wp\/v2\/types\/post"}],"author":[{"embeddable":true,"href":"https:\/\/wiy.com.br\/noticias\/wp-json\/wp\/v2\/users\/1"}],"replies":[{"embeddable":true,"href":"https:\/\/wiy.com.br\/noticias\/wp-json\/wp\/v2\/comments?post=76593"}],"version-history":[{"count":0,"href":"https:\/\/wiy.com.br\/noticias\/wp-json\/wp\/v2\/posts\/76593\/revisions"}],"wp:attachment":[{"href":"https:\/\/wiy.com.br\/noticias\/wp-json\/wp\/v2\/media?parent=76593"}],"wp:term":[{"taxonomy":"category","embeddable":true,"href":"https:\/\/wiy.com.br\/noticias\/wp-json\/wp\/v2\/categories?post=76593"},{"taxonomy":"post_tag","embeddable":true,"href":"https:\/\/wiy.com.br\/noticias\/wp-json\/wp\/v2\/tags?post=76593"}],"curies":[{"name":"wp","href":"https:\/\/api.w.org\/{rel}","templated":true}]}}